{"id":1176,"date":"2019-12-10T11:56:25","date_gmt":"2019-12-10T10:56:25","guid":{"rendered":"https:\/\/agora.xtec.cat\/ceipfmacia-orrius\/?p=1176"},"modified":"2020-03-22T12:14:45","modified_gmt":"2020-03-22T11:14:45","slug":"hello-oliver","status":"publish","type":"post","link":"https:\/\/agora.xtec.cat\/ceipfmacia-orrius\/cm\/llops\/hello-oliver\/","title":{"rendered":"HELLO OLIVER!"},"content":{"rendered":"<p>Christmas is just round the corner! And these days the Minions and Mafalda have welcomed a new colleague! An ELF! He&#8217;s Oliver and he lives in the North Pole trying to find a job that suits him. Considering that he&#8217;s so little we don&#8217;t know if he&#8217;ll find an appropriate worhshop&#8230;.<\/p>\n<p>With his help we take advantage to practice physical descriptions using HAVE\/HAS GOT and revising TO BE WEARING. We&#8217;ve also got to know Oliver&#8217;s friends! We play Guess Who in so many different ways and we wouldn&#8217;t stop!<\/p>\n<p>&#8230;<\/p>\n<p><em>Tenim el Nadal ben a prop! i aquests dies, els Minions i MAfalda hem donat la benvinguda a un nou company: Un ELF! \u00c9s l&#8217;Oliver i viu al Pol Nord intentant trobar una feina que li vagi b\u00e9. Tenint en compte que \u00e9s molt petit, no sabem si trobar\u00e0 un taller adequat&#8230;<\/em><\/p>\n<p><em>Amb la seva ajuda hem aprofitat per a practicar els descripcions f\u00edsiques fent servir el verb HAVE\/HAS GOT i repassant el TO BE WEARING. Tamb\u00e9 hem conegut els amics de l&#8217;Oliver! Juguem a &#8220;Qui \u00e9s qui?&#8221; de moltes maneres diferents, i no parar\u00edem mai!<\/em><\/p>\n<p style=\"text-align: center;\"><span style=\"text-decoration: underline;\"><strong>FEU CLIC A LA IMATGE PER A ACCEDIR A LA GALERIA DE FOTOS<\/strong><\/span><\/p>\n<p><a href=\"https:\/\/photos.app.goo.gl\/JXN6J3nnYm6HZtzu9\"><img loading=\"lazy\" decoding=\"async\" class=\" wp-image-1185 aligncenter\" src=\"https:\/\/agora.xtec.cat\/ceipfmacia-orrius\/wp-content\/uploads\/usu2067\/2020\/03\/portada-littlest-elf-e1584875495786-225x300.jpg\" alt=\"\" width=\"246\" height=\"328\" srcset=\"https:\/\/agora.xtec.cat\/ceipfmacia-orrius\/wp-content\/uploads\/usu2067\/2020\/03\/portada-littlest-elf-e1584875495786-225x300.jpg 225w, https:\/\/agora.xtec.cat\/ceipfmacia-orrius\/wp-content\/uploads\/usu2067\/2020\/03\/portada-littlest-elf-e1584875495786-768x1024.jpg 768w\" sizes=\"auto, (max-width: 246px) 100vw, 246px\" \/><\/a><\/p>\n<p>&nbsp;<\/p>\n","protected":false},"excerpt":{"rendered":"<p>Christmas is just round the corner! And these days the Minions and Mafalda have welcomed a new colleague! An ELF! He&#8217;s Oliver and he lives in the North Pole trying to find a job that suits him. Considering that he&#8217;s so little we don&#8217;t know&hellip;  <a href=\"https:\/\/agora.xtec.cat\/ceipfmacia-orrius\/cm\/llops\/hello-oliver\/\" title=\"Read HELLO OLIVER!\">Llegeix m\u00e9s\u00bb<\/a><\/p>\n","protected":false},"author":8,"featured_media":1185,"comment_status":"open","ping_status":"closed","sticky":false,"template":"","format":"standard","meta":{"_bbp_topic_count":0,"_bbp_reply_count":0,"_bbp_total_topic_count":0,"_bbp_total_reply_count":0,"_bbp_voice_count":0,"_bbp_anonymous_reply_count":0,"_bbp_topic_count_hidden":0,"_bbp_reply_count_hidden":0,"_bbp_forum_subforum_count":0,"footnotes":""},"categories":[69,12,13],"tags":[98,79,85],"class_list":["post-1176","post","type-post","status-publish","format-standard","has-post-thumbnail","hentry","category-angles","category-llops","category-mascotes-olimpiques","tag-christmas","tag-english","tag-storytelling"],"post_mailing_queue_ids":[],"_links":{"self":[{"href":"https:\/\/agora.xtec.cat\/ceipfmacia-orrius\/wp-json\/wp\/v2\/posts\/1176","targetHints":{"allow":["GET"]}}],"collection":[{"href":"https:\/\/agora.xtec.cat\/ceipfmacia-orrius\/wp-json\/wp\/v2\/posts"}],"about":[{"href":"https:\/\/agora.xtec.cat\/ceipfmacia-orrius\/wp-json\/wp\/v2\/types\/post"}],"author":[{"embeddable":true,"href":"https:\/\/agora.xtec.cat\/ceipfmacia-orrius\/wp-json\/wp\/v2\/users\/8"}],"replies":[{"embeddable":true,"href":"https:\/\/agora.xtec.cat\/ceipfmacia-orrius\/wp-json\/wp\/v2\/comments?post=1176"}],"version-history":[{"count":1,"href":"https:\/\/agora.xtec.cat\/ceipfmacia-orrius\/wp-json\/wp\/v2\/posts\/1176\/revisions"}],"predecessor-version":[{"id":1187,"href":"https:\/\/agora.xtec.cat\/ceipfmacia-orrius\/wp-json\/wp\/v2\/posts\/1176\/revisions\/1187"}],"wp:featuredmedia":[{"embeddable":true,"href":"https:\/\/agora.xtec.cat\/ceipfmacia-orrius\/wp-json\/wp\/v2\/media\/1185"}],"wp:attachment":[{"href":"https:\/\/agora.xtec.cat\/ceipfmacia-orrius\/wp-json\/wp\/v2\/media?parent=1176"}],"wp:term":[{"taxonomy":"category","embeddable":true,"href":"https:\/\/agora.xtec.cat\/ceipfmacia-orrius\/wp-json\/wp\/v2\/categories?post=1176"},{"taxonomy":"post_tag","embeddable":true,"href":"https:\/\/agora.xtec.cat\/ceipfmacia-orrius\/wp-json\/wp\/v2\/tags?post=1176"}],"curies":[{"name":"wp","href":"https:\/\/api.w.org\/{rel}","templated":true}]}}