{"id":1138,"date":"2020-02-03T12:45:29","date_gmt":"2020-02-03T11:45:29","guid":{"rendered":"https:\/\/agora.xtec.cat\/ceipfmacia-orrius\/?p=1138"},"modified":"2020-03-21T12:49:55","modified_gmt":"2020-03-21T11:49:55","slug":"treballem-en-equip","status":"publish","type":"post","link":"https:\/\/agora.xtec.cat\/ceipfmacia-orrius\/ci\/anelles-olimpiques\/treballem-en-equip\/","title":{"rendered":"TREBALLEM EN EQUIP"},"content":{"rendered":"<p><a href=\"https:\/\/photos.app.goo.gl\/A1JwF8eLUgTkvW7Y7\"><img loading=\"lazy\" decoding=\"async\" class=\"wp-image-1139 aligncenter\" src=\"https:\/\/agora.xtec.cat\/ceipfmacia-orrius\/wp-content\/uploads\/usu2067\/2020\/03\/portada-treball-en-equip-1024x759.jpg\" alt=\"\" width=\"243\" height=\"180\" srcset=\"https:\/\/agora.xtec.cat\/ceipfmacia-orrius\/wp-content\/uploads\/usu2067\/2020\/03\/portada-treball-en-equip-1024x759.jpg 1024w, https:\/\/agora.xtec.cat\/ceipfmacia-orrius\/wp-content\/uploads\/usu2067\/2020\/03\/portada-treball-en-equip-300x222.jpg 300w, https:\/\/agora.xtec.cat\/ceipfmacia-orrius\/wp-content\/uploads\/usu2067\/2020\/03\/portada-treball-en-equip-768x569.jpg 768w\" sizes=\"auto, (max-width: 243px) 100vw, 243px\" \/><\/a><\/p>\n<p><span style=\"font-weight: 400;\">No ho sabeu que la uni\u00f3 fa la for\u00e7a? Doncs aix\u00f2 \u00e9s exactament el qu\u00e8 aconseguim amb els nostres treballs en grup en diferents moments del dia i dins de diferents \u00e0rees. Els exemples que veureu a continuaci\u00f3, tots fan refer\u00e8ncia a l\u2019\u00e0rea de projecte, ja que \u00e9s un dels espais on m\u00e9s desenvolupem aquest tipus d\u2019agrupament entre nosaltres. Per fer els grups, no ens trenquem massa el cap, treballem per grups taula, i no \u00e9s un problema, ja que fem canvis de lloc una vegada al mes.\u00a0<\/span><\/p>\n<p><span style=\"font-weight: 400;\">Treballar en grup ens permet cr\u00e9ixer en molts aspectes diferents, per una banda est\u00e0 el saber treballar amb tothom, sabent que tots som diferents, amb idees diferents, i que haurem d\u2019emprar eines i mesures per arribar a consensos i acords. Per altra banda, est\u00e0 el tema dels rols que assumim dins el grup, i els objectius que ens posen sempre els mestres, s\u00f3n el companyerisme, la repartici\u00f3 de tasques, que tothom participi i el respecte. Aix\u00ed que la feina ha de sortir endavant i tots hem d\u2019haver aportat el nostre granet de sorra, i no mentirem, al principi costa molt, sovint acabem enfadats, per\u00f2 a mesura que anem practicant aquesta agrupaci\u00f3, ens avenim i entenem m\u00e9s i ens adonem que la feina surt m\u00e9s f\u00e0cil.<\/span><\/p>\n<p><span style=\"font-weight: 400;\">A continuaci\u00f3 veureu unes fotografies de diferents moments que hem treballat en grups, els treballs que estem realitzant s\u00f3n:<\/span><\/p>\n<ul>\n<li style=\"font-weight: 400;\"><span style=\"font-weight: 400;\">Per parelles, difer\u00e8ncies i semblances entre dos tipus d\u2019habitatge diferents.<\/span><\/li>\n<li style=\"font-weight: 400;\"><span style=\"font-weight: 400;\">Per taules, relaci\u00f3 d\u2019habitatges: fotografia i nom.<\/span><\/li>\n<li style=\"font-weight: 400;\"><span style=\"font-weight: 400;\">Per parelles i taules despr\u00e9s, quines cases hem conegut d\u2019arreu del m\u00f3n i a quin continent les situem.<\/span><\/li>\n<li style=\"font-weight: 400;\"><span style=\"font-weight: 400;\">Per taules: caracter\u00edstiques dels habitatges d\u2019un continent en concret.<\/span><\/li>\n<\/ul>\n<p><span style=\"font-weight: 400;\">Esperem que gaudiu de les fotografies i que a les vostres feines, tamb\u00e9 empreu el treball en equip arribant a solucions i resolucions f\u00e0cils i r\u00e0pides. Sempre ens podeu demanar ajut!<\/span><\/p>\n<p style=\"text-align: center;\"><span style=\"text-decoration: underline;\"><strong>FEU CLIC A LA IMATGE PER A ACCEDIR A LA GALERIA DE FOTOS<\/strong><\/span><\/p>\n<p><a href=\"https:\/\/photos.app.goo.gl\/A1JwF8eLUgTkvW7Y7\"><img loading=\"lazy\" decoding=\"async\" class=\"wp-image-1139 aligncenter\" src=\"https:\/\/agora.xtec.cat\/ceipfmacia-orrius\/wp-content\/uploads\/usu2067\/2020\/03\/portada-treball-en-equip-1024x759.jpg\" alt=\"\" width=\"483\" height=\"358\" srcset=\"https:\/\/agora.xtec.cat\/ceipfmacia-orrius\/wp-content\/uploads\/usu2067\/2020\/03\/portada-treball-en-equip-1024x759.jpg 1024w, https:\/\/agora.xtec.cat\/ceipfmacia-orrius\/wp-content\/uploads\/usu2067\/2020\/03\/portada-treball-en-equip-300x222.jpg 300w, https:\/\/agora.xtec.cat\/ceipfmacia-orrius\/wp-content\/uploads\/usu2067\/2020\/03\/portada-treball-en-equip-768x569.jpg 768w\" sizes=\"auto, (max-width: 483px) 100vw, 483px\" \/><\/a><\/p>\n","protected":false},"excerpt":{"rendered":"<p><a href=\"https:\/\/photos.app.goo.gl\/A1JwF8eLUgTkvW7Y7\"><\/a><br \/>\nNo ho sabeu que la uni\u00f3 fa la for\u00e7a? Doncs aix\u00f2 \u00e9s exactament el qu\u00e8 aconseguim amb els nostres treballs en grup en diferents moments del dia i dins de diferents \u00e0rees. Els exemples que veureu a continuaci\u00f3, tots fan refer\u00e8ncia a l\u2019\u00e0rea de&hellip;  <a href=\"https:\/\/agora.xtec.cat\/ceipfmacia-orrius\/ci\/anelles-olimpiques\/treballem-en-equip\/\" title=\"Read TREBALLEM EN EQUIP\">Llegeix m\u00e9s\u00bb<\/a><\/p>\n","protected":false},"author":5,"featured_media":1139,"comment_status":"open","ping_status":"closed","sticky":false,"template":"","format":"standard","meta":{"_bbp_topic_count":0,"_bbp_reply_count":0,"_bbp_total_topic_count":0,"_bbp_total_reply_count":0,"_bbp_voice_count":0,"_bbp_anonymous_reply_count":0,"_bbp_topic_count_hidden":0,"_bbp_reply_count_hidden":0,"_bbp_forum_subforum_count":0,"footnotes":""},"categories":[10],"tags":[95],"class_list":["post-1138","post","type-post","status-publish","format-standard","has-post-thumbnail","hentry","category-anelles-olimpiques","tag-treball-en-equip"],"post_mailing_queue_ids":[],"_links":{"self":[{"href":"https:\/\/agora.xtec.cat\/ceipfmacia-orrius\/wp-json\/wp\/v2\/posts\/1138","targetHints":{"allow":["GET"]}}],"collection":[{"href":"https:\/\/agora.xtec.cat\/ceipfmacia-orrius\/wp-json\/wp\/v2\/posts"}],"about":[{"href":"https:\/\/agora.xtec.cat\/ceipfmacia-orrius\/wp-json\/wp\/v2\/types\/post"}],"author":[{"embeddable":true,"href":"https:\/\/agora.xtec.cat\/ceipfmacia-orrius\/wp-json\/wp\/v2\/users\/5"}],"replies":[{"embeddable":true,"href":"https:\/\/agora.xtec.cat\/ceipfmacia-orrius\/wp-json\/wp\/v2\/comments?post=1138"}],"version-history":[{"count":1,"href":"https:\/\/agora.xtec.cat\/ceipfmacia-orrius\/wp-json\/wp\/v2\/posts\/1138\/revisions"}],"predecessor-version":[{"id":1140,"href":"https:\/\/agora.xtec.cat\/ceipfmacia-orrius\/wp-json\/wp\/v2\/posts\/1138\/revisions\/1140"}],"wp:featuredmedia":[{"embeddable":true,"href":"https:\/\/agora.xtec.cat\/ceipfmacia-orrius\/wp-json\/wp\/v2\/media\/1139"}],"wp:attachment":[{"href":"https:\/\/agora.xtec.cat\/ceipfmacia-orrius\/wp-json\/wp\/v2\/media?parent=1138"}],"wp:term":[{"taxonomy":"category","embeddable":true,"href":"https:\/\/agora.xtec.cat\/ceipfmacia-orrius\/wp-json\/wp\/v2\/categories?post=1138"},{"taxonomy":"post_tag","embeddable":true,"href":"https:\/\/agora.xtec.cat\/ceipfmacia-orrius\/wp-json\/wp\/v2\/tags?post=1138"}],"curies":[{"name":"wp","href":"https:\/\/api.w.org\/{rel}","templated":true}]}}