{"id":1135,"date":"2019-11-25T12:41:03","date_gmt":"2019-11-25T11:41:03","guid":{"rendered":"https:\/\/agora.xtec.cat\/ceipfmacia-orrius\/?p=1135"},"modified":"2020-03-21T12:45:14","modified_gmt":"2020-03-21T11:45:14","slug":"racons-matematics-innovamat","status":"publish","type":"post","link":"https:\/\/agora.xtec.cat\/ceipfmacia-orrius\/ci\/anelles-olimpiques\/racons-matematics-innovamat\/","title":{"rendered":"RACONS MATEM\u00c0TICS: INNOVAMAT"},"content":{"rendered":"<p><a href=\"https:\/\/photos.app.goo.gl\/A97wcNgwXjKAeuMD7\"><img loading=\"lazy\" decoding=\"async\" class=\"wp-image-1136 aligncenter\" src=\"https:\/\/agora.xtec.cat\/ceipfmacia-orrius\/wp-content\/uploads\/usu2067\/2020\/03\/PORTADA-personatges-innovamat-1024x725.jpg\" alt=\"\" width=\"281\" height=\"199\" srcset=\"https:\/\/agora.xtec.cat\/ceipfmacia-orrius\/wp-content\/uploads\/usu2067\/2020\/03\/PORTADA-personatges-innovamat-1024x725.jpg 1024w, https:\/\/agora.xtec.cat\/ceipfmacia-orrius\/wp-content\/uploads\/usu2067\/2020\/03\/PORTADA-personatges-innovamat-300x212.jpg 300w, https:\/\/agora.xtec.cat\/ceipfmacia-orrius\/wp-content\/uploads\/usu2067\/2020\/03\/PORTADA-personatges-innovamat-768x543.jpg 768w, https:\/\/agora.xtec.cat\/ceipfmacia-orrius\/wp-content\/uploads\/usu2067\/2020\/03\/PORTADA-personatges-innovamat.jpg 2048w\" sizes=\"auto, (max-width: 281px) 100vw, 281px\" \/><\/a><\/p>\n<p><span style=\"font-weight: 400;\">Aquest any, cicle inicial de l\u2019escola s\u2019ha iniciat en un nou projecte matem\u00e0tic, anomenat Innovamat. No \u00e9s que sigui un canvi molt gran, respecte la manera de treballar de l\u2019escola, ja que la majoria del material manipulatiu que ofereix Innovamat, l\u2019escola ja l\u2019utilitzava. El canvi, es nota en l\u2019estructuraci\u00f3 dels continguts i les sessions que s\u2019ofereixen.<\/span><\/p>\n<p><span style=\"font-weight: 400;\">Els alumnes compten amb 4 sessions de racons a la setmana, on es divideix el grup en 4 subgrups i cadasc\u00fa, un dia de la setmana, fa un dels 4 racons diferents, \u00e9s a dir, al final de la setmana, hauran fet els 4 racons diferents.<\/span><\/p>\n<p><span style=\"font-weight: 400;\">Els 4 racons que tenim, s\u00f3n:<\/span><\/p>\n<p>&nbsp;<\/p>\n<ul>\n<li><b>Rac\u00f3 de llengua:<span style=\"font-weight: 400;\"> Consci\u00e8ncia fonol\u00f2gica on es treballa el<\/span> <span style=\"font-weight: 400;\">reconeixement i relaci\u00f3 so-grafia, normes ortogr\u00e0fiques b\u00e0siques, jocs, &#8230;<\/span><\/b><\/li>\n<\/ul>\n<ul>\n<li>\u201cl\u00f3gico\u201d <span style=\"font-weight: 400;\">els alumnes treballen individualment amb fitxes majorit\u00e0riament de llengua, autocorregibles. Tamb\u00e9, al finalitzar tenen un full on han de recollir l\u2019autoavaluaci\u00f3 del qu\u00e8 han treballat en cada fitxa. Aquest rac\u00f3 \u00e9s alternable amb el rac\u00f3 de la plataforma.<\/span><\/li>\n<\/ul>\n<ul>\n<li>Plataforma B-MATH (Innovamat),<span style=\"font-weight: 400;\"> el vam comen\u00e7ar el mes de novembre, \u00e9s un recull de les diferents activitats que els alumnes treballen en els racons de matem\u00e0tiques, tant d\u2019aventures com de laboratori de nombres, i que practiquen digital i individualment,\u00a0 tot creant una ciutat amb l\u2019evoluci\u00f3 dels seus aprenentatges. Aquest segon trimestre han treballat molt aut\u00f2nomament.<\/span><\/li>\n<\/ul>\n<ul>\n<li>Laboratori de nombres \u2013 numeraci\u00f3 i c\u00e0lcul (Innovamat):<span style=\"font-weight: 400;\"> Treballa el bloc de continguts de numeraci\u00f3 i c\u00e0lcul. Fomenta la descoberta i construcci\u00f3 d\u2019estrat\u00e8gies. Presenta els continguts als alumnes ben seq\u00fcenciats: comptatge ac\u00fastic, comptatge resultatiu, sumes, restes, descomposar, classificar, fer paquets, &#8230; Arriba als algoritmes de manera transparent, no mecanitzant-los. Sumem i restem fent salts, descomposant els n\u00fameros, collarets, trens, cubs, reglets, &#8230; Fem \u00fas de les applets de la plataforma B-MATH i de l\u2019entorn manipulatiu.<\/span><\/li>\n<\/ul>\n<ul>\n<li>Aventures (Innovamat):<span style=\"font-weight: 400;\"> Treball a partir de reptes dels blocs de continguts com espai i forma (geometria), relacions i canvi, mesura i estad\u00edstica i atzar.\u00das de materials manipulatius, instruments de mesura, PDF\u2019s, v\u00eddeos de les aventures dels personatges, applets, \u2026 Els alumnes compten amb un quadern on es troben el repte del dia.<\/span><\/li>\n<\/ul>\n<p>&nbsp;<\/p>\n<p><span style=\"font-weight: 400;\">A continuaci\u00f3, us deixem algunes fotografies de moments en qu\u00e8 ens trobem fent racons treballant Innovamat, esperem que les gaudiu.<\/span><\/p>\n<p style=\"text-align: center;\"><span style=\"text-decoration: underline;\"><strong>FEU CLIC A LA IMATGE PER A ACCEDIR A LA GALERIA DE FOTOS<\/strong><\/span><\/p>\n<p><a href=\"https:\/\/photos.app.goo.gl\/A97wcNgwXjKAeuMD7\"><img loading=\"lazy\" decoding=\"async\" class=\"wp-image-1136 aligncenter\" src=\"https:\/\/agora.xtec.cat\/ceipfmacia-orrius\/wp-content\/uploads\/usu2067\/2020\/03\/PORTADA-personatges-innovamat-1024x725.jpg\" alt=\"\" width=\"477\" height=\"338\" srcset=\"https:\/\/agora.xtec.cat\/ceipfmacia-orrius\/wp-content\/uploads\/usu2067\/2020\/03\/PORTADA-personatges-innovamat-1024x725.jpg 1024w, https:\/\/agora.xtec.cat\/ceipfmacia-orrius\/wp-content\/uploads\/usu2067\/2020\/03\/PORTADA-personatges-innovamat-300x212.jpg 300w, https:\/\/agora.xtec.cat\/ceipfmacia-orrius\/wp-content\/uploads\/usu2067\/2020\/03\/PORTADA-personatges-innovamat-768x543.jpg 768w, https:\/\/agora.xtec.cat\/ceipfmacia-orrius\/wp-content\/uploads\/usu2067\/2020\/03\/PORTADA-personatges-innovamat.jpg 2048w\" sizes=\"auto, (max-width: 477px) 100vw, 477px\" \/><\/a><\/p>\n","protected":false},"excerpt":{"rendered":"<p><a href=\"https:\/\/photos.app.goo.gl\/A97wcNgwXjKAeuMD7\"><\/a><br \/>\nAquest any, cicle inicial de l\u2019escola s\u2019ha iniciat en un nou projecte matem\u00e0tic, anomenat Innovamat. No \u00e9s que sigui un canvi molt gran, respecte la manera de treballar de l\u2019escola, ja que la majoria del material manipulatiu que ofereix Innovamat, l\u2019escola ja l\u2019utilitzava. El&hellip;  <a href=\"https:\/\/agora.xtec.cat\/ceipfmacia-orrius\/ci\/anelles-olimpiques\/racons-matematics-innovamat\/\" title=\"Read RACONS MATEM\u00c0TICS: INNOVAMAT\">Llegeix m\u00e9s\u00bb<\/a><\/p>\n","protected":false},"author":5,"featured_media":1136,"comment_status":"open","ping_status":"closed","sticky":false,"template":"","format":"standard","meta":{"_bbp_topic_count":0,"_bbp_reply_count":0,"_bbp_total_topic_count":0,"_bbp_total_reply_count":0,"_bbp_voice_count":0,"_bbp_anonymous_reply_count":0,"_bbp_topic_count_hidden":0,"_bbp_reply_count_hidden":0,"_bbp_forum_subforum_count":0,"footnotes":""},"categories":[10],"tags":[93,92,94],"class_list":["post-1135","post","type-post","status-publish","format-standard","has-post-thumbnail","hentry","category-anelles-olimpiques","tag-innovamat","tag-mates","tag-racons"],"post_mailing_queue_ids":[],"_links":{"self":[{"href":"https:\/\/agora.xtec.cat\/ceipfmacia-orrius\/wp-json\/wp\/v2\/posts\/1135","targetHints":{"allow":["GET"]}}],"collection":[{"href":"https:\/\/agora.xtec.cat\/ceipfmacia-orrius\/wp-json\/wp\/v2\/posts"}],"about":[{"href":"https:\/\/agora.xtec.cat\/ceipfmacia-orrius\/wp-json\/wp\/v2\/types\/post"}],"author":[{"embeddable":true,"href":"https:\/\/agora.xtec.cat\/ceipfmacia-orrius\/wp-json\/wp\/v2\/users\/5"}],"replies":[{"embeddable":true,"href":"https:\/\/agora.xtec.cat\/ceipfmacia-orrius\/wp-json\/wp\/v2\/comments?post=1135"}],"version-history":[{"count":1,"href":"https:\/\/agora.xtec.cat\/ceipfmacia-orrius\/wp-json\/wp\/v2\/posts\/1135\/revisions"}],"predecessor-version":[{"id":1137,"href":"https:\/\/agora.xtec.cat\/ceipfmacia-orrius\/wp-json\/wp\/v2\/posts\/1135\/revisions\/1137"}],"wp:featuredmedia":[{"embeddable":true,"href":"https:\/\/agora.xtec.cat\/ceipfmacia-orrius\/wp-json\/wp\/v2\/media\/1136"}],"wp:attachment":[{"href":"https:\/\/agora.xtec.cat\/ceipfmacia-orrius\/wp-json\/wp\/v2\/media?parent=1135"}],"wp:term":[{"taxonomy":"category","embeddable":true,"href":"https:\/\/agora.xtec.cat\/ceipfmacia-orrius\/wp-json\/wp\/v2\/categories?post=1135"},{"taxonomy":"post_tag","embeddable":true,"href":"https:\/\/agora.xtec.cat\/ceipfmacia-orrius\/wp-json\/wp\/v2\/tags?post=1135"}],"curies":[{"name":"wp","href":"https:\/\/api.w.org\/{rel}","templated":true}]}}