{"id":1128,"date":"2020-01-08T12:27:00","date_gmt":"2020-01-08T11:27:00","guid":{"rendered":"https:\/\/agora.xtec.cat\/ceipfmacia-orrius\/?p=1128"},"modified":"2020-03-21T12:32:00","modified_gmt":"2020-03-21T11:32:00","slug":"lectors-de-primera","status":"publish","type":"post","link":"https:\/\/agora.xtec.cat\/ceipfmacia-orrius\/ci\/anelles-olimpiques\/lectors-de-primera\/","title":{"rendered":"LECTORS DE PRIMERA"},"content":{"rendered":"<p><a href=\"https:\/\/photos.app.goo.gl\/DSPEX9YPNXeiJqDm8\"><img loading=\"lazy\" decoding=\"async\" class=\"wp-image-1129 aligncenter\" src=\"https:\/\/agora.xtec.cat\/ceipfmacia-orrius\/wp-content\/uploads\/usu2067\/2020\/03\/Portada-Lectors-de-primera-1024x766.jpg\" alt=\"\" width=\"288\" height=\"215\" srcset=\"https:\/\/agora.xtec.cat\/ceipfmacia-orrius\/wp-content\/uploads\/usu2067\/2020\/03\/Portada-Lectors-de-primera-1024x766.jpg 1024w, https:\/\/agora.xtec.cat\/ceipfmacia-orrius\/wp-content\/uploads\/usu2067\/2020\/03\/Portada-Lectors-de-primera-300x224.jpg 300w, https:\/\/agora.xtec.cat\/ceipfmacia-orrius\/wp-content\/uploads\/usu2067\/2020\/03\/Portada-Lectors-de-primera-768x574.jpg 768w, https:\/\/agora.xtec.cat\/ceipfmacia-orrius\/wp-content\/uploads\/usu2067\/2020\/03\/Portada-Lectors-de-primera-200x150.jpg 200w\" sizes=\"auto, (max-width: 288px) 100vw, 288px\" \/><\/a><\/p>\n<p><span style=\"font-weight: 400;\">El segon trimestre, comen\u00e7ava amb una nova proposta pel qu\u00e8 fa a l\u2019organitzaci\u00f3 de les rutines del mat\u00ed, per part dels mestres de la classe dels fantasmes.<\/span><\/p>\n<p><span style=\"font-weight: 400;\">Fins ara, nom\u00e9s arribar, guard\u00e0vem les nostres coses, i f\u00e8iem rotllana, on coment\u00e0vem qu\u00e8 far\u00edem al llarg del dia, comprov\u00e0vem que hi f\u00f3ssim tots i realitz\u00e0vem els c\u00e0rrecs. Una vegada acab\u00e0vem la tasca de projecte d\u2019aquell dia, esmorz\u00e0vem i abans d\u2019anar al pati, f\u00e8iem lectura. Com que aix\u00f2 no acabava de funcionar, ja que est\u00e0vem m\u00e9s pendents de qu\u00e8 jugar\u00edem al pati i no del qu\u00e8 lleg\u00edem, vam fer un canvi. Ara, al arribar, guardem les nostres pertinences i a la que les campanes del rellotge de l\u2019ordinador, toquen les 9, tothom hem de tenir un llibre a la m\u00e0, buscar l\u2019espai que m\u00e9s b\u00e9 ens vagi de la classe, i llegir durant mitja hora.\u00a0<\/span><\/p>\n<p><span style=\"font-weight: 400;\">Els mestres, tamb\u00e9 ens han preparat dos tipus de fitxes diferents. Una \u00e9s per fer un registre personal dels llibres que anem llegint, i despr\u00e9s amb gomets de colors, els puntuem. Com que pot passar que agafem un llibre amb tota la il\u00b7lusi\u00f3 i despr\u00e9s no ens agradi, el podem deixar, per\u00f2 a la fitxa l\u2019hem de registrar igualment i posar-li un gomet taronja, que indica que no l\u2019hem acabat.<\/span><\/p>\n<p><span style=\"font-weight: 400;\">Quan hem registrat 6 llibres, n\u2019escollim un, el que m\u00e9s ens hagi agradat dels 6 i omplim una nova fitxa, en la qual expliquem quin fragment \u00e9s el que m\u00e9s ens ha agradat i perqu\u00e8, acompanyat d\u2019un dibuix.<\/span><\/p>\n<p><span style=\"font-weight: 400;\">Doncs hem de dir, que tots els i les alumnes de la classe, gr\u00e0cies a aquest canvi, hem fet una millora davant la rapidesa lectora i la comprensi\u00f3. I ara, podem fer un r\u00e0nquing de quins s\u00f3n els llibres m\u00e9s llegits i que m\u00e9s ben valorats estan.<\/span><\/p>\n<p><span style=\"font-weight: 400;\">Mireu com llegim, i properament, us compartirem la gr\u00e0fica del r\u00e0nquing on us aconsellarem bones lectures.<\/span><\/p>\n<p style=\"text-align: center;\"><span style=\"text-decoration: underline;\"><strong>FEU CLIC A LA IMATGE PER A ACCEDIR A LA GALERIA DE FOTOS<\/strong><\/span><\/p>\n<p><a href=\"https:\/\/photos.app.goo.gl\/DSPEX9YPNXeiJqDm8\"><img loading=\"lazy\" decoding=\"async\" class=\"wp-image-1129 aligncenter\" src=\"https:\/\/agora.xtec.cat\/ceipfmacia-orrius\/wp-content\/uploads\/usu2067\/2020\/03\/Portada-Lectors-de-primera-1024x766.jpg\" alt=\"\" width=\"429\" height=\"320\" srcset=\"https:\/\/agora.xtec.cat\/ceipfmacia-orrius\/wp-content\/uploads\/usu2067\/2020\/03\/Portada-Lectors-de-primera-1024x766.jpg 1024w, https:\/\/agora.xtec.cat\/ceipfmacia-orrius\/wp-content\/uploads\/usu2067\/2020\/03\/Portada-Lectors-de-primera-300x224.jpg 300w, https:\/\/agora.xtec.cat\/ceipfmacia-orrius\/wp-content\/uploads\/usu2067\/2020\/03\/Portada-Lectors-de-primera-768x574.jpg 768w, https:\/\/agora.xtec.cat\/ceipfmacia-orrius\/wp-content\/uploads\/usu2067\/2020\/03\/Portada-Lectors-de-primera-200x150.jpg 200w\" sizes=\"auto, (max-width: 429px) 100vw, 429px\" \/><\/a><\/p>\n","protected":false},"excerpt":{"rendered":"<p><a href=\"https:\/\/photos.app.goo.gl\/DSPEX9YPNXeiJqDm8\"><\/a><br \/>\nEl segon trimestre, comen\u00e7ava amb una nova proposta pel qu\u00e8 fa a l\u2019organitzaci\u00f3 de les rutines del mat\u00ed, per part dels mestres de la classe dels fantasmes.<br \/>\nFins ara, nom\u00e9s arribar, guard\u00e0vem les nostres coses, i f\u00e8iem rotllana, on coment\u00e0vem qu\u00e8 far\u00edem al llarg del&hellip;  <a href=\"https:\/\/agora.xtec.cat\/ceipfmacia-orrius\/ci\/anelles-olimpiques\/lectors-de-primera\/\" title=\"Read LECTORS DE PRIMERA\">Llegeix m\u00e9s\u00bb<\/a><\/p>\n","protected":false},"author":5,"featured_media":1129,"comment_status":"open","ping_status":"closed","sticky":false,"template":"","format":"standard","meta":{"_bbp_topic_count":0,"_bbp_reply_count":0,"_bbp_total_topic_count":0,"_bbp_total_reply_count":0,"_bbp_voice_count":0,"_bbp_anonymous_reply_count":0,"_bbp_topic_count_hidden":0,"_bbp_reply_count_hidden":0,"_bbp_forum_subforum_count":0,"footnotes":""},"categories":[10],"tags":[91],"class_list":["post-1128","post","type-post","status-publish","format-standard","has-post-thumbnail","hentry","category-anelles-olimpiques","tag-lectura"],"post_mailing_queue_ids":[],"_links":{"self":[{"href":"https:\/\/agora.xtec.cat\/ceipfmacia-orrius\/wp-json\/wp\/v2\/posts\/1128","targetHints":{"allow":["GET"]}}],"collection":[{"href":"https:\/\/agora.xtec.cat\/ceipfmacia-orrius\/wp-json\/wp\/v2\/posts"}],"about":[{"href":"https:\/\/agora.xtec.cat\/ceipfmacia-orrius\/wp-json\/wp\/v2\/types\/post"}],"author":[{"embeddable":true,"href":"https:\/\/agora.xtec.cat\/ceipfmacia-orrius\/wp-json\/wp\/v2\/users\/5"}],"replies":[{"embeddable":true,"href":"https:\/\/agora.xtec.cat\/ceipfmacia-orrius\/wp-json\/wp\/v2\/comments?post=1128"}],"version-history":[{"count":1,"href":"https:\/\/agora.xtec.cat\/ceipfmacia-orrius\/wp-json\/wp\/v2\/posts\/1128\/revisions"}],"predecessor-version":[{"id":1130,"href":"https:\/\/agora.xtec.cat\/ceipfmacia-orrius\/wp-json\/wp\/v2\/posts\/1128\/revisions\/1130"}],"wp:featuredmedia":[{"embeddable":true,"href":"https:\/\/agora.xtec.cat\/ceipfmacia-orrius\/wp-json\/wp\/v2\/media\/1129"}],"wp:attachment":[{"href":"https:\/\/agora.xtec.cat\/ceipfmacia-orrius\/wp-json\/wp\/v2\/media?parent=1128"}],"wp:term":[{"taxonomy":"category","embeddable":true,"href":"https:\/\/agora.xtec.cat\/ceipfmacia-orrius\/wp-json\/wp\/v2\/categories?post=1128"},{"taxonomy":"post_tag","embeddable":true,"href":"https:\/\/agora.xtec.cat\/ceipfmacia-orrius\/wp-json\/wp\/v2\/tags?post=1128"}],"curies":[{"name":"wp","href":"https:\/\/api.w.org\/{rel}","templated":true}]}}