{"id":1125,"date":"2020-02-28T12:22:50","date_gmt":"2020-02-28T11:22:50","guid":{"rendered":"https:\/\/agora.xtec.cat\/ceipfmacia-orrius\/?p=1125"},"modified":"2020-03-21T12:33:09","modified_gmt":"2020-03-21T11:33:09","slug":"excursio-al-museu-dhistoria-de-catalunya","status":"publish","type":"post","link":"https:\/\/agora.xtec.cat\/ceipfmacia-orrius\/ci\/anelles-olimpiques\/excursio-al-museu-dhistoria-de-catalunya\/","title":{"rendered":"EXCURSI\u00d3 AL MUSEU D&#8217;HIST\u00d2RIA DE CATALUNYA"},"content":{"rendered":"<p><a href=\"https:\/\/photos.app.goo.gl\/8QaBMWy72mWSTq6z9\"><img loading=\"lazy\" decoding=\"async\" class=\"wp-image-1126 aligncenter\" src=\"https:\/\/agora.xtec.cat\/ceipfmacia-orrius\/wp-content\/uploads\/usu2067\/2020\/03\/Portada-excursio-al-museu-1024x578.jpg\" alt=\"\" width=\"328\" height=\"185\" srcset=\"https:\/\/agora.xtec.cat\/ceipfmacia-orrius\/wp-content\/uploads\/usu2067\/2020\/03\/Portada-excursio-al-museu-1024x578.jpg 1024w, https:\/\/agora.xtec.cat\/ceipfmacia-orrius\/wp-content\/uploads\/usu2067\/2020\/03\/Portada-excursio-al-museu-300x169.jpg 300w, https:\/\/agora.xtec.cat\/ceipfmacia-orrius\/wp-content\/uploads\/usu2067\/2020\/03\/Portada-excursio-al-museu-768x434.jpg 768w, https:\/\/agora.xtec.cat\/ceipfmacia-orrius\/wp-content\/uploads\/usu2067\/2020\/03\/Portada-excursio-al-museu.jpg 1984w\" sizes=\"auto, (max-width: 328px) 100vw, 328px\" \/><\/a><\/p>\n<p><span style=\"font-weight: 400;\">El passat 28 de febrer, els fantasmes an\u00e0vem d\u2019excursi\u00f3 al Museu d\u2019Hist\u00f2ria de Catalunya, per veure l\u2019evoluci\u00f3 de les cases al llarg del temps. Aquesta sortida est\u00e0 totalment lligada amb el projecte d\u2019aquest curs, que tracta sobre els habitatges.<\/span><\/p>\n<p><span style=\"font-weight: 400;\">A la classe, vam fer un treball previ on vam con\u00e8ixer en quines etapes dividim la hist\u00f2ria, qu\u00e8 va originar el canvi a cada nova etapa, quines necessitat tenien els humans i com evolucionen, fet que comporta l\u2019evoluci\u00f3 dels habitatges on viuen, i vam con\u00e8ixer paraules clau de cada moment.<\/span><\/p>\n<p><span style=\"font-weight: 400;\">Vam elaborar un mapa conceptual entre tots, que vam acabar completant la setmana de despr\u00e9s de l\u2019excursi\u00f3, gr\u00e0cies a la informaci\u00f3 rebuda al museu.<\/span><\/p>\n<p><span style=\"font-weight: 400;\">Dins el museu, vam tenir una guia que es deia Adriana i que ens va fer la visita molt amena i enriquidora. Vam fer un taller que es diu \u201cHabitatge i vida quotidiana al llarg del temps\u201d. Aquest taller, consisteix en un recorregut fent una visi\u00f3 transversal de la hist\u00f2ria, on a trav\u00e9s dels habitatges i la vida quotidiana de les persones, m\u00e9s un carret\u00f3 que ens acompanya ple de vestimenta i objectes de cada moment hist\u00f2ric, l\u2019alumnat empatitzem amb les diferents formes de vida i coneixem com eren els habitatges en cada moment. Vam poder visitar i teatralitzar un moment de finals de la prehist\u00f2ria en una cabana, vam visitar la casa d\u2019un rom\u00e0, \u00e9s a dir, una domus, despr\u00e9s vam con\u00e8ixer com vivien els camperols sota el mandat d\u2019un rei, a l\u2019edat mitjana, i vam entrar dins una torra de vigil\u00e0ncia. Vam ser dins la casa d\u2019un sabater de finals de l\u2019edat mitjana i principis de l\u2019edat moderna, i vam entendre qu\u00e8 volia dir la paraula gremi. Tamb\u00e9 vam veure dues cuines del segle 20, per\u00f2 que amb poc anys, van fer canvis importants.<\/span><\/p>\n<p><span style=\"font-weight: 400;\">Vam quedar molt contents de la visita i si no hagu\u00e9s estat per la gana, encara hi seriem. Ten\u00edem moltes idees per aportar i ens van quedar molts espais per tafanejar i aprendre. La visita va comen\u00e7ar a les 12 i sort\u00edem del museu que quasi b\u00e9 eren les 14h. \u00e9s per aquest motiu, que vam fer un bon passeig i estona d\u2019esbarjo a l\u2019arribar a Barcelona, que vam estar al parc de la Ciutadella, i despr\u00e9s vam dinar al costat mateix del museu, on a les 15h. ens recollia el bus per tornar a l\u2019escola.<\/span><\/p>\n<p><span style=\"font-weight: 400;\">Va ser un dia ple d\u2019aventures i amb molt enriquiment cultural, volem compartir els moments viscuts amb vosaltres, amb les imatges que trobareu a continuaci\u00f3.<\/span><\/p>\n<p style=\"text-align: center;\"><span style=\"text-decoration: underline;\"><strong>FEU CLIC A LA IMATGE PER A ACCEDIR A LA GALERIA DE FOTOS<\/strong><\/span><\/p>\n<p><a href=\"https:\/\/photos.app.goo.gl\/8QaBMWy72mWSTq6z9\"><img loading=\"lazy\" decoding=\"async\" class=\"wp-image-1126 aligncenter\" src=\"https:\/\/agora.xtec.cat\/ceipfmacia-orrius\/wp-content\/uploads\/usu2067\/2020\/03\/Portada-excursio-al-museu-1024x578.jpg\" alt=\"\" width=\"480\" height=\"271\" srcset=\"https:\/\/agora.xtec.cat\/ceipfmacia-orrius\/wp-content\/uploads\/usu2067\/2020\/03\/Portada-excursio-al-museu-1024x578.jpg 1024w, https:\/\/agora.xtec.cat\/ceipfmacia-orrius\/wp-content\/uploads\/usu2067\/2020\/03\/Portada-excursio-al-museu-300x169.jpg 300w, https:\/\/agora.xtec.cat\/ceipfmacia-orrius\/wp-content\/uploads\/usu2067\/2020\/03\/Portada-excursio-al-museu-768x434.jpg 768w, https:\/\/agora.xtec.cat\/ceipfmacia-orrius\/wp-content\/uploads\/usu2067\/2020\/03\/Portada-excursio-al-museu.jpg 1984w\" sizes=\"auto, (max-width: 480px) 100vw, 480px\" \/><\/a><\/p>\n","protected":false},"excerpt":{"rendered":"<p><a href=\"https:\/\/photos.app.goo.gl\/8QaBMWy72mWSTq6z9\"><\/a><br \/>\nEl passat 28 de febrer, els fantasmes an\u00e0vem d\u2019excursi\u00f3 al Museu d\u2019Hist\u00f2ria de Catalunya, per veure l\u2019evoluci\u00f3 de les cases al llarg del temps. Aquesta sortida est\u00e0 totalment lligada amb el projecte d\u2019aquest curs, que tracta sobre els habitatges.<br \/>\nA la classe, vam fer un&hellip;  <a href=\"https:\/\/agora.xtec.cat\/ceipfmacia-orrius\/ci\/anelles-olimpiques\/excursio-al-museu-dhistoria-de-catalunya\/\" title=\"Read EXCURSI\u00d3 AL MUSEU D&#8217;HIST\u00d2RIA DE CATALUNYA\">Llegeix m\u00e9s\u00bb<\/a><\/p>\n","protected":false},"author":5,"featured_media":1126,"comment_status":"open","ping_status":"closed","sticky":false,"template":"","format":"standard","meta":{"_bbp_topic_count":0,"_bbp_reply_count":0,"_bbp_total_topic_count":0,"_bbp_total_reply_count":0,"_bbp_voice_count":0,"_bbp_anonymous_reply_count":0,"_bbp_topic_count_hidden":0,"_bbp_reply_count_hidden":0,"_bbp_forum_subforum_count":0,"footnotes":""},"categories":[10],"tags":[90],"class_list":["post-1125","post","type-post","status-publish","format-standard","has-post-thumbnail","hentry","category-anelles-olimpiques","tag-excursio"],"post_mailing_queue_ids":[],"_links":{"self":[{"href":"https:\/\/agora.xtec.cat\/ceipfmacia-orrius\/wp-json\/wp\/v2\/posts\/1125","targetHints":{"allow":["GET"]}}],"collection":[{"href":"https:\/\/agora.xtec.cat\/ceipfmacia-orrius\/wp-json\/wp\/v2\/posts"}],"about":[{"href":"https:\/\/agora.xtec.cat\/ceipfmacia-orrius\/wp-json\/wp\/v2\/types\/post"}],"author":[{"embeddable":true,"href":"https:\/\/agora.xtec.cat\/ceipfmacia-orrius\/wp-json\/wp\/v2\/users\/5"}],"replies":[{"embeddable":true,"href":"https:\/\/agora.xtec.cat\/ceipfmacia-orrius\/wp-json\/wp\/v2\/comments?post=1125"}],"version-history":[{"count":1,"href":"https:\/\/agora.xtec.cat\/ceipfmacia-orrius\/wp-json\/wp\/v2\/posts\/1125\/revisions"}],"predecessor-version":[{"id":1127,"href":"https:\/\/agora.xtec.cat\/ceipfmacia-orrius\/wp-json\/wp\/v2\/posts\/1125\/revisions\/1127"}],"wp:featuredmedia":[{"embeddable":true,"href":"https:\/\/agora.xtec.cat\/ceipfmacia-orrius\/wp-json\/wp\/v2\/media\/1126"}],"wp:attachment":[{"href":"https:\/\/agora.xtec.cat\/ceipfmacia-orrius\/wp-json\/wp\/v2\/media?parent=1125"}],"wp:term":[{"taxonomy":"category","embeddable":true,"href":"https:\/\/agora.xtec.cat\/ceipfmacia-orrius\/wp-json\/wp\/v2\/categories?post=1125"},{"taxonomy":"post_tag","embeddable":true,"href":"https:\/\/agora.xtec.cat\/ceipfmacia-orrius\/wp-json\/wp\/v2\/tags?post=1125"}],"curies":[{"name":"wp","href":"https:\/\/api.w.org\/{rel}","templated":true}]}}