{"id":1121,"date":"2020-01-27T12:13:22","date_gmt":"2020-01-27T11:13:22","guid":{"rendered":"https:\/\/agora.xtec.cat\/ceipfmacia-orrius\/?p=1121"},"modified":"2020-03-21T12:58:35","modified_gmt":"2020-03-21T11:58:35","slug":"de-passes-a-quilometres","status":"publish","type":"post","link":"https:\/\/agora.xtec.cat\/ceipfmacia-orrius\/ci\/anelles-olimpiques\/de-passes-a-quilometres\/","title":{"rendered":"DE PASSES A QUIL\u00d2METRES"},"content":{"rendered":"<p><a href=\"https:\/\/photos.app.goo.gl\/BHtHf2NyxcmTpXSJ6\"><img loading=\"lazy\" decoding=\"async\" class=\"size-full wp-image-1122 aligncenter\" src=\"https:\/\/agora.xtec.cat\/ceipfmacia-orrius\/wp-content\/uploads\/usu2067\/2020\/03\/portada-de-passes-a-km.png\" alt=\"\" width=\"287\" height=\"175\" \/><\/a><\/p>\n<p><span style=\"font-weight: 400;\">Avancem a pas de gegant! No us esvereu, nom\u00e9s volem dir, que estem aprenent molt, gr\u00e0cies al projecte de les cases que vam comen\u00e7ar aquest curs. <\/span><span style=\"font-weight: 400;\">Resulta, que l\u2019Albert i l\u2019Esther ens van plantejar un joc molt curi\u00f3s. Un bon mat\u00ed a l\u2019hora de projecte, ens diuen:<\/span><\/p>\n<p><span style=\"font-weight: 400;\">Teniu ganes de jugar? Per\u00f2 matem\u00e0ticament? Per\u00f2 ampliant informaci\u00f3 pel nostre projecte?<\/span><\/p>\n<p><span style=\"font-weight: 400;\">Com podeu imaginar, vam contestar a tot que S\u00cd! Sort que no som gats&#8230; perqu\u00e8 com diuen, \u201cla curiosidad mat\u00f3 al gato\u201d&#8230;<\/span><\/p>\n<p><span style=\"font-weight: 400;\">B\u00e9 doncs, al veure\u2019ns tan disposats, ens van demanar que agaf\u00e9ssim les nostres carpetes negres, llapis i gomes, que ens pos\u00e9ssim jaquetes i les sabates i an\u00e9ssim tots cap a la balla del pati, la que hi ha al costat del tronc llarg. Quan ja hi vam ser tots, ens van explicar que ens donarien una fitxa, on trobar\u00edem 5 reptes a fer, tots ells, comptant passes. Ens van explicar que no exager\u00e9ssim les passes ni molt amples ni molt estretes entre elles, que camin\u00e9ssim de forma natural, i abans de comen\u00e7ar, tamb\u00e9 vam comentar que el m\u00e9s segur \u00e9s que no tingu\u00e9ssim resultats iguals, per\u00f2 s\u00ed, for\u00e7a propers uns amb altres. Ara s\u00ed, est\u00e0vem apunt per llegir repte per repte i comen\u00e7ar a comptar.<\/span><\/p>\n<p><span style=\"font-weight: 400;\">Una vegada vam haver calculat les passes que hi havia entra la porta de la classe i la porta del menjador, entre l\u2019entrada de l\u2019escola i la pista de b\u00e0squet, &#8230;, ens vam trobar tots amb la \u00faltima pregunta, que ens va deixar una mica desconcertats, doncs ens preguntaven quantes passes hi havia des de casa nostra a l\u2019escola.<\/span><\/p>\n<p><span style=\"font-weight: 400;\">Alguns de nosaltres vam estar fent c\u00e0lculs segons les dades que hav\u00edem obtingut en les altres preguntes, alguns altres vam fer una estimaci\u00f3 i altres no vam ni saber per on tirar.<\/span><\/p>\n<p><span style=\"font-weight: 400;\">Al tornar a la classe, vam posar en com\u00fa dades que hav\u00edem obtingut, vam recopilar informaci\u00f3 sobre dist\u00e0ncies que ja hav\u00edem treballat i obtingut darrerament, la primera vegada que vam anar al bibliob\u00fas, i vam arribar a la conclusi\u00f3, que les passes \u00e9s una unitat de mesura per\u00f2 que no \u00e9s fiable, ja que no tothom fa la passa de la mateixa dist\u00e0ncia i no es pot utilitzar per dist\u00e0ncies molt grans, aix\u00ed que vam descobrir el perqu\u00e8 utilitzem universalment el metre, o en dist\u00e0ncies superiors, els quil\u00f2metres.\u00a0<\/span><\/p>\n<p><span style=\"font-weight: 400;\">Val a dir, que alguns alumnes, per si sols, van arribar a fer un bon c\u00e0lcul, van dir que si sab\u00edem quantes passes necessitaven per fer un quil\u00f2metre, descobririen quantes quil\u00f2metres hi havia de casa seva a l\u2019escola i despr\u00e9s es podria fer una suma, fet que nosaltres els vam dir, que amb calculadores, podien fer-ho directament amb una multiplicaci\u00f3.<\/span><\/p>\n<p><span style=\"font-weight: 400;\">A partir d\u2019aqu\u00ed, vam descobrir les dist\u00e0ncies que hi ha entre casa nostra i els llocs del m\u00f3n que hem treballat amb el projecte.<\/span><\/p>\n<p><span style=\"font-weight: 400;\">Mireu com caminem tots comptant les nostres pr\u00f2pies passes.<\/span><\/p>\n<p><span style=\"text-decoration: underline;\"><strong>FEU CLIC A LA IMATGE PER A ACCEDIR A LA GALERIA DE FOTOS<\/strong><\/span><\/p>\n<p><a href=\"https:\/\/photos.app.goo.gl\/BHtHf2NyxcmTpXSJ6\"><img loading=\"lazy\" decoding=\"async\" class=\" wp-image-1122 aligncenter\" src=\"https:\/\/agora.xtec.cat\/ceipfmacia-orrius\/wp-content\/uploads\/usu2067\/2020\/03\/portada-de-passes-a-km.png\" alt=\"\" width=\"410\" height=\"251\" \/><\/a><\/p>\n","protected":false},"excerpt":{"rendered":"<p><a href=\"https:\/\/photos.app.goo.gl\/BHtHf2NyxcmTpXSJ6\"><\/a><br \/>\nAvancem a pas de gegant! No us esvereu, nom\u00e9s volem dir, que estem aprenent molt, gr\u00e0cies al projecte de les cases que vam comen\u00e7ar aquest curs. Resulta, que l\u2019Albert i l\u2019Esther ens van plantejar un joc molt curi\u00f3s. Un bon mat\u00ed a l\u2019hora de&hellip;  <a href=\"https:\/\/agora.xtec.cat\/ceipfmacia-orrius\/ci\/anelles-olimpiques\/de-passes-a-quilometres\/\" title=\"Read DE PASSES A QUIL\u00d2METRES\">Llegeix m\u00e9s\u00bb<\/a><\/p>\n","protected":false},"author":5,"featured_media":1122,"comment_status":"open","ping_status":"closed","sticky":false,"template":"","format":"standard","meta":{"_bbp_topic_count":0,"_bbp_reply_count":0,"_bbp_total_topic_count":0,"_bbp_total_reply_count":0,"_bbp_voice_count":0,"_bbp_anonymous_reply_count":0,"_bbp_topic_count_hidden":0,"_bbp_reply_count_hidden":0,"_bbp_forum_subforum_count":0,"footnotes":""},"categories":[10],"tags":[89],"class_list":["post-1121","post","type-post","status-publish","format-standard","has-post-thumbnail","hentry","category-anelles-olimpiques","tag-projecte"],"post_mailing_queue_ids":[],"_links":{"self":[{"href":"https:\/\/agora.xtec.cat\/ceipfmacia-orrius\/wp-json\/wp\/v2\/posts\/1121","targetHints":{"allow":["GET"]}}],"collection":[{"href":"https:\/\/agora.xtec.cat\/ceipfmacia-orrius\/wp-json\/wp\/v2\/posts"}],"about":[{"href":"https:\/\/agora.xtec.cat\/ceipfmacia-orrius\/wp-json\/wp\/v2\/types\/post"}],"author":[{"embeddable":true,"href":"https:\/\/agora.xtec.cat\/ceipfmacia-orrius\/wp-json\/wp\/v2\/users\/5"}],"replies":[{"embeddable":true,"href":"https:\/\/agora.xtec.cat\/ceipfmacia-orrius\/wp-json\/wp\/v2\/comments?post=1121"}],"version-history":[{"count":2,"href":"https:\/\/agora.xtec.cat\/ceipfmacia-orrius\/wp-json\/wp\/v2\/posts\/1121\/revisions"}],"predecessor-version":[{"id":1141,"href":"https:\/\/agora.xtec.cat\/ceipfmacia-orrius\/wp-json\/wp\/v2\/posts\/1121\/revisions\/1141"}],"wp:featuredmedia":[{"embeddable":true,"href":"https:\/\/agora.xtec.cat\/ceipfmacia-orrius\/wp-json\/wp\/v2\/media\/1122"}],"wp:attachment":[{"href":"https:\/\/agora.xtec.cat\/ceipfmacia-orrius\/wp-json\/wp\/v2\/media?parent=1121"}],"wp:term":[{"taxonomy":"category","embeddable":true,"href":"https:\/\/agora.xtec.cat\/ceipfmacia-orrius\/wp-json\/wp\/v2\/categories?post=1121"},{"taxonomy":"post_tag","embeddable":true,"href":"https:\/\/agora.xtec.cat\/ceipfmacia-orrius\/wp-json\/wp\/v2\/tags?post=1121"}],"curies":[{"name":"wp","href":"https:\/\/api.w.org\/{rel}","templated":true}]}}