{"id":1118,"date":"2020-01-09T12:05:46","date_gmt":"2020-01-09T11:05:46","guid":{"rendered":"https:\/\/agora.xtec.cat\/ceipfmacia-orrius\/?p=1118"},"modified":"2020-03-21T12:32:45","modified_gmt":"2020-03-21T11:32:45","slug":"compartir-explicar-i-transmetre","status":"publish","type":"post","link":"https:\/\/agora.xtec.cat\/ceipfmacia-orrius\/ci\/anelles-olimpiques\/compartir-explicar-i-transmetre\/","title":{"rendered":"COMPARTIR EXPLICAR I TRANSMETRE"},"content":{"rendered":"<p><a href=\"https:\/\/photos.app.goo.gl\/enu3NBS9MfY8QPjC8\"><img loading=\"lazy\" decoding=\"async\" class=\"wp-image-1119 aligncenter\" src=\"https:\/\/agora.xtec.cat\/ceipfmacia-orrius\/wp-content\/uploads\/usu2067\/2020\/03\/Portada-Conferencies-1024x759.jpg\" alt=\"\" width=\"280\" height=\"208\" srcset=\"https:\/\/agora.xtec.cat\/ceipfmacia-orrius\/wp-content\/uploads\/usu2067\/2020\/03\/Portada-Conferencies-1024x759.jpg 1024w, https:\/\/agora.xtec.cat\/ceipfmacia-orrius\/wp-content\/uploads\/usu2067\/2020\/03\/Portada-Conferencies-300x222.jpg 300w, https:\/\/agora.xtec.cat\/ceipfmacia-orrius\/wp-content\/uploads\/usu2067\/2020\/03\/Portada-Conferencies-768x569.jpg 768w, https:\/\/agora.xtec.cat\/ceipfmacia-orrius\/wp-content\/uploads\/usu2067\/2020\/03\/Portada-Conferencies-200x150.jpg 200w\" sizes=\"auto, (max-width: 280px) 100vw, 280px\" \/><\/a><\/p>\n<p><span style=\"font-weight: 400;\">Quina colla de verbs, quin pes i import\u00e0ncia que tenen, doncs no s\u00f3n gens f\u00e0cils de dur a terme. Qu\u00e8 us sembla? Els domineu? <\/span><span style=\"font-weight: 400;\">Doncs justament el qu\u00e8 nosaltres fem, \u00e9s practicar-los, engranem les politges per cada vegada, desenvolupar-nos amb m\u00e9s naturalitat i seguretat, davant explicacions i confer\u00e8ncies amb p\u00fablic.<\/span><\/p>\n<p><span style=\"font-weight: 400;\">Aquesta mena d\u2019activitats la fem majorit\u00e0riament a l\u2019hora de projecte, s\u00f3n sessions on hem de compartir i explicar a la resta de companys, l\u2019activitat que hem desenvolupat, aspectes m\u00e9s personals, relacionats amb temes del projecte, &#8230;<\/span><\/p>\n<p><span style=\"font-weight: 400;\">Quan hem d\u2019explicar davant els companys que dia a dia ja compartim sessions dins l\u2019aula, ens trobem for\u00e7a c\u00f2modes, el problema sorgeix, majorit\u00e0riament, quan el p\u00fablic augmenta o canvia.<\/span><\/p>\n<p><span style=\"font-weight: 400;\">A continuaci\u00f3, us deixem algunes imatges de petites aportacions i confer\u00e8ncies que hem fet a les classes de projecte, aquestes estaven relacionades amb:<\/span><\/p>\n<ul>\n<li style=\"font-weight: 400;\"><span style=\"font-weight: 400;\">Explicar la informaci\u00f3 que hav\u00edem trobat durant les vacances de Nadal, sobre una casa d\u2019un indret concret del m\u00f3n.<\/span><\/li>\n<\/ul>\n<p><span style=\"font-weight: 400;\">Esperem que us agradin i que cada vegada que publiquem noves imatges de confer\u00e8ncies que fem, aneu notant difer\u00e8ncies i un progr\u00e9s positiu.<\/span><\/p>\n<p style=\"text-align: center;\"><span style=\"text-decoration: underline;\"><strong>FEU CLIC A LA IMATGE PER A ACCEDIR A LA GALERIA DE FOTOS<\/strong><\/span><\/p>\n<p><a href=\"https:\/\/photos.app.goo.gl\/enu3NBS9MfY8QPjC8\"><img loading=\"lazy\" decoding=\"async\" class=\"wp-image-1119 aligncenter\" src=\"https:\/\/agora.xtec.cat\/ceipfmacia-orrius\/wp-content\/uploads\/usu2067\/2020\/03\/Portada-Conferencies-1024x759.jpg\" alt=\"\" width=\"319\" height=\"236\" srcset=\"https:\/\/agora.xtec.cat\/ceipfmacia-orrius\/wp-content\/uploads\/usu2067\/2020\/03\/Portada-Conferencies-1024x759.jpg 1024w, https:\/\/agora.xtec.cat\/ceipfmacia-orrius\/wp-content\/uploads\/usu2067\/2020\/03\/Portada-Conferencies-300x222.jpg 300w, https:\/\/agora.xtec.cat\/ceipfmacia-orrius\/wp-content\/uploads\/usu2067\/2020\/03\/Portada-Conferencies-768x569.jpg 768w\" sizes=\"auto, (max-width: 319px) 100vw, 319px\" \/><\/a><\/p>\n","protected":false},"excerpt":{"rendered":"<p><a href=\"https:\/\/photos.app.goo.gl\/enu3NBS9MfY8QPjC8\"><\/a><br \/>\nQuina colla de verbs, quin pes i import\u00e0ncia que tenen, doncs no s\u00f3n gens f\u00e0cils de dur a terme. Qu\u00e8 us sembla? Els domineu? Doncs justament el qu\u00e8 nosaltres fem, \u00e9s practicar-los, engranem les politges per cada vegada, desenvolupar-nos amb m\u00e9s naturalitat i seguretat,&hellip;  <a href=\"https:\/\/agora.xtec.cat\/ceipfmacia-orrius\/ci\/anelles-olimpiques\/compartir-explicar-i-transmetre\/\" title=\"Read COMPARTIR EXPLICAR I TRANSMETRE\">Llegeix m\u00e9s\u00bb<\/a><\/p>\n","protected":false},"author":5,"featured_media":1119,"comment_status":"open","ping_status":"closed","sticky":false,"template":"","format":"standard","meta":{"_bbp_topic_count":0,"_bbp_reply_count":0,"_bbp_total_topic_count":0,"_bbp_total_reply_count":0,"_bbp_voice_count":0,"_bbp_anonymous_reply_count":0,"_bbp_topic_count_hidden":0,"_bbp_reply_count_hidden":0,"_bbp_forum_subforum_count":0,"footnotes":""},"categories":[10],"tags":[88],"class_list":["post-1118","post","type-post","status-publish","format-standard","has-post-thumbnail","hentry","category-anelles-olimpiques","tag-expressio-oral"],"post_mailing_queue_ids":[],"_links":{"self":[{"href":"https:\/\/agora.xtec.cat\/ceipfmacia-orrius\/wp-json\/wp\/v2\/posts\/1118","targetHints":{"allow":["GET"]}}],"collection":[{"href":"https:\/\/agora.xtec.cat\/ceipfmacia-orrius\/wp-json\/wp\/v2\/posts"}],"about":[{"href":"https:\/\/agora.xtec.cat\/ceipfmacia-orrius\/wp-json\/wp\/v2\/types\/post"}],"author":[{"embeddable":true,"href":"https:\/\/agora.xtec.cat\/ceipfmacia-orrius\/wp-json\/wp\/v2\/users\/5"}],"replies":[{"embeddable":true,"href":"https:\/\/agora.xtec.cat\/ceipfmacia-orrius\/wp-json\/wp\/v2\/comments?post=1118"}],"version-history":[{"count":1,"href":"https:\/\/agora.xtec.cat\/ceipfmacia-orrius\/wp-json\/wp\/v2\/posts\/1118\/revisions"}],"predecessor-version":[{"id":1120,"href":"https:\/\/agora.xtec.cat\/ceipfmacia-orrius\/wp-json\/wp\/v2\/posts\/1118\/revisions\/1120"}],"wp:featuredmedia":[{"embeddable":true,"href":"https:\/\/agora.xtec.cat\/ceipfmacia-orrius\/wp-json\/wp\/v2\/media\/1119"}],"wp:attachment":[{"href":"https:\/\/agora.xtec.cat\/ceipfmacia-orrius\/wp-json\/wp\/v2\/media?parent=1118"}],"wp:term":[{"taxonomy":"category","embeddable":true,"href":"https:\/\/agora.xtec.cat\/ceipfmacia-orrius\/wp-json\/wp\/v2\/categories?post=1118"},{"taxonomy":"post_tag","embeddable":true,"href":"https:\/\/agora.xtec.cat\/ceipfmacia-orrius\/wp-json\/wp\/v2\/tags?post=1118"}],"curies":[{"name":"wp","href":"https:\/\/api.w.org\/{rel}","templated":true}]}}