{"id":1113,"date":"2020-02-03T11:53:52","date_gmt":"2020-02-03T10:53:52","guid":{"rendered":"https:\/\/agora.xtec.cat\/ceipfmacia-orrius\/?p=1113"},"modified":"2020-03-21T12:33:47","modified_gmt":"2020-03-21T11:33:47","slug":"carnaval-transparent","status":"publish","type":"post","link":"https:\/\/agora.xtec.cat\/ceipfmacia-orrius\/ci\/anelles-olimpiques\/carnaval-transparent\/","title":{"rendered":"CARNAVAL TRANSPARENT"},"content":{"rendered":"<p><a href=\"https:\/\/photos.app.goo.gl\/gw1UxPFJuiHSnLrg7\"><img loading=\"lazy\" decoding=\"async\" class=\"wp-image-1114 aligncenter\" src=\"https:\/\/agora.xtec.cat\/ceipfmacia-orrius\/wp-content\/uploads\/usu2067\/2020\/03\/Portada-Carnaval-transparent-1024x766.jpg\" alt=\"\" width=\"216\" height=\"161\" srcset=\"https:\/\/agora.xtec.cat\/ceipfmacia-orrius\/wp-content\/uploads\/usu2067\/2020\/03\/Portada-Carnaval-transparent-1024x766.jpg 1024w, https:\/\/agora.xtec.cat\/ceipfmacia-orrius\/wp-content\/uploads\/usu2067\/2020\/03\/Portada-Carnaval-transparent-300x224.jpg 300w, https:\/\/agora.xtec.cat\/ceipfmacia-orrius\/wp-content\/uploads\/usu2067\/2020\/03\/Portada-Carnaval-transparent-768x574.jpg 768w, https:\/\/agora.xtec.cat\/ceipfmacia-orrius\/wp-content\/uploads\/usu2067\/2020\/03\/Portada-Carnaval-transparent-200x150.jpg 200w\" sizes=\"auto, (max-width: 216px) 100vw, 216px\" \/><\/a><\/p>\n<p><b>Quin t\u00edtol m\u00e9s estrany, oi? Qu\u00e8 vol dir aix\u00f2 de carnaval transparent?<\/b><\/p>\n<p><span style=\"font-weight: 400;\">Doncs us ho expliquem. Els fantasmes, \u00e9s com es diu la nostra classe, una tarda de dilluns que ens tocava art, ens vam trobar la classe del tot desmuntada i plena de taules i cadires, unes sobre les altres i del rev\u00e9s, amb film transparent enrotllat a les potes d\u2019aquestes. A m\u00e9s a m\u00e9s, aquella tarda ens acompanyava un mestre m\u00e9s a classe, en Joan, no el director, pel qu\u00e8 ens va explicar l\u2019Esther, \u00e9s mestre de formaci\u00f3 d\u2019art a l\u2019escola, i venia a donar-nos algunes i dees i un cop de m\u00e0.<\/span><\/p>\n<p><b>Us preguntareu, qu\u00e8 hi vau fer en aquell film transparent?<\/b><\/p>\n<p><span style=\"font-weight: 400;\">Doncs ens vam posar per parelles, i primer, un de la parella, feia de maniqu\u00ed i l\u2019altre li havia de resseguir el rostre, sobre el film, amb un permanent. Al acabar, tr\u00e8iem aquella capa de film transparent i f\u00e8iem canvi de maniqu\u00ed. Una vegada tots vam tenir el nostre rostre dibuixat, vam passar a les pintures, i tamb\u00e9 sobre una nova capa de film, vam haver de dibuixar caretes de carnaval.<\/span><\/p>\n<p><span style=\"font-weight: 400;\">Aquesta tasca, ens va agradar molt, vam treballar sobre una superf\u00edcie que no hi estem acostumats, i malgrat ens va fer molta pena, no hem pogut salvar del tot aquestes obres amb pintura, ja que, tot i fixar-les amb laca, la pintura ha anat saltant del film. Aix\u00f2, tamb\u00e9 ens ha perm\u00e8s treballar l\u2019art ef\u00edmer.<\/span><\/p>\n<p><b>Qu\u00e8 us sembla? Una pr\u00e0ctica original, oi?<\/b><\/p>\n<p><span style=\"font-weight: 400;\">No patiu, que com que ja supos\u00e0vem que pod\u00edem perdre les creacions, les vam ben fotografiar, gaudiu de les imatges!<\/span><\/p>\n<p style=\"text-align: center;\"><span style=\"text-decoration: underline;\"><strong>FEU CLIC A LA IMATGE PER A VEURE LA GALERIA DE FOTOS<\/strong><\/span><\/p>\n<p><a href=\"https:\/\/photos.app.goo.gl\/gw1UxPFJuiHSnLrg7\"><img loading=\"lazy\" decoding=\"async\" class=\"wp-image-1114 aligncenter\" src=\"https:\/\/agora.xtec.cat\/ceipfmacia-orrius\/wp-content\/uploads\/usu2067\/2020\/03\/Portada-Carnaval-transparent-1024x766.jpg\" alt=\"\" width=\"461\" height=\"344\" srcset=\"https:\/\/agora.xtec.cat\/ceipfmacia-orrius\/wp-content\/uploads\/usu2067\/2020\/03\/Portada-Carnaval-transparent-1024x766.jpg 1024w, https:\/\/agora.xtec.cat\/ceipfmacia-orrius\/wp-content\/uploads\/usu2067\/2020\/03\/Portada-Carnaval-transparent-300x224.jpg 300w, https:\/\/agora.xtec.cat\/ceipfmacia-orrius\/wp-content\/uploads\/usu2067\/2020\/03\/Portada-Carnaval-transparent-768x574.jpg 768w, https:\/\/agora.xtec.cat\/ceipfmacia-orrius\/wp-content\/uploads\/usu2067\/2020\/03\/Portada-Carnaval-transparent-200x150.jpg 200w\" sizes=\"auto, (max-width: 461px) 100vw, 461px\" \/><\/a><\/p>\n","protected":false},"excerpt":{"rendered":"<p><a href=\"https:\/\/photos.app.goo.gl\/gw1UxPFJuiHSnLrg7\"><\/a><br \/>\nQuin t\u00edtol m\u00e9s estrany, oi? Qu\u00e8 vol dir aix\u00f2 de carnaval transparent?<br \/>\nDoncs us ho expliquem. Els fantasmes, \u00e9s com es diu la nostra classe, una tarda de dilluns que ens tocava art, ens vam trobar la classe del tot desmuntada i plena de taules&hellip;  <a href=\"https:\/\/agora.xtec.cat\/ceipfmacia-orrius\/ci\/anelles-olimpiques\/carnaval-transparent\/\" title=\"Read CARNAVAL TRANSPARENT\">Llegeix m\u00e9s\u00bb<\/a><\/p>\n","protected":false},"author":5,"featured_media":1114,"comment_status":"open","ping_status":"closed","sticky":false,"template":"","format":"standard","meta":{"_bbp_topic_count":0,"_bbp_reply_count":0,"_bbp_total_topic_count":0,"_bbp_total_reply_count":0,"_bbp_voice_count":0,"_bbp_anonymous_reply_count":0,"_bbp_topic_count_hidden":0,"_bbp_reply_count_hidden":0,"_bbp_forum_subforum_count":0,"footnotes":""},"categories":[10,73],"tags":[87],"class_list":["post-1113","post","type-post","status-publish","format-standard","has-post-thumbnail","hentry","category-anelles-olimpiques","category-art","tag-art"],"post_mailing_queue_ids":[],"_links":{"self":[{"href":"https:\/\/agora.xtec.cat\/ceipfmacia-orrius\/wp-json\/wp\/v2\/posts\/1113","targetHints":{"allow":["GET"]}}],"collection":[{"href":"https:\/\/agora.xtec.cat\/ceipfmacia-orrius\/wp-json\/wp\/v2\/posts"}],"about":[{"href":"https:\/\/agora.xtec.cat\/ceipfmacia-orrius\/wp-json\/wp\/v2\/types\/post"}],"author":[{"embeddable":true,"href":"https:\/\/agora.xtec.cat\/ceipfmacia-orrius\/wp-json\/wp\/v2\/users\/5"}],"replies":[{"embeddable":true,"href":"https:\/\/agora.xtec.cat\/ceipfmacia-orrius\/wp-json\/wp\/v2\/comments?post=1113"}],"version-history":[{"count":3,"href":"https:\/\/agora.xtec.cat\/ceipfmacia-orrius\/wp-json\/wp\/v2\/posts\/1113\/revisions"}],"predecessor-version":[{"id":1117,"href":"https:\/\/agora.xtec.cat\/ceipfmacia-orrius\/wp-json\/wp\/v2\/posts\/1113\/revisions\/1117"}],"wp:featuredmedia":[{"embeddable":true,"href":"https:\/\/agora.xtec.cat\/ceipfmacia-orrius\/wp-json\/wp\/v2\/media\/1114"}],"wp:attachment":[{"href":"https:\/\/agora.xtec.cat\/ceipfmacia-orrius\/wp-json\/wp\/v2\/media?parent=1113"}],"wp:term":[{"taxonomy":"category","embeddable":true,"href":"https:\/\/agora.xtec.cat\/ceipfmacia-orrius\/wp-json\/wp\/v2\/categories?post=1113"},{"taxonomy":"post_tag","embeddable":true,"href":"https:\/\/agora.xtec.cat\/ceipfmacia-orrius\/wp-json\/wp\/v2\/tags?post=1113"}],"curies":[{"name":"wp","href":"https:\/\/api.w.org\/{rel}","templated":true}]}}