{"id":1062,"date":"2019-10-25T16:29:15","date_gmt":"2019-10-25T14:29:15","guid":{"rendered":"https:\/\/agora.xtec.cat\/ceipfmacia-orrius\/?p=1062"},"modified":"2020-03-21T12:51:02","modified_gmt":"2020-03-21T11:51:02","slug":"dibuixem-cases-del-poble","status":"publish","type":"post","link":"https:\/\/agora.xtec.cat\/ceipfmacia-orrius\/ci\/anelles-olimpiques\/dibuixem-cases-del-poble\/","title":{"rendered":"DIBUIXEM CASES DEL POBLE"},"content":{"rendered":"<p><a href=\"https:\/\/photos.app.goo.gl\/ePzCqz83y3N74W8YA\"><img loading=\"lazy\" decoding=\"async\" class=\"wp-image-1060 aligncenter\" src=\"https:\/\/agora.xtec.cat\/ceipfmacia-orrius\/wp-content\/uploads\/usu2067\/2020\/03\/cases-portada.png\" alt=\"\" width=\"226\" height=\"175\" \/><\/a><\/p>\n<p><span style=\"font-weight: 400;\">Avui, analitzarem les cases del voltant de la pla\u00e7a, amb m\u00e9s detall del que ho fem normalment. Agafem carpetes, llapis i gomes, i emprenem cam\u00ed. <\/span><span style=\"font-weight: 400;\">Una vegada som a lloc, cadasc\u00fa busquem quin habitatge dels que hi ha, ens atrau m\u00e9s, i l\u2019observem amb detall, en prenem mides d\u2019artista (amb el llapis i un ull tancat), i comencem a elaborar un esb\u00f3s suau, de les primeres l\u00ednies d<\/span><span style=\"font-weight: 400;\">el qu\u00e8 ser\u00e0 la nostra obra d\u2019art.<\/span><\/p>\n<p><span style=\"font-weight: 400;\">Hem dibuixat l\u2019esgl\u00e9sia, l\u2019ajuntament, Cal Truch i altres cases de l\u2019entorn. Ens han quedat molt boniques, ser\u00e0 veritat el qu\u00e8 ens diuen els mestres, que estem fets uns aut\u00e8ntics artistes?<\/span><\/p>\n<p><span style=\"font-weight: 400;\">Poder que ens ho comencem a creure, van estar els nostres dibuixos, un temps penjats al pany de paret de l\u2019escala, del vest\u00edbul de l\u2019escola. <\/span><span style=\"font-weight: 400;\">Esperem que gaudiu veient que concentrats\u00a0<\/span><span style=\"font-weight: 400;\">est\u00e0vem fent els dibuixos.<\/span><\/p>\n<p style=\"text-align: center;\"><span style=\"text-decoration: underline;\"><strong>FEU CLIC A LA IMATGE PER <\/strong><strong>A VEURE LA GALERIA DE FOTOS<\/strong><\/span><\/p>\n<p><a href=\"https:\/\/photos.app.goo.gl\/ePzCqz83y3N74W8YA\"><img loading=\"lazy\" decoding=\"async\" class=\"wp-image-1060 aligncenter\" src=\"https:\/\/agora.xtec.cat\/ceipfmacia-orrius\/wp-content\/uploads\/usu2067\/2020\/03\/cases-portada.png\" alt=\"\" width=\"384\" height=\"301\" srcset=\"https:\/\/agora.xtec.cat\/ceipfmacia-orrius\/wp-content\/uploads\/usu2067\/2020\/03\/cases-portada.png 600w, https:\/\/agora.xtec.cat\/ceipfmacia-orrius\/wp-content\/uploads\/usu2067\/2020\/03\/cases-portada-300x235.png 300w\" sizes=\"auto, (max-width: 384px) 100vw, 384px\" \/><\/a><\/p>\n","protected":false},"excerpt":{"rendered":"<p><a href=\"https:\/\/photos.app.goo.gl\/ePzCqz83y3N74W8YA\"><\/a><br \/>\nAvui, analitzarem les cases del voltant de la pla\u00e7a, amb m\u00e9s detall del que ho fem normalment. Agafem carpetes, llapis i gomes, i emprenem cam\u00ed. Una vegada som a lloc, cadasc\u00fa busquem quin habitatge dels que hi ha, ens atrau m\u00e9s, i l\u2019observem amb&hellip;  <a href=\"https:\/\/agora.xtec.cat\/ceipfmacia-orrius\/ci\/anelles-olimpiques\/dibuixem-cases-del-poble\/\" title=\"Read DIBUIXEM CASES DEL POBLE\">Llegeix m\u00e9s\u00bb<\/a><\/p>\n","protected":false},"author":5,"featured_media":1060,"comment_status":"open","ping_status":"closed","sticky":false,"template":"","format":"standard","meta":{"_bbp_topic_count":0,"_bbp_reply_count":0,"_bbp_total_topic_count":0,"_bbp_total_reply_count":0,"_bbp_voice_count":0,"_bbp_anonymous_reply_count":0,"_bbp_topic_count_hidden":0,"_bbp_reply_count_hidden":0,"_bbp_forum_subforum_count":0,"footnotes":""},"categories":[10,73],"tags":[87],"class_list":["post-1062","post","type-post","status-publish","format-standard","has-post-thumbnail","hentry","category-anelles-olimpiques","category-art","tag-art"],"post_mailing_queue_ids":[],"_links":{"self":[{"href":"https:\/\/agora.xtec.cat\/ceipfmacia-orrius\/wp-json\/wp\/v2\/posts\/1062","targetHints":{"allow":["GET"]}}],"collection":[{"href":"https:\/\/agora.xtec.cat\/ceipfmacia-orrius\/wp-json\/wp\/v2\/posts"}],"about":[{"href":"https:\/\/agora.xtec.cat\/ceipfmacia-orrius\/wp-json\/wp\/v2\/types\/post"}],"author":[{"embeddable":true,"href":"https:\/\/agora.xtec.cat\/ceipfmacia-orrius\/wp-json\/wp\/v2\/users\/5"}],"replies":[{"embeddable":true,"href":"https:\/\/agora.xtec.cat\/ceipfmacia-orrius\/wp-json\/wp\/v2\/comments?post=1062"}],"version-history":[{"count":3,"href":"https:\/\/agora.xtec.cat\/ceipfmacia-orrius\/wp-json\/wp\/v2\/posts\/1062\/revisions"}],"predecessor-version":[{"id":1124,"href":"https:\/\/agora.xtec.cat\/ceipfmacia-orrius\/wp-json\/wp\/v2\/posts\/1062\/revisions\/1124"}],"wp:featuredmedia":[{"embeddable":true,"href":"https:\/\/agora.xtec.cat\/ceipfmacia-orrius\/wp-json\/wp\/v2\/media\/1060"}],"wp:attachment":[{"href":"https:\/\/agora.xtec.cat\/ceipfmacia-orrius\/wp-json\/wp\/v2\/media?parent=1062"}],"wp:term":[{"taxonomy":"category","embeddable":true,"href":"https:\/\/agora.xtec.cat\/ceipfmacia-orrius\/wp-json\/wp\/v2\/categories?post=1062"},{"taxonomy":"post_tag","embeddable":true,"href":"https:\/\/agora.xtec.cat\/ceipfmacia-orrius\/wp-json\/wp\/v2\/tags?post=1062"}],"curies":[{"name":"wp","href":"https:\/\/api.w.org\/{rel}","templated":true}]}}