{"id":1021,"date":"2019-10-23T09:33:33","date_gmt":"2019-10-23T07:33:33","guid":{"rendered":"https:\/\/agora.xtec.cat\/ceipfmacia-orrius\/?p=1021"},"modified":"2020-03-21T10:22:20","modified_gmt":"2020-03-21T09:22:20","slug":"primers-dies","status":"publish","type":"post","link":"https:\/\/agora.xtec.cat\/ceipfmacia-orrius\/infantil\/primers-dies\/","title":{"rendered":"Primers dies a l&#8217;escola!"},"content":{"rendered":"<p>Amb el curs en marxa, us volem compartir aquest v\u00eddeo on veureu els primers dies dels vostres fills i filles a l&#8217;escola. Uns dies que sempre s\u00f3n importants perqu\u00e8 es van adaptant als nous espais, a les diferents activitats i molt especialment \u00e9s el moment del retrobament amb els amics i d&#8217;establir nous vincles i complicitats! (Cliqueu en el quadrat de la dreta del v\u00eddeo per veure&#8217;l m\u00e9s gran)<\/p>\n<p><object width=\"640\" height=\"360\"><param name=\"movie\" value=\"https:\/\/app.kizoa.pl\/i-Contact\/sflite.swf?did=298870708&#038;k=P1045702277&#038;hk=1&#038;loop=1\"><\/param><param name=\"wmode\" value=\"transparent\"><\/param><param name=\"allowFullScreen\" value=\"true\"><\/param><embed src=\"https:\/\/app.kizoa.pl\/i-Contact\/sflite.swf?did=298870708&#038;k=P1045702277&#038;hk=1&#038;loop=1\" type=\"application\/x-shockwave-flash\" wmode=\"transparent\" width=\"640\" height=\"360\" allowFullScreen=\"true\"><\/embed><\/object><br \/>\n<a href=\"http:\/\/www.kizoa.es\/Editar-V\u00eddeos-Movie-Maker\/d298870708kP1045702277o2l1\/2019-20-primers-dies\" rel=\"noopener noreferrer\" target=\"_blank\">V\u00eddeo Primers dies. (Cliqueu aqu\u00ed, per m\u00f2bils i tablets)<\/a><\/p>\n","protected":false},"excerpt":{"rendered":"<p>Amb el curs en marxa, us volem compartir aquest v\u00eddeo on veureu els primers dies dels vostres fills i filles a l&#8217;escola. Uns dies que sempre s\u00f3n importants perqu\u00e8 es van adaptant als nous espais, a les diferents activitats i molt especialment \u00e9s el moment&hellip;  <a href=\"https:\/\/agora.xtec.cat\/ceipfmacia-orrius\/infantil\/primers-dies\/\" title=\"Read Primers dies a l&#8217;escola!\">Llegeix m\u00e9s\u00bb<\/a><\/p>\n","protected":false},"author":17,"featured_media":0,"comment_status":"open","ping_status":"closed","sticky":false,"template":"","format":"standard","meta":{"_bbp_topic_count":0,"_bbp_reply_count":0,"_bbp_total_topic_count":0,"_bbp_total_reply_count":0,"_bbp_voice_count":0,"_bbp_anonymous_reply_count":0,"_bbp_topic_count_hidden":0,"_bbp_reply_count_hidden":0,"_bbp_forum_subforum_count":0,"footnotes":""},"categories":[2,3,8],"tags":[],"class_list":["post-1021","post","type-post","status-publish","format-standard","hentry","category-infantil","category-maons","category-aquatics-infantil"],"post_mailing_queue_ids":[],"_links":{"self":[{"href":"https:\/\/agora.xtec.cat\/ceipfmacia-orrius\/wp-json\/wp\/v2\/posts\/1021","targetHints":{"allow":["GET"]}}],"collection":[{"href":"https:\/\/agora.xtec.cat\/ceipfmacia-orrius\/wp-json\/wp\/v2\/posts"}],"about":[{"href":"https:\/\/agora.xtec.cat\/ceipfmacia-orrius\/wp-json\/wp\/v2\/types\/post"}],"author":[{"embeddable":true,"href":"https:\/\/agora.xtec.cat\/ceipfmacia-orrius\/wp-json\/wp\/v2\/users\/17"}],"replies":[{"embeddable":true,"href":"https:\/\/agora.xtec.cat\/ceipfmacia-orrius\/wp-json\/wp\/v2\/comments?post=1021"}],"version-history":[{"count":3,"href":"https:\/\/agora.xtec.cat\/ceipfmacia-orrius\/wp-json\/wp\/v2\/posts\/1021\/revisions"}],"predecessor-version":[{"id":1093,"href":"https:\/\/agora.xtec.cat\/ceipfmacia-orrius\/wp-json\/wp\/v2\/posts\/1021\/revisions\/1093"}],"wp:attachment":[{"href":"https:\/\/agora.xtec.cat\/ceipfmacia-orrius\/wp-json\/wp\/v2\/media?parent=1021"}],"wp:term":[{"taxonomy":"category","embeddable":true,"href":"https:\/\/agora.xtec.cat\/ceipfmacia-orrius\/wp-json\/wp\/v2\/categories?post=1021"},{"taxonomy":"post_tag","embeddable":true,"href":"https:\/\/agora.xtec.cat\/ceipfmacia-orrius\/wp-json\/wp\/v2\/tags?post=1021"}],"curies":[{"name":"wp","href":"https:\/\/api.w.org\/{rel}","templated":true}]}}