{"id":9823,"date":"2023-10-05T09:56:08","date_gmt":"2023-10-05T07:56:08","guid":{"rendered":"https:\/\/agora.xtec.cat\/ceipflix\/?p=9823"},"modified":"2023-10-05T09:56:08","modified_gmt":"2023-10-05T07:56:08","slug":"obert-el-termini-per-tramitar-lajuda-de-material-escolar-del-consell-comarcal","status":"publish","type":"post","link":"https:\/\/agora.xtec.cat\/ceipflix\/general\/obert-el-termini-per-tramitar-lajuda-de-material-escolar-del-consell-comarcal\/","title":{"rendered":"Obert el termini per tramitar l&#8217;ajuda de material escolar del Consell Comarcal"},"content":{"rendered":"<p>Benvolgudes fam\u00edlies,<br \/>\nEl Consell Comarcal de la Ribera d&#8217;Ebre ha obert la convocat\u00f2ria d&#8217;ajudes per l&#8217;adquisici\u00f3 de llibres\/material escolar per aquest curs 2023-24.<br \/>\nTrobareu tota la informaci\u00f3 a:<\/p>\n<blockquote class=\"wp-embedded-content\" data-secret=\"Oxh70ES70m\"><p><a href=\"https:\/\/www.riberaebre.org\/serveis\/ajuts-i-subvencions\/\">Ajuts i subvencions<\/a><\/p><\/blockquote>\n<p><iframe loading=\"lazy\" class=\"wp-embedded-content\" sandbox=\"allow-scripts\" security=\"restricted\" style=\"position: absolute; clip: rect(1px, 1px, 1px, 1px);\" title=\"&#8220;Ajuts i subvencions&#8221; &#8212; Consell Comarcal de la Ribera d&#039;Ebre\" src=\"https:\/\/www.riberaebre.org\/serveis\/ajuts-i-subvencions\/embed\/#?secret=Oxh70ES70m\" data-secret=\"Oxh70ES70m\" width=\"500\" height=\"282\" frameborder=\"0\" marginwidth=\"0\" marginheight=\"0\" scrolling=\"no\"><\/iframe><\/p>\n<p>El termini per portar tota la documentaci\u00f3 a l&#8217;escola ser\u00e0 el proper dilluns 16 d&#8217;octubre a les 12.30h, per poder-la revisar i entregar dimecres al Consell.<br \/>\nUs adjuntem l&#8217;enlla\u00e7 de sol\u00b7licitud de l&#8217;ajuda:<\/p>\n<p><a href=\"https:\/\/www.riberaebre.org\/wp-content\/uploads\/2023\/10\/SOL.LICITUD-LLIBRES-2023-2024.pdf\" target=\"_blank\" rel=\"noopener\">https:\/\/www.riberaebre.org\/wp-content\/uploads\/2023\/10\/SOL.LICITUD-LLIBRES-2023-2024.pdf<\/a><\/p>\n<p>Qualsevol fam\u00edlia que vulgui tramitar-la i necessiti ajuda, sols cal que truqueu al 977411045 (de 9.30 fins 13.00h) per concertar hora.<\/p>\n<p>Seguim!<\/p>\n","protected":false},"excerpt":{"rendered":"<p>Benvolgudes fam\u00edlies, El Consell Comarcal de la Ribera d&#8217;Ebre ha obert la convocat\u00f2ria d&#8217;ajudes per l&#8217;adquisici\u00f3 de llibres\/material escolar per aquest curs 2023-24. Trobareu tota la informaci\u00f3 a: Ajuts i subvencions El termini per portar tota la documentaci\u00f3 a l&#8217;escola ser\u00e0 el proper dilluns 16 d&#8217;octubre a les 12.30h, per poder-la revisar i entregar dimecres [&hellip;]<\/p>\n","protected":false},"author":1,"featured_media":9824,"comment_status":"open","ping_status":"closed","sticky":false,"template":"","format":"standard","meta":{"_bbp_topic_count":0,"_bbp_reply_count":0,"_bbp_total_topic_count":0,"_bbp_total_reply_count":0,"_bbp_voice_count":0,"_bbp_anonymous_reply_count":0,"_bbp_topic_count_hidden":0,"_bbp_reply_count_hidden":0,"_bbp_forum_subforum_count":0,"site-sidebar-layout":"default","site-content-layout":"","ast-site-content-layout":"","site-content-style":"default","site-sidebar-style":"default","ast-global-header-display":"","ast-banner-title-visibility":"","ast-main-header-display":"","ast-hfb-above-header-display":"","ast-hfb-below-header-display":"","ast-hfb-mobile-header-display":"","site-post-title":"","ast-breadcrumbs-content":"","ast-featured-img":"","footer-sml-layout":"","theme-transparent-header-meta":"","adv-header-id-meta":"","stick-header-meta":"","header-above-stick-meta":"","header-main-stick-meta":"","header-below-stick-meta":"","astra-migrate-meta-layouts":"default","ast-page-background-enabled":"default","ast-page-background-meta":{"desktop":{"background-color":"var(--ast-global-color-4)","background-image":"","background-repeat":"repeat","background-position":"center center","background-size":"auto","background-attachment":"scroll","background-type":"","background-media":"","overlay-type":"","overlay-color":"","overlay-opacity":"","overlay-gradient":""},"tablet":{"background-color":"","background-image":"","background-repeat":"repeat","background-position":"center center","background-size":"auto","background-attachment":"scroll","background-type":"","background-media":"","overlay-type":"","overlay-color":"","overlay-opacity":"","overlay-gradient":""},"mobile":{"background-color":"","background-image":"","background-repeat":"repeat","background-position":"center center","background-size":"auto","background-attachment":"scroll","background-type":"","background-media":"","overlay-type":"","overlay-color":"","overlay-opacity":"","overlay-gradient":""}},"ast-content-background-meta":{"desktop":{"background-color":"var(--ast-global-color-5)","background-image":"","background-repeat":"repeat","background-position":"center center","background-size":"auto","background-attachment":"scroll","background-type":"","background-media":"","overlay-type":"","overlay-color":"","overlay-opacity":"","overlay-gradient":""},"tablet":{"background-color":"var(--ast-global-color-5)","background-image":"","background-repeat":"repeat","background-position":"center center","background-size":"auto","background-attachment":"scroll","background-type":"","background-media":"","overlay-type":"","overlay-color":"","overlay-opacity":"","overlay-gradient":""},"mobile":{"background-color":"var(--ast-global-color-5)","background-image":"","background-repeat":"repeat","background-position":"center center","background-size":"auto","background-attachment":"scroll","background-type":"","background-media":"","overlay-type":"","overlay-color":"","overlay-opacity":"","overlay-gradient":""}},"footnotes":""},"categories":[117,1,2,4,5],"tags":[337,536,950],"class_list":["post-9823","post","type-post","status-publish","format-standard","has-post-thumbnail","hentry","category-bequesajuts","category-general","category-infantil","category-portada","category-primaria","tag-ajuts-consell-comarcal","tag-beques","tag-material-escolar"],"post_mailing_queue_ids":[],"_links":{"self":[{"href":"https:\/\/agora.xtec.cat\/ceipflix\/wp-json\/wp\/v2\/posts\/9823","targetHints":{"allow":["GET"]}}],"collection":[{"href":"https:\/\/agora.xtec.cat\/ceipflix\/wp-json\/wp\/v2\/posts"}],"about":[{"href":"https:\/\/agora.xtec.cat\/ceipflix\/wp-json\/wp\/v2\/types\/post"}],"author":[{"embeddable":true,"href":"https:\/\/agora.xtec.cat\/ceipflix\/wp-json\/wp\/v2\/users\/1"}],"replies":[{"embeddable":true,"href":"https:\/\/agora.xtec.cat\/ceipflix\/wp-json\/wp\/v2\/comments?post=9823"}],"version-history":[{"count":1,"href":"https:\/\/agora.xtec.cat\/ceipflix\/wp-json\/wp\/v2\/posts\/9823\/revisions"}],"predecessor-version":[{"id":9825,"href":"https:\/\/agora.xtec.cat\/ceipflix\/wp-json\/wp\/v2\/posts\/9823\/revisions\/9825"}],"wp:featuredmedia":[{"embeddable":true,"href":"https:\/\/agora.xtec.cat\/ceipflix\/wp-json\/wp\/v2\/media\/9824"}],"wp:attachment":[{"href":"https:\/\/agora.xtec.cat\/ceipflix\/wp-json\/wp\/v2\/media?parent=9823"}],"wp:term":[{"taxonomy":"category","embeddable":true,"href":"https:\/\/agora.xtec.cat\/ceipflix\/wp-json\/wp\/v2\/categories?post=9823"},{"taxonomy":"post_tag","embeddable":true,"href":"https:\/\/agora.xtec.cat\/ceipflix\/wp-json\/wp\/v2\/tags?post=9823"}],"curies":[{"name":"wp","href":"https:\/\/api.w.org\/{rel}","templated":true}]}}