{"id":9559,"date":"2023-05-11T18:06:47","date_gmt":"2023-05-11T16:06:47","guid":{"rendered":"https:\/\/agora.xtec.cat\/ceipflix\/?p=9559"},"modified":"2023-05-11T18:07:54","modified_gmt":"2023-05-11T16:07:54","slug":"tercer-dia-i-ultim-del-job-shadowing-erasmus","status":"publish","type":"post","link":"https:\/\/agora.xtec.cat\/ceipflix\/general\/tercer-dia-i-ultim-del-job-shadowing-erasmus\/","title":{"rendered":"Tercer dia i \u00faltim del Job Shadowing Erasmus +"},"content":{"rendered":"<p>Benvolgudes fam\u00edlies,<\/p>\n<p style=\"text-align: justify;\">Avui hem realitzat l&#8217;\u00faltim intercanvi d&#8217;experi\u00e8ncies a Toulouse amb la visita al Groupe Scolaire Simone Veil que agrupa una escola d&#8217;educaci\u00f3 infantil i una de prim\u00e0ria que comparteixen certs espais i projectes, entre ells materials Snoezelen per aplicar-ho a les hores CLAE (acollida, migdia i tarda). Ens ha rebut el seu director CLAE Osama acompanyat per la directora amfitriona Marie France de l&#8217;Escola Jean Chaubet. Hem pogut visitar les noves instal\u00b7lacions dels dos centres anomenats de prioritat educativa per la tipologia d&#8217;alumnat que rep. Hem compartit una estona com apliquen el m\u00e8tode Snoezelen en les franges CLAE i hem intercanviat impressions sobre l&#8217;atenci\u00f3 a l&#8217;alumnat i la import\u00e0ncia del benestar emocional.<\/p>\n<p style=\"text-align: justify;\">Una experi\u00e8ncia enriquidora poder con\u00e8ixer altres realitats educatives, amb sistemes pedag\u00f2gics i organitzatius molt diferents per\u00f2 amb la mateixa missi\u00f3 d&#8217;oferir les millors condicions i oportunitats al nostre alumnat. I en el cas concret de l&#8217;aplicaci\u00f3 del m\u00e8tode Snoezelen, ens emportem noves idees de materials per adquirir aix\u00ed com l&#8217;inici d&#8217;un grup de treball que seguir\u00e0 en contacte per consolidar l&#8217;aplicaci\u00f3 de l&#8217;Snoezelen a les nostres escoles.<\/p>\n<p>Us deixem amb un v\u00eddeo resum dels tres dies d&#8217;intercanvi d&#8217;experi\u00e8ncies:<\/p>\n<div class=\"ast-oembed-container \" style=\"height: 100%;\"><iframe loading=\"lazy\" title=\"Resum Job Shadowing realitzat a Toulouse (Erasmus +).\" width=\"500\" height=\"281\" src=\"https:\/\/www.youtube.com\/embed\/f87f7f_ueU8?feature=oembed\" frameborder=\"0\" allow=\"accelerometer; autoplay; clipboard-write; encrypted-media; gyroscope; picture-in-picture; web-share\" referrerpolicy=\"strict-origin-when-cross-origin\" allowfullscreen><\/iframe><\/div>\n<p><a href=\"https:\/\/agora.xtec.cat\/ceipflix\/general\/job-shadowing-a-toulouse-franca\/attachment\/es_cofinanciado_por_la_union_europea_pos\/\" rel=\"attachment wp-att-9535\"><img loading=\"lazy\" decoding=\"async\" class=\"alignnone size-large wp-image-9535\" src=\"https:\/\/agora.xtec.cat\/ceipflix\/wp-content\/uploads\/usu61\/2023\/05\/es_cofinanciado_por_la_union_europea_pos-1024x215.png\" alt=\"\" width=\"1024\" height=\"215\" srcset=\"https:\/\/agora.xtec.cat\/ceipflix\/wp-content\/uploads\/usu61\/2023\/05\/es_cofinanciado_por_la_union_europea_pos-1024x215.png 1024w, https:\/\/agora.xtec.cat\/ceipflix\/wp-content\/uploads\/usu61\/2023\/05\/es_cofinanciado_por_la_union_europea_pos-300x63.png 300w, https:\/\/agora.xtec.cat\/ceipflix\/wp-content\/uploads\/usu61\/2023\/05\/es_cofinanciado_por_la_union_europea_pos-768x161.png 768w, https:\/\/agora.xtec.cat\/ceipflix\/wp-content\/uploads\/usu61\/2023\/05\/es_cofinanciado_por_la_union_europea_pos-1536x322.png 1536w, https:\/\/agora.xtec.cat\/ceipflix\/wp-content\/uploads\/usu61\/2023\/05\/es_cofinanciado_por_la_union_europea_pos-2048x429.png 2048w\" sizes=\"auto, (max-width: 1024px) 100vw, 1024px\" \/><\/a><\/p>\n","protected":false},"excerpt":{"rendered":"<p>Benvolgudes fam\u00edlies, Avui hem realitzat l&#8217;\u00faltim intercanvi d&#8217;experi\u00e8ncies a Toulouse amb la visita al Groupe Scolaire Simone Veil que agrupa una escola d&#8217;educaci\u00f3 infantil i una de prim\u00e0ria que comparteixen certs espais i projectes, entre ells materials Snoezelen per aplicar-ho a les hores CLAE (acollida, migdia i tarda). Ens ha rebut el seu director CLAE [&hellip;]<\/p>\n","protected":false},"author":1,"featured_media":9535,"comment_status":"open","ping_status":"closed","sticky":false,"template":"","format":"standard","meta":{"_bbp_topic_count":0,"_bbp_reply_count":0,"_bbp_total_topic_count":0,"_bbp_total_reply_count":0,"_bbp_voice_count":0,"_bbp_anonymous_reply_count":0,"_bbp_topic_count_hidden":0,"_bbp_reply_count_hidden":0,"_bbp_forum_subforum_count":0,"site-sidebar-layout":"default","site-content-layout":"","ast-site-content-layout":"","site-content-style":"default","site-sidebar-style":"default","ast-global-header-display":"","ast-banner-title-visibility":"","ast-main-header-display":"","ast-hfb-above-header-display":"","ast-hfb-below-header-display":"","ast-hfb-mobile-header-display":"","site-post-title":"","ast-breadcrumbs-content":"","ast-featured-img":"","footer-sml-layout":"","theme-transparent-header-meta":"","adv-header-id-meta":"","stick-header-meta":"","header-above-stick-meta":"","header-main-stick-meta":"","header-below-stick-meta":"","astra-migrate-meta-layouts":"default","ast-page-background-enabled":"default","ast-page-background-meta":{"desktop":{"background-color":"var(--ast-global-color-4)","background-image":"","background-repeat":"repeat","background-position":"center center","background-size":"auto","background-attachment":"scroll","background-type":"","background-media":"","overlay-type":"","overlay-color":"","overlay-opacity":"","overlay-gradient":""},"tablet":{"background-color":"","background-image":"","background-repeat":"repeat","background-position":"center center","background-size":"auto","background-attachment":"scroll","background-type":"","background-media":"","overlay-type":"","overlay-color":"","overlay-opacity":"","overlay-gradient":""},"mobile":{"background-color":"","background-image":"","background-repeat":"repeat","background-position":"center center","background-size":"auto","background-attachment":"scroll","background-type":"","background-media":"","overlay-type":"","overlay-color":"","overlay-opacity":"","overlay-gradient":""}},"ast-content-background-meta":{"desktop":{"background-color":"var(--ast-global-color-5)","background-image":"","background-repeat":"repeat","background-position":"center center","background-size":"auto","background-attachment":"scroll","background-type":"","background-media":"","overlay-type":"","overlay-color":"","overlay-opacity":"","overlay-gradient":""},"tablet":{"background-color":"var(--ast-global-color-5)","background-image":"","background-repeat":"repeat","background-position":"center center","background-size":"auto","background-attachment":"scroll","background-type":"","background-media":"","overlay-type":"","overlay-color":"","overlay-opacity":"","overlay-gradient":""},"mobile":{"background-color":"var(--ast-global-color-5)","background-image":"","background-repeat":"repeat","background-position":"center center","background-size":"auto","background-attachment":"scroll","background-type":"","background-media":"","overlay-type":"","overlay-color":"","overlay-opacity":"","overlay-gradient":""}},"footnotes":""},"categories":[117,110,839,1,2,196,4,5,94],"tags":[661,834,885,195,43,694,656,922],"class_list":["post-9559","post","type-post","status-publish","format-standard","has-post-thumbnail","hentry","category-bequesajuts","category-aula_snoezelen","category-erasmus","category-general","category-infantil","category-mestres","category-portada","category-primaria","category-projectes","tag-aula-multisensorial","tag-curs-2022-23","tag-erasmus","tag-formacio","tag-projectes","tag-sala-snoezelen-del-cloret","tag-snoezelen","tag-snoezelencloret"],"post_mailing_queue_ids":[],"_links":{"self":[{"href":"https:\/\/agora.xtec.cat\/ceipflix\/wp-json\/wp\/v2\/posts\/9559","targetHints":{"allow":["GET"]}}],"collection":[{"href":"https:\/\/agora.xtec.cat\/ceipflix\/wp-json\/wp\/v2\/posts"}],"about":[{"href":"https:\/\/agora.xtec.cat\/ceipflix\/wp-json\/wp\/v2\/types\/post"}],"author":[{"embeddable":true,"href":"https:\/\/agora.xtec.cat\/ceipflix\/wp-json\/wp\/v2\/users\/1"}],"replies":[{"embeddable":true,"href":"https:\/\/agora.xtec.cat\/ceipflix\/wp-json\/wp\/v2\/comments?post=9559"}],"version-history":[{"count":1,"href":"https:\/\/agora.xtec.cat\/ceipflix\/wp-json\/wp\/v2\/posts\/9559\/revisions"}],"predecessor-version":[{"id":9560,"href":"https:\/\/agora.xtec.cat\/ceipflix\/wp-json\/wp\/v2\/posts\/9559\/revisions\/9560"}],"wp:featuredmedia":[{"embeddable":true,"href":"https:\/\/agora.xtec.cat\/ceipflix\/wp-json\/wp\/v2\/media\/9535"}],"wp:attachment":[{"href":"https:\/\/agora.xtec.cat\/ceipflix\/wp-json\/wp\/v2\/media?parent=9559"}],"wp:term":[{"taxonomy":"category","embeddable":true,"href":"https:\/\/agora.xtec.cat\/ceipflix\/wp-json\/wp\/v2\/categories?post=9559"},{"taxonomy":"post_tag","embeddable":true,"href":"https:\/\/agora.xtec.cat\/ceipflix\/wp-json\/wp\/v2\/tags?post=9559"}],"curies":[{"name":"wp","href":"https:\/\/api.w.org\/{rel}","templated":true}]}}