{"id":8816,"date":"2022-08-06T18:01:00","date_gmt":"2022-08-06T16:01:00","guid":{"rendered":"https:\/\/agora.xtec.cat\/ceipflix\/?p=8816"},"modified":"2022-08-06T18:01:00","modified_gmt":"2022-08-06T16:01:00","slug":"sessio-snoezelen-amb-la-residencia-de-gent-gran","status":"publish","type":"post","link":"https:\/\/agora.xtec.cat\/ceipflix\/general\/sessio-snoezelen-amb-la-residencia-de-gent-gran\/","title":{"rendered":"Sessi\u00f3 Snoezelen amb la Resid\u00e8ncia de gent gran"},"content":{"rendered":"<p>Benvolgudes fam\u00edlies,<\/p>\n<p style=\"text-align: justify;\">El passat dijous 4 d&#8217;agost vam tenir una visita molt especial. \ud83e\udd70<\/p>\n<p>Un grup d\u2019usuaris de la Resid\u00e8ncia de Gent Gran Les Escoles Velles acompanyades de l\u2019educadora social <a class=\"oajrlxb2 g5ia77u1 qu0x051f esr5mh6w e9989ue4 r7d6kgcz rq0escxv nhd2j8a9 nc684nl6 p7hjln8o kvgmc6g5 cxmmr5t8 oygrvhab hcukyx3x jb3vyjys rz4wbd8a qt6c0cv9 a8nywdso i1ao9s8h esuyzwwr f1sip0of lzcic4wl  _aa9_ _a6hd\" tabindex=\"0\" role=\"link\" href=\"https:\/\/www.instagram.com\/explore\/tags\/mireia\/\">#Mireia<\/a><a class=\"oajrlxb2 g5ia77u1 qu0x051f esr5mh6w e9989ue4 r7d6kgcz rq0escxv nhd2j8a9 nc684nl6 p7hjln8o kvgmc6g5 cxmmr5t8 oygrvhab hcukyx3x jb3vyjys rz4wbd8a qt6c0cv9 a8nywdso i1ao9s8h esuyzwwr f1sip0of lzcic4wl notranslate _a6hd\" tabindex=\"0\" role=\"link\" href=\"https:\/\/www.instagram.com\/exercicis_que_connecten\/\">@exercicis_que_connecten<\/a> i la treballadora social <a class=\"oajrlxb2 g5ia77u1 qu0x051f esr5mh6w e9989ue4 r7d6kgcz rq0escxv nhd2j8a9 nc684nl6 p7hjln8o kvgmc6g5 cxmmr5t8 oygrvhab hcukyx3x jb3vyjys rz4wbd8a qt6c0cv9 a8nywdso i1ao9s8h esuyzwwr f1sip0of lzcic4wl  _aa9_ _a6hd\" tabindex=\"0\" role=\"link\" href=\"https:\/\/www.instagram.com\/explore\/tags\/andrea\/\">#Andrea<\/a> van gaudir d\u2019una sessi\u00f3 <a class=\"oajrlxb2 g5ia77u1 qu0x051f esr5mh6w e9989ue4 r7d6kgcz rq0escxv nhd2j8a9 nc684nl6 p7hjln8o kvgmc6g5 cxmmr5t8 oygrvhab hcukyx3x jb3vyjys rz4wbd8a qt6c0cv9 a8nywdso i1ao9s8h esuyzwwr f1sip0of lzcic4wl  _aa9_ _a6hd\" tabindex=\"0\" role=\"link\" href=\"https:\/\/www.instagram.com\/explore\/tags\/snoezelen\/\">#Snoezelen<\/a> a la nostra escola dins les activitats de la seva Festa Major. \ud83d\ude0a<\/p>\n<p>La nostra companya terapeuta Snoezelen <a class=\"oajrlxb2 g5ia77u1 qu0x051f esr5mh6w e9989ue4 r7d6kgcz rq0escxv nhd2j8a9 nc684nl6 p7hjln8o kvgmc6g5 cxmmr5t8 oygrvhab hcukyx3x jb3vyjys rz4wbd8a qt6c0cv9 a8nywdso i1ao9s8h esuyzwwr f1sip0of lzcic4wl notranslate _a6hd\" tabindex=\"0\" role=\"link\" href=\"https:\/\/www.instagram.com\/petitsgranssentits\/\">@petitsgranssentits<\/a>va preparar activitats diferents als tres espais: Aula Multisensorial, Psicomotricitat i Jard\u00ed sensorial: activitats manipulatives, tast de diferents sabors, olors, m\u00fasica, pintura, un viatge al mar\u2026. \ud83c\udf0a\ud83d\udc20<\/p>\n<p>Van dinamitzar les activitats la mateixa <a class=\"oajrlxb2 g5ia77u1 qu0x051f esr5mh6w e9989ue4 r7d6kgcz rq0escxv nhd2j8a9 nc684nl6 p7hjln8o kvgmc6g5 cxmmr5t8 oygrvhab hcukyx3x jb3vyjys rz4wbd8a qt6c0cv9 a8nywdso i1ao9s8h esuyzwwr f1sip0of lzcic4wl notranslate _a6hd\" tabindex=\"0\" role=\"link\" href=\"https:\/\/www.instagram.com\/petitsgranssentits\/\">@petitsgranssentits <\/a><a class=\"oajrlxb2 g5ia77u1 qu0x051f esr5mh6w e9989ue4 r7d6kgcz rq0escxv nhd2j8a9 nc684nl6 p7hjln8o kvgmc6g5 cxmmr5t8 oygrvhab hcukyx3x jb3vyjys rz4wbd8a qt6c0cv9 a8nywdso i1ao9s8h esuyzwwr f1sip0of lzcic4wl notranslate _a6hd\" tabindex=\"0\" role=\"link\" href=\"https:\/\/www.instagram.com\/raquel_sanchez_segarra\/\">@raquel_sanchez_segarra<\/a>\u00a0, Jan i <a class=\"oajrlxb2 g5ia77u1 qu0x051f esr5mh6w e9989ue4 r7d6kgcz rq0escxv nhd2j8a9 nc684nl6 p7hjln8o kvgmc6g5 cxmmr5t8 oygrvhab hcukyx3x jb3vyjys rz4wbd8a qt6c0cv9 a8nywdso i1ao9s8h esuyzwwr f1sip0of lzcic4wl notranslate _a6hd\" tabindex=\"0\" role=\"link\" href=\"https:\/\/www.instagram.com\/jmalbiac\/\">@jmalbiac<\/a><\/p>\n<p>Ho repetirem les vegades que faci falta!<br \/>\nUna aula creada gr\u00e0cies a la COMUNITAT per a la COMUNITAT\ud83e\udef6\ud83c\udffc<\/p>\n<p>\ud83d\udc49\ud83c\udffc No us podeu perdre el v\u00eddeo resum de la sessi\u00f3! <a href=\"https:\/\/youtu.be\/A25Mlwse_84\">\ud83d\ude0d<\/a><\/p>\n<div class=\"ast-oembed-container \" style=\"height: 100%;\"><iframe loading=\"lazy\" title=\"Sessi\u00f3 Snoezelen als usuaris de la Resid\u00e8ncia Les Escoles Velles\" width=\"500\" height=\"281\" src=\"https:\/\/www.youtube.com\/embed\/A25Mlwse_84?feature=oembed\" frameborder=\"0\" allow=\"accelerometer; autoplay; clipboard-write; encrypted-media; gyroscope; picture-in-picture; web-share\" referrerpolicy=\"strict-origin-when-cross-origin\" allowfullscreen><\/iframe><\/div>\n","protected":false},"excerpt":{"rendered":"<p>Benvolgudes fam\u00edlies, El passat dijous 4 d&#8217;agost vam tenir una visita molt especial. \ud83e\udd70 Un grup d\u2019usuaris de la Resid\u00e8ncia de Gent Gran Les Escoles Velles acompanyades de l\u2019educadora social #Mireia@exercicis_que_connecten i la treballadora social #Andrea van gaudir d\u2019una sessi\u00f3 #Snoezelen a la nostra escola dins les activitats de la seva Festa Major. \ud83d\ude0a La [&hellip;]<\/p>\n","protected":false},"author":1,"featured_media":7693,"comment_status":"open","ping_status":"closed","sticky":false,"template":"","format":"standard","meta":{"_bbp_topic_count":0,"_bbp_reply_count":0,"_bbp_total_topic_count":0,"_bbp_total_reply_count":0,"_bbp_voice_count":0,"_bbp_anonymous_reply_count":0,"_bbp_topic_count_hidden":0,"_bbp_reply_count_hidden":0,"_bbp_forum_subforum_count":0,"site-sidebar-layout":"default","site-content-layout":"","ast-site-content-layout":"","site-content-style":"default","site-sidebar-style":"default","ast-global-header-display":"","ast-banner-title-visibility":"","ast-main-header-display":"","ast-hfb-above-header-display":"","ast-hfb-below-header-display":"","ast-hfb-mobile-header-display":"","site-post-title":"","ast-breadcrumbs-content":"","ast-featured-img":"","footer-sml-layout":"","theme-transparent-header-meta":"","adv-header-id-meta":"","stick-header-meta":"","header-above-stick-meta":"","header-main-stick-meta":"","header-below-stick-meta":"","astra-migrate-meta-layouts":"default","ast-page-background-enabled":"default","ast-page-background-meta":{"desktop":{"background-color":"var(--ast-global-color-4)","background-image":"","background-repeat":"repeat","background-position":"center center","background-size":"auto","background-attachment":"scroll","background-type":"","background-media":"","overlay-type":"","overlay-color":"","overlay-opacity":"","overlay-gradient":""},"tablet":{"background-color":"","background-image":"","background-repeat":"repeat","background-position":"center center","background-size":"auto","background-attachment":"scroll","background-type":"","background-media":"","overlay-type":"","overlay-color":"","overlay-opacity":"","overlay-gradient":""},"mobile":{"background-color":"","background-image":"","background-repeat":"repeat","background-position":"center center","background-size":"auto","background-attachment":"scroll","background-type":"","background-media":"","overlay-type":"","overlay-color":"","overlay-opacity":"","overlay-gradient":""}},"ast-content-background-meta":{"desktop":{"background-color":"var(--ast-global-color-5)","background-image":"","background-repeat":"repeat","background-position":"center center","background-size":"auto","background-attachment":"scroll","background-type":"","background-media":"","overlay-type":"","overlay-color":"","overlay-opacity":"","overlay-gradient":""},"tablet":{"background-color":"var(--ast-global-color-5)","background-image":"","background-repeat":"repeat","background-position":"center center","background-size":"auto","background-attachment":"scroll","background-type":"","background-media":"","overlay-type":"","overlay-color":"","overlay-opacity":"","overlay-gradient":""},"mobile":{"background-color":"var(--ast-global-color-5)","background-image":"","background-repeat":"repeat","background-position":"center center","background-size":"auto","background-attachment":"scroll","background-type":"","background-media":"","overlay-type":"","overlay-color":"","overlay-opacity":"","overlay-gradient":""}},"footnotes":""},"categories":[321,1,4,94,111],"tags":[219,593,417,283,694],"class_list":["post-8816","post","type-post","status-publish","format-standard","has-post-thumbnail","hentry","category-edu360","category-general","category-portada","category-projectes","category-projectes_solidaris","tag-collaboracions","tag-curs-2021-22","tag-educacio-360","tag-residencia","tag-sala-snoezelen-del-cloret"],"post_mailing_queue_ids":[],"_links":{"self":[{"href":"https:\/\/agora.xtec.cat\/ceipflix\/wp-json\/wp\/v2\/posts\/8816","targetHints":{"allow":["GET"]}}],"collection":[{"href":"https:\/\/agora.xtec.cat\/ceipflix\/wp-json\/wp\/v2\/posts"}],"about":[{"href":"https:\/\/agora.xtec.cat\/ceipflix\/wp-json\/wp\/v2\/types\/post"}],"author":[{"embeddable":true,"href":"https:\/\/agora.xtec.cat\/ceipflix\/wp-json\/wp\/v2\/users\/1"}],"replies":[{"embeddable":true,"href":"https:\/\/agora.xtec.cat\/ceipflix\/wp-json\/wp\/v2\/comments?post=8816"}],"version-history":[{"count":1,"href":"https:\/\/agora.xtec.cat\/ceipflix\/wp-json\/wp\/v2\/posts\/8816\/revisions"}],"predecessor-version":[{"id":8817,"href":"https:\/\/agora.xtec.cat\/ceipflix\/wp-json\/wp\/v2\/posts\/8816\/revisions\/8817"}],"wp:featuredmedia":[{"embeddable":true,"href":"https:\/\/agora.xtec.cat\/ceipflix\/wp-json\/wp\/v2\/media\/7693"}],"wp:attachment":[{"href":"https:\/\/agora.xtec.cat\/ceipflix\/wp-json\/wp\/v2\/media?parent=8816"}],"wp:term":[{"taxonomy":"category","embeddable":true,"href":"https:\/\/agora.xtec.cat\/ceipflix\/wp-json\/wp\/v2\/categories?post=8816"},{"taxonomy":"post_tag","embeddable":true,"href":"https:\/\/agora.xtec.cat\/ceipflix\/wp-json\/wp\/v2\/tags?post=8816"}],"curies":[{"name":"wp","href":"https:\/\/api.w.org\/{rel}","templated":true}]}}