{"id":7517,"date":"2021-05-23T17:51:37","date_gmt":"2021-05-23T15:51:37","guid":{"rendered":"https:\/\/agora.xtec.cat\/ceipflix\/?p=7517"},"modified":"2021-05-23T17:54:25","modified_gmt":"2021-05-23T15:54:25","slug":"segon-premi-als-xiv-premis-mayor-zaragoza","status":"publish","type":"post","link":"https:\/\/agora.xtec.cat\/ceipflix\/portada\/segon-premi-als-xiv-premis-mayor-zaragoza\/","title":{"rendered":"Segon premi als XIV Premis Mayor Zaragoza"},"content":{"rendered":"<p style=\"text-align: justify;\">Aquest passat 22 de maig a l&#8217;Auditori Felip Pedrell de Tortosa es va celebrar l&#8217;entrega de premis de l&#8217;edici\u00f3 XIV dels Premis Federico Mayor Zaragoza. Aquest certamen organitzat conjuntament per l&#8217;Associaci\u00f3 d&#8217;amigues i amics de l&#8217;UNESCO de Tortosa i la Universitat Rovira i Virgili pret\u00e9n donar visibilitat al lema Salvem el planeta. Actuem ara, dem\u00e0 pot ser massa tard! amb la creaci\u00f3 de v\u00eddeos per part de l&#8217;alumnat de tot el planeta.<\/p>\n<p style=\"text-align: justify;\">La nostra escola va recollir el segon premi en la categoria de centres d&#8217;educaci\u00f3 prim\u00e0ria (cicle superior) i primer cicle d&#8217;educaci\u00f3 secund\u00e0ria amb el curtmetratge &#8220;I tu, ho tens clar?&#8221; realitzat per l&#8217;alumnat de sis\u00e8 .<\/p>\n<p><a href=\"https:\/\/agora.xtec.cat\/ceipflix\/wp-content\/uploads\/usu61\/2021\/05\/968fadff-3ba5-434a-aab7-1a1c210bdf74.jpg\"><img loading=\"lazy\" decoding=\"async\" class=\"alignnone size-large wp-image-7518\" src=\"https:\/\/agora.xtec.cat\/ceipflix\/wp-content\/uploads\/usu61\/2021\/05\/968fadff-3ba5-434a-aab7-1a1c210bdf74-1024x685.jpg\" alt=\"\" width=\"1024\" height=\"685\" srcset=\"https:\/\/agora.xtec.cat\/ceipflix\/wp-content\/uploads\/usu61\/2021\/05\/968fadff-3ba5-434a-aab7-1a1c210bdf74-1024x685.jpg 1024w, https:\/\/agora.xtec.cat\/ceipflix\/wp-content\/uploads\/usu61\/2021\/05\/968fadff-3ba5-434a-aab7-1a1c210bdf74-300x201.jpg 300w, https:\/\/agora.xtec.cat\/ceipflix\/wp-content\/uploads\/usu61\/2021\/05\/968fadff-3ba5-434a-aab7-1a1c210bdf74-768x514.jpg 768w, https:\/\/agora.xtec.cat\/ceipflix\/wp-content\/uploads\/usu61\/2021\/05\/968fadff-3ba5-434a-aab7-1a1c210bdf74.jpg 1116w\" sizes=\"auto, (max-width: 1024px) 100vw, 1024px\" \/><\/a><\/p>\n<p style=\"text-align: justify;\">88 v\u00eddeos de Catalunya, la resta de l&#8217;estat espanyol i alguns de Llatinoam\u00e8rica es van presentar al certamen donant missatges sobre la necessitat de millorar la sostenibilitat del nostre planeta.<\/p>\n<div class=\"ast-oembed-container \" style=\"height: 100%;\"><iframe loading=\"lazy\" title=\"i tu, ho tens clar? definitiu\" width=\"500\" height=\"281\" src=\"https:\/\/www.youtube.com\/embed\/lBSfRNLxKjA?feature=oembed\" frameborder=\"0\" allow=\"accelerometer; autoplay; clipboard-write; encrypted-media; gyroscope; picture-in-picture; web-share\" referrerpolicy=\"strict-origin-when-cross-origin\" allowfullscreen><\/iframe><\/div>\n<p>El premi consisteix en un diploma commemoratiu, un quadre-trofeu i 250\u20ac que els destinarem a millorar l&#8217;aula audiovisual de la nostra escola. Van recollir el premi les docents responsables de l&#8217;ambient Carles Capdevila Remei Jose Antonio i J\u00falia Mu\u00f1oz i el director del centre Josep Manel Albiac.<\/p>\n<p>Enhorabona a l&#8217;alumnat de sis\u00e8 i a les mestres per la bona feina feta!<\/p>\n<p><a href=\"https:\/\/agora.xtec.cat\/ceipflix\/wp-content\/uploads\/usu61\/2021\/05\/51cefa74-52c1-48e0-aa78-da99215af800.jpg\"><img loading=\"lazy\" decoding=\"async\" class=\"alignnone size-large wp-image-7520\" src=\"https:\/\/agora.xtec.cat\/ceipflix\/wp-content\/uploads\/usu61\/2021\/05\/51cefa74-52c1-48e0-aa78-da99215af800-1024x766.jpg\" alt=\"\" width=\"1024\" height=\"766\" srcset=\"https:\/\/agora.xtec.cat\/ceipflix\/wp-content\/uploads\/usu61\/2021\/05\/51cefa74-52c1-48e0-aa78-da99215af800-1024x766.jpg 1024w, https:\/\/agora.xtec.cat\/ceipflix\/wp-content\/uploads\/usu61\/2021\/05\/51cefa74-52c1-48e0-aa78-da99215af800-300x224.jpg 300w, https:\/\/agora.xtec.cat\/ceipflix\/wp-content\/uploads\/usu61\/2021\/05\/51cefa74-52c1-48e0-aa78-da99215af800-768x575.jpg 768w, https:\/\/agora.xtec.cat\/ceipflix\/wp-content\/uploads\/usu61\/2021\/05\/51cefa74-52c1-48e0-aa78-da99215af800-200x150.jpg 200w, https:\/\/agora.xtec.cat\/ceipflix\/wp-content\/uploads\/usu61\/2021\/05\/51cefa74-52c1-48e0-aa78-da99215af800.jpg 1822w\" sizes=\"auto, (max-width: 1024px) 100vw, 1024px\" \/><\/a><\/p>\n<p>Us deixem amb l&#8217;enregistrament de l&#8217;entrega dels Premis (1hora i 11minuts sortim nosaltres):<\/p>\n<div class=\"ast-oembed-container \" style=\"height: 100%;\"><iframe loading=\"lazy\" title=\"XIV Premi Federico Mayor Zaragoza\" width=\"500\" height=\"281\" src=\"https:\/\/www.youtube.com\/embed\/1jWVutCLOUE?feature=oembed\" frameborder=\"0\" allow=\"accelerometer; autoplay; clipboard-write; encrypted-media; gyroscope; picture-in-picture; web-share\" referrerpolicy=\"strict-origin-when-cross-origin\" allowfullscreen><\/iframe><\/div>\n","protected":false},"excerpt":{"rendered":"<p>Aquest passat 22 de maig a l&#8217;Auditori Felip Pedrell de Tortosa es va celebrar l&#8217;entrega de premis de l&#8217;edici\u00f3 XIV dels Premis Federico Mayor Zaragoza. Aquest certamen organitzat conjuntament per l&#8217;Associaci\u00f3 d&#8217;amigues i amics de l&#8217;UNESCO de Tortosa i la Universitat Rovira i Virgili pret\u00e9n donar visibilitat al lema Salvem el planeta. Actuem ara, dem\u00e0 [&hellip;]<\/p>\n","protected":false},"author":1,"featured_media":7519,"comment_status":"open","ping_status":"closed","sticky":false,"template":"","format":"standard","meta":{"_bbp_topic_count":0,"_bbp_reply_count":0,"_bbp_total_topic_count":0,"_bbp_total_reply_count":0,"_bbp_voice_count":0,"_bbp_anonymous_reply_count":0,"_bbp_topic_count_hidden":0,"_bbp_reply_count_hidden":0,"_bbp_forum_subforum_count":0,"site-sidebar-layout":"default","site-content-layout":"","ast-site-content-layout":"","site-content-style":"default","site-sidebar-style":"default","ast-global-header-display":"","ast-banner-title-visibility":"","ast-main-header-display":"","ast-hfb-above-header-display":"","ast-hfb-below-header-display":"","ast-hfb-mobile-header-display":"","site-post-title":"","ast-breadcrumbs-content":"","ast-featured-img":"","footer-sml-layout":"","theme-transparent-header-meta":"","adv-header-id-meta":"","stick-header-meta":"","header-above-stick-meta":"","header-main-stick-meta":"","header-below-stick-meta":"","astra-migrate-meta-layouts":"default","ast-page-background-enabled":"default","ast-page-background-meta":{"desktop":{"background-color":"var(--ast-global-color-4)","background-image":"","background-repeat":"repeat","background-position":"center center","background-size":"auto","background-attachment":"scroll","background-type":"","background-media":"","overlay-type":"","overlay-color":"","overlay-opacity":"","overlay-gradient":""},"tablet":{"background-color":"","background-image":"","background-repeat":"repeat","background-position":"center center","background-size":"auto","background-attachment":"scroll","background-type":"","background-media":"","overlay-type":"","overlay-color":"","overlay-opacity":"","overlay-gradient":""},"mobile":{"background-color":"","background-image":"","background-repeat":"repeat","background-position":"center center","background-size":"auto","background-attachment":"scroll","background-type":"","background-media":"","overlay-type":"","overlay-color":"","overlay-opacity":"","overlay-gradient":""}},"ast-content-background-meta":{"desktop":{"background-color":"var(--ast-global-color-5)","background-image":"","background-repeat":"repeat","background-position":"center center","background-size":"auto","background-attachment":"scroll","background-type":"","background-media":"","overlay-type":"","overlay-color":"","overlay-opacity":"","overlay-gradient":""},"tablet":{"background-color":"var(--ast-global-color-5)","background-image":"","background-repeat":"repeat","background-position":"center center","background-size":"auto","background-attachment":"scroll","background-type":"","background-media":"","overlay-type":"","overlay-color":"","overlay-opacity":"","overlay-gradient":""},"mobile":{"background-color":"var(--ast-global-color-5)","background-image":"","background-repeat":"repeat","background-position":"center center","background-size":"auto","background-attachment":"scroll","background-type":"","background-media":"","overlay-type":"","overlay-color":"","overlay-opacity":"","overlay-gradient":""}},"footnotes":""},"categories":[15,583,454,330,295,350,4,5,94],"tags":[460,541,461,463,398],"class_list":["post-7517","post","type-post","status-publish","format-standard","has-post-thumbnail","hentry","category-6e","category-ambients","category-cloret-tv","category-coneixement-del-medi","category-educacio-en-valors","category-infonodes","category-portada","category-primaria","category-projectes","tag-ambients","tag-curs-2020-21","tag-mobils-edu","tag-periodisme-digital","tag-valors"],"post_mailing_queue_ids":[],"_links":{"self":[{"href":"https:\/\/agora.xtec.cat\/ceipflix\/wp-json\/wp\/v2\/posts\/7517","targetHints":{"allow":["GET"]}}],"collection":[{"href":"https:\/\/agora.xtec.cat\/ceipflix\/wp-json\/wp\/v2\/posts"}],"about":[{"href":"https:\/\/agora.xtec.cat\/ceipflix\/wp-json\/wp\/v2\/types\/post"}],"author":[{"embeddable":true,"href":"https:\/\/agora.xtec.cat\/ceipflix\/wp-json\/wp\/v2\/users\/1"}],"replies":[{"embeddable":true,"href":"https:\/\/agora.xtec.cat\/ceipflix\/wp-json\/wp\/v2\/comments?post=7517"}],"version-history":[{"count":2,"href":"https:\/\/agora.xtec.cat\/ceipflix\/wp-json\/wp\/v2\/posts\/7517\/revisions"}],"predecessor-version":[{"id":7522,"href":"https:\/\/agora.xtec.cat\/ceipflix\/wp-json\/wp\/v2\/posts\/7517\/revisions\/7522"}],"wp:featuredmedia":[{"embeddable":true,"href":"https:\/\/agora.xtec.cat\/ceipflix\/wp-json\/wp\/v2\/media\/7519"}],"wp:attachment":[{"href":"https:\/\/agora.xtec.cat\/ceipflix\/wp-json\/wp\/v2\/media?parent=7517"}],"wp:term":[{"taxonomy":"category","embeddable":true,"href":"https:\/\/agora.xtec.cat\/ceipflix\/wp-json\/wp\/v2\/categories?post=7517"},{"taxonomy":"post_tag","embeddable":true,"href":"https:\/\/agora.xtec.cat\/ceipflix\/wp-json\/wp\/v2\/tags?post=7517"}],"curies":[{"name":"wp","href":"https:\/\/api.w.org\/{rel}","templated":true}]}}