{"id":7287,"date":"2021-03-15T17:19:23","date_gmt":"2021-03-15T16:19:23","guid":{"rendered":"https:\/\/agora.xtec.cat\/ceipflix\/?p=7287"},"modified":"2021-03-15T17:22:22","modified_gmt":"2021-03-15T16:22:22","slug":"inici-preinscripcio-curs-2021-22","status":"publish","type":"post","link":"https:\/\/agora.xtec.cat\/ceipflix\/infantil\/inici-preinscripcio-curs-2021-22\/","title":{"rendered":"Inici Preinscripci\u00f3 curs 2021-22"},"content":{"rendered":"<p>Benvolgudes fam\u00edlies, des d&#8217;avui ja est\u00e0 actiu el portal <a href=\"https:\/\/preinscripcio.gencat.cat\/ca\/estudis\/infantil-3-6\/preinscriute\/sollicitud\/\" target=\"_blank\" rel=\"noopener noreferrer\">https:\/\/preinscripcio.gencat.cat\/ca\/estudis\/infantil-3-6\/preinscriute\/sollicitud\/<\/a> per realitzar la preinscripci\u00f3 per l&#8217;alumnat que comen\u00e7ar\u00e0<strong> P3<\/strong> al mes de setembre o aquelles fam\u00edlies que canvi\u00efn de centre educatiu.<\/p>\n<p>Si teniu qualsevol dubte, truqueu al <strong>977411045<\/strong> en horari: <strong>9h a 13.30h<\/strong> i de <strong>15h a 16.30h.<\/strong><\/p>\n<p>Tamb\u00e9 podeu demanar cita pr\u00e8via per venir a les <strong>jornades de portes obertes<\/strong> i con\u00e8ixer el nostre projecte educatiu, enviant un correu electr\u00f2nic a<strong> ceipflix@xtec.cat<\/strong> o trucant al mateix tel\u00e8fon indicant disponibilitat de dies, nom i cognoms i un n\u00famero de tel\u00e8fon per posar-nos en contacte i concertar dia i hora. Els dies proposats s\u00f3n <strong>divendres 19 mar\u00e7 a les 16.45h i dijous 25 mar\u00e7 a les 16.45h. <\/strong>Es realitzaran respectant les mesures proposades pel Departament d&#8217;Educaci\u00f3 i Salut.<\/p>\n<p>Podeu visualitzar aquest v\u00eddeo tutorial que resumeix el proc\u00e9s d&#8217;inscripci\u00f3 que enguany sols es realitza de forma telem\u00e0tica:<\/p>\n<p>https:\/\/youtu.be\/OuhbC06EQSs<\/p>\n<p>Tamb\u00e9 us recomanem que us subscriviu al <strong>canal de Telegram de l&#8217;Escola<\/strong> clicant al seg\u00fcent enlla\u00e7:<\/p>\n<p><a href=\"https:\/\/t.me\/joinchat\/AAAAAFHuSFPab4mGqSyNjQ\" target=\"_blank\" rel=\"noopener noreferrer\">Canal de Telegram de l&#8217;Escola<\/a><\/p>\n<p>&nbsp;<\/p>\n","protected":false},"excerpt":{"rendered":"<p>Benvolgudes fam\u00edlies, des d&#8217;avui ja est\u00e0 actiu el portal https:\/\/preinscripcio.gencat.cat\/ca\/estudis\/infantil-3-6\/preinscriute\/sollicitud\/ per realitzar la preinscripci\u00f3 per l&#8217;alumnat que comen\u00e7ar\u00e0 P3 al mes de setembre o aquelles fam\u00edlies que canvi\u00efn de centre educatiu. Si teniu qualsevol dubte, truqueu al 977411045 en horari: 9h a 13.30h i de 15h a 16.30h. Tamb\u00e9 podeu demanar cita pr\u00e8via per venir [&hellip;]<\/p>\n","protected":false},"author":1,"featured_media":7226,"comment_status":"open","ping_status":"closed","sticky":false,"template":"","format":"standard","meta":{"_bbp_topic_count":0,"_bbp_reply_count":0,"_bbp_total_topic_count":0,"_bbp_total_reply_count":0,"_bbp_voice_count":0,"_bbp_anonymous_reply_count":0,"_bbp_topic_count_hidden":0,"_bbp_reply_count_hidden":0,"_bbp_forum_subforum_count":0,"site-sidebar-layout":"default","site-content-layout":"","ast-site-content-layout":"","site-content-style":"default","site-sidebar-style":"default","ast-global-header-display":"","ast-banner-title-visibility":"","ast-main-header-display":"","ast-hfb-above-header-display":"","ast-hfb-below-header-display":"","ast-hfb-mobile-header-display":"","site-post-title":"","ast-breadcrumbs-content":"","ast-featured-img":"","footer-sml-layout":"","theme-transparent-header-meta":"","adv-header-id-meta":"","stick-header-meta":"","header-above-stick-meta":"","header-main-stick-meta":"","header-below-stick-meta":"","astra-migrate-meta-layouts":"default","ast-page-background-enabled":"default","ast-page-background-meta":{"desktop":{"background-color":"var(--ast-global-color-4)","background-image":"","background-repeat":"repeat","background-position":"center center","background-size":"auto","background-attachment":"scroll","background-type":"","background-media":"","overlay-type":"","overlay-color":"","overlay-opacity":"","overlay-gradient":""},"tablet":{"background-color":"","background-image":"","background-repeat":"repeat","background-position":"center center","background-size":"auto","background-attachment":"scroll","background-type":"","background-media":"","overlay-type":"","overlay-color":"","overlay-opacity":"","overlay-gradient":""},"mobile":{"background-color":"","background-image":"","background-repeat":"repeat","background-position":"center center","background-size":"auto","background-attachment":"scroll","background-type":"","background-media":"","overlay-type":"","overlay-color":"","overlay-opacity":"","overlay-gradient":""}},"ast-content-background-meta":{"desktop":{"background-color":"var(--ast-global-color-5)","background-image":"","background-repeat":"repeat","background-position":"center center","background-size":"auto","background-attachment":"scroll","background-type":"","background-media":"","overlay-type":"","overlay-color":"","overlay-opacity":"","overlay-gradient":""},"tablet":{"background-color":"var(--ast-global-color-5)","background-image":"","background-repeat":"repeat","background-position":"center center","background-size":"auto","background-attachment":"scroll","background-type":"","background-media":"","overlay-type":"","overlay-color":"","overlay-opacity":"","overlay-gradient":""},"mobile":{"background-color":"var(--ast-global-color-5)","background-image":"","background-repeat":"repeat","background-position":"center center","background-size":"auto","background-attachment":"scroll","background-type":"","background-media":"","overlay-type":"","overlay-color":"","overlay-opacity":"","overlay-gradient":""}},"footnotes":""},"categories":[7,2,4,5],"tags":[593,366,584],"class_list":["post-7287","post","type-post","status-publish","format-standard","has-post-thumbnail","hentry","category-afa","category-infantil","category-portada","category-primaria","tag-curs-2021-22","tag-families","tag-preinscripcio-2021-22"],"post_mailing_queue_ids":[],"_links":{"self":[{"href":"https:\/\/agora.xtec.cat\/ceipflix\/wp-json\/wp\/v2\/posts\/7287","targetHints":{"allow":["GET"]}}],"collection":[{"href":"https:\/\/agora.xtec.cat\/ceipflix\/wp-json\/wp\/v2\/posts"}],"about":[{"href":"https:\/\/agora.xtec.cat\/ceipflix\/wp-json\/wp\/v2\/types\/post"}],"author":[{"embeddable":true,"href":"https:\/\/agora.xtec.cat\/ceipflix\/wp-json\/wp\/v2\/users\/1"}],"replies":[{"embeddable":true,"href":"https:\/\/agora.xtec.cat\/ceipflix\/wp-json\/wp\/v2\/comments?post=7287"}],"version-history":[{"count":2,"href":"https:\/\/agora.xtec.cat\/ceipflix\/wp-json\/wp\/v2\/posts\/7287\/revisions"}],"predecessor-version":[{"id":7289,"href":"https:\/\/agora.xtec.cat\/ceipflix\/wp-json\/wp\/v2\/posts\/7287\/revisions\/7289"}],"wp:featuredmedia":[{"embeddable":true,"href":"https:\/\/agora.xtec.cat\/ceipflix\/wp-json\/wp\/v2\/media\/7226"}],"wp:attachment":[{"href":"https:\/\/agora.xtec.cat\/ceipflix\/wp-json\/wp\/v2\/media?parent=7287"}],"wp:term":[{"taxonomy":"category","embeddable":true,"href":"https:\/\/agora.xtec.cat\/ceipflix\/wp-json\/wp\/v2\/categories?post=7287"},{"taxonomy":"post_tag","embeddable":true,"href":"https:\/\/agora.xtec.cat\/ceipflix\/wp-json\/wp\/v2\/tags?post=7287"}],"curies":[{"name":"wp","href":"https:\/\/api.w.org\/{rel}","templated":true}]}}