{"id":6399,"date":"2020-04-11T19:50:16","date_gmt":"2020-04-11T17:50:16","guid":{"rendered":"https:\/\/agora.xtec.cat\/ceipflix\/?p=6399"},"modified":"2020-04-11T19:50:16","modified_gmt":"2020-04-11T17:50:16","slug":"lluis-i-aina-preparats-per-cantar-amb-les-caramelles","status":"publish","type":"post","link":"https:\/\/agora.xtec.cat\/ceipflix\/infantil\/lluis-i-aina-preparats-per-cantar-amb-les-caramelles\/","title":{"rendered":"Llu\u00eds i Aina preparats per cantar amb les Caramelles"},"content":{"rendered":"<p>Benvolgudes fam\u00edlies!<\/p>\n<p>Llu\u00eds (3r) i Aina (P5) han sortit al jard\u00ed per cantar amb les Caramelles de Flix!<\/p>\n<p>Ho heu fet molt b\u00e9! #joemquedoacasa<\/p>\n<div class=\"ast-oembed-container \" style=\"height: 100%;\"><iframe loading=\"lazy\" title=\"#CaramellesFlix amb Llu\u00eds i Aina!\" width=\"500\" height=\"281\" src=\"https:\/\/www.youtube.com\/embed\/pfHbucYox1o?feature=oembed\" frameborder=\"0\" allow=\"accelerometer; autoplay; clipboard-write; encrypted-media; gyroscope; picture-in-picture; web-share\" referrerpolicy=\"strict-origin-when-cross-origin\" allowfullscreen><\/iframe><\/div>\n","protected":false},"excerpt":{"rendered":"<p>Benvolgudes fam\u00edlies! Llu\u00eds (3r) i Aina (P5) han sortit al jard\u00ed per cantar amb les Caramelles de Flix! Ho heu fet molt b\u00e9! #joemquedoacasa<\/p>\n","protected":false},"author":1,"featured_media":6341,"comment_status":"open","ping_status":"closed","sticky":false,"template":"","format":"standard","meta":{"_bbp_topic_count":0,"_bbp_reply_count":0,"_bbp_total_topic_count":0,"_bbp_total_reply_count":0,"_bbp_voice_count":0,"_bbp_anonymous_reply_count":0,"_bbp_topic_count_hidden":0,"_bbp_reply_count_hidden":0,"_bbp_forum_subforum_count":0,"site-sidebar-layout":"default","site-content-layout":"","ast-site-content-layout":"","site-content-style":"default","site-sidebar-style":"default","ast-global-header-display":"","ast-banner-title-visibility":"","ast-main-header-display":"","ast-hfb-above-header-display":"","ast-hfb-below-header-display":"","ast-hfb-mobile-header-display":"","site-post-title":"","ast-breadcrumbs-content":"","ast-featured-img":"","footer-sml-layout":"","theme-transparent-header-meta":"","adv-header-id-meta":"","stick-header-meta":"","header-above-stick-meta":"","header-main-stick-meta":"","header-below-stick-meta":"","astra-migrate-meta-layouts":"default","ast-page-background-enabled":"default","ast-page-background-meta":{"desktop":{"background-color":"var(--ast-global-color-4)","background-image":"","background-repeat":"repeat","background-position":"center center","background-size":"auto","background-attachment":"scroll","background-type":"","background-media":"","overlay-type":"","overlay-color":"","overlay-opacity":"","overlay-gradient":""},"tablet":{"background-color":"","background-image":"","background-repeat":"repeat","background-position":"center center","background-size":"auto","background-attachment":"scroll","background-type":"","background-media":"","overlay-type":"","overlay-color":"","overlay-opacity":"","overlay-gradient":""},"mobile":{"background-color":"","background-image":"","background-repeat":"repeat","background-position":"center center","background-size":"auto","background-attachment":"scroll","background-type":"","background-media":"","overlay-type":"","overlay-color":"","overlay-opacity":"","overlay-gradient":""}},"ast-content-background-meta":{"desktop":{"background-color":"var(--ast-global-color-5)","background-image":"","background-repeat":"repeat","background-position":"center center","background-size":"auto","background-attachment":"scroll","background-type":"","background-media":"","overlay-type":"","overlay-color":"","overlay-opacity":"","overlay-gradient":""},"tablet":{"background-color":"var(--ast-global-color-5)","background-image":"","background-repeat":"repeat","background-position":"center center","background-size":"auto","background-attachment":"scroll","background-type":"","background-media":"","overlay-type":"","overlay-color":"","overlay-opacity":"","overlay-gradient":""},"mobile":{"background-color":"var(--ast-global-color-5)","background-image":"","background-repeat":"repeat","background-position":"center center","background-size":"auto","background-attachment":"scroll","background-type":"","background-media":"","overlay-type":"","overlay-color":"","overlay-opacity":"","overlay-gradient":""}},"footnotes":""},"categories":[527,12,454,321,9,2,98,4,5,94,525],"tags":[509,501,436,417,78,323,526],"class_list":["post-6399","post","type-post","status-publish","format-standard","has-post-thumbnail","hentry","category-setmanasantaconfinada","category-3r","category-cloret-tv","category-edu360","category-i5","category-infantil","category-musica","category-portada","category-primaria","category-projectes","category-setmanasanta","tag-joemquedoacasa","tag-2019-20","tag-curs-2019-20","tag-educacio-360","tag-festes-i-tradicions","tag-musica","tag-setmana-santa"],"post_mailing_queue_ids":[],"_links":{"self":[{"href":"https:\/\/agora.xtec.cat\/ceipflix\/wp-json\/wp\/v2\/posts\/6399","targetHints":{"allow":["GET"]}}],"collection":[{"href":"https:\/\/agora.xtec.cat\/ceipflix\/wp-json\/wp\/v2\/posts"}],"about":[{"href":"https:\/\/agora.xtec.cat\/ceipflix\/wp-json\/wp\/v2\/types\/post"}],"author":[{"embeddable":true,"href":"https:\/\/agora.xtec.cat\/ceipflix\/wp-json\/wp\/v2\/users\/1"}],"replies":[{"embeddable":true,"href":"https:\/\/agora.xtec.cat\/ceipflix\/wp-json\/wp\/v2\/comments?post=6399"}],"version-history":[{"count":1,"href":"https:\/\/agora.xtec.cat\/ceipflix\/wp-json\/wp\/v2\/posts\/6399\/revisions"}],"predecessor-version":[{"id":6400,"href":"https:\/\/agora.xtec.cat\/ceipflix\/wp-json\/wp\/v2\/posts\/6399\/revisions\/6400"}],"wp:featuredmedia":[{"embeddable":true,"href":"https:\/\/agora.xtec.cat\/ceipflix\/wp-json\/wp\/v2\/media\/6341"}],"wp:attachment":[{"href":"https:\/\/agora.xtec.cat\/ceipflix\/wp-json\/wp\/v2\/media?parent=6399"}],"wp:term":[{"taxonomy":"category","embeddable":true,"href":"https:\/\/agora.xtec.cat\/ceipflix\/wp-json\/wp\/v2\/categories?post=6399"},{"taxonomy":"post_tag","embeddable":true,"href":"https:\/\/agora.xtec.cat\/ceipflix\/wp-json\/wp\/v2\/tags?post=6399"}],"curies":[{"name":"wp","href":"https:\/\/api.w.org\/{rel}","templated":true}]}}