{"id":6079,"date":"2020-03-10T13:05:57","date_gmt":"2020-03-10T12:05:57","guid":{"rendered":"https:\/\/agora.xtec.cat\/ceipflix\/?p=6079"},"modified":"2020-03-10T13:05:57","modified_gmt":"2020-03-10T12:05:57","slug":"xvi-certamen-nacional-de-lectura-infantil-i-juvenil","status":"publish","type":"post","link":"https:\/\/agora.xtec.cat\/ceipflix\/general\/xvi-certamen-nacional-de-lectura-infantil-i-juvenil\/","title":{"rendered":"XVI Certamen Nacional de Lectura Infantil i Juvenil"},"content":{"rendered":"<p style=\"text-align: justify;\">Orgullosos del paper dels nostres alumnes representants al XVI Certamen Nacional de Lectura Infantil i Juvenil celebrat avui als Serveis Territorials d&#8217;Educaci\u00f3 de les Terres de l&#8217;Ebre a Tortosa. El concurs ha estat una motivaci\u00f3 per llegir m\u00e9s i millor! Enhorabona Anna\u00efs i Jan, un gran paper!<\/p>\n<div id='gallery-1' class='gallery galleryid-6079 gallery-columns-3 gallery-size-thumbnail'><figure class='gallery-item'>\n\t\t\t<div class='gallery-icon portrait'>\n\t\t\t\t<a href='https:\/\/agora.xtec.cat\/ceipflix\/general\/xvi-certamen-nacional-de-lectura-infantil-i-juvenil\/attachment\/6cefc289-ae22-4295-9752-1023e7ffebe9\/'><img loading=\"lazy\" decoding=\"async\" width=\"150\" height=\"150\" src=\"https:\/\/agora.xtec.cat\/ceipflix\/wp-content\/uploads\/usu61\/2020\/03\/6cefc289-ae22-4295-9752-1023e7ffebe9-150x150.jpg\" class=\"attachment-thumbnail size-thumbnail\" alt=\"\" \/><\/a>\n\t\t\t<\/div><\/figure><figure class='gallery-item'>\n\t\t\t<div class='gallery-icon landscape'>\n\t\t\t\t<a href='https:\/\/agora.xtec.cat\/ceipflix\/general\/xvi-certamen-nacional-de-lectura-infantil-i-juvenil\/attachment\/9f78a1dc-1dd1-4f3c-bafb-7a9062e30255\/'><img loading=\"lazy\" decoding=\"async\" width=\"150\" height=\"150\" src=\"https:\/\/agora.xtec.cat\/ceipflix\/wp-content\/uploads\/usu61\/2020\/03\/9f78a1dc-1dd1-4f3c-bafb-7a9062e30255-150x150.jpg\" class=\"attachment-thumbnail size-thumbnail\" alt=\"\" \/><\/a>\n\t\t\t<\/div><\/figure><figure class='gallery-item'>\n\t\t\t<div class='gallery-icon portrait'>\n\t\t\t\t<a href='https:\/\/agora.xtec.cat\/ceipflix\/general\/xvi-certamen-nacional-de-lectura-infantil-i-juvenil\/attachment\/91a8f4d7-adb7-4446-924d-6eb3d5b0d12d\/'><img loading=\"lazy\" decoding=\"async\" width=\"150\" height=\"150\" src=\"https:\/\/agora.xtec.cat\/ceipflix\/wp-content\/uploads\/usu61\/2020\/03\/91a8f4d7-adb7-4446-924d-6eb3d5b0d12d-150x150.jpg\" class=\"attachment-thumbnail size-thumbnail\" alt=\"\" \/><\/a>\n\t\t\t<\/div><\/figure><figure class='gallery-item'>\n\t\t\t<div class='gallery-icon landscape'>\n\t\t\t\t<a href='https:\/\/agora.xtec.cat\/ceipflix\/general\/xvi-certamen-nacional-de-lectura-infantil-i-juvenil\/attachment\/c3815d65-e8c6-46e4-af5d-7fff2071cf0f\/'><img loading=\"lazy\" decoding=\"async\" width=\"150\" height=\"150\" src=\"https:\/\/agora.xtec.cat\/ceipflix\/wp-content\/uploads\/usu61\/2020\/03\/c3815d65-e8c6-46e4-af5d-7fff2071cf0f-150x150.jpg\" class=\"attachment-thumbnail size-thumbnail\" alt=\"\" \/><\/a>\n\t\t\t<\/div><\/figure><figure class='gallery-item'>\n\t\t\t<div class='gallery-icon landscape'>\n\t\t\t\t<a href='https:\/\/agora.xtec.cat\/ceipflix\/general\/xvi-certamen-nacional-de-lectura-infantil-i-juvenil\/attachment\/fde1334b-8252-4224-ba8c-8435dd85fb95\/'><img loading=\"lazy\" decoding=\"async\" width=\"150\" height=\"150\" src=\"https:\/\/agora.xtec.cat\/ceipflix\/wp-content\/uploads\/usu61\/2020\/03\/fde1334b-8252-4224-ba8c-8435dd85fb95-150x150.jpg\" class=\"attachment-thumbnail size-thumbnail\" alt=\"\" \/><\/a>\n\t\t\t<\/div><\/figure><figure class='gallery-item'>\n\t\t\t<div class='gallery-icon landscape'>\n\t\t\t\t<a href='https:\/\/agora.xtec.cat\/ceipflix\/general\/xvi-certamen-nacional-de-lectura-infantil-i-juvenil\/attachment\/img_5492\/'><img loading=\"lazy\" decoding=\"async\" width=\"150\" height=\"150\" src=\"https:\/\/agora.xtec.cat\/ceipflix\/wp-content\/uploads\/usu61\/2020\/03\/IMG_5492-150x150.jpg\" class=\"attachment-thumbnail size-thumbnail\" alt=\"\" \/><\/a>\n\t\t\t<\/div><\/figure>\n\t\t<\/div>\n\n<p>&nbsp;<\/p>\n","protected":false},"excerpt":{"rendered":"<p>Orgullosos del paper dels nostres alumnes representants al XVI Certamen Nacional de Lectura Infantil i Juvenil celebrat avui als Serveis Territorials d&#8217;Educaci\u00f3 de les Terres de l&#8217;Ebre a Tortosa. El concurs ha estat una motivaci\u00f3 per llegir m\u00e9s i millor! Enhorabona Anna\u00efs i Jan, un gran paper! &nbsp;<\/p>\n","protected":false},"author":1,"featured_media":6082,"comment_status":"open","ping_status":"closed","sticky":false,"template":"","format":"standard","meta":{"_bbp_topic_count":0,"_bbp_reply_count":0,"_bbp_total_topic_count":0,"_bbp_total_reply_count":0,"_bbp_voice_count":0,"_bbp_anonymous_reply_count":0,"_bbp_topic_count_hidden":0,"_bbp_reply_count_hidden":0,"_bbp_forum_subforum_count":0,"site-sidebar-layout":"default","site-content-layout":"","ast-site-content-layout":"","site-content-style":"default","site-sidebar-style":"default","ast-global-header-display":"","ast-banner-title-visibility":"","ast-main-header-display":"","ast-hfb-above-header-display":"","ast-hfb-below-header-display":"","ast-hfb-mobile-header-display":"","site-post-title":"","ast-breadcrumbs-content":"","ast-featured-img":"","footer-sml-layout":"","theme-transparent-header-meta":"","adv-header-id-meta":"","stick-header-meta":"","header-above-stick-meta":"","header-main-stick-meta":"","header-below-stick-meta":"","astra-migrate-meta-layouts":"default","ast-page-background-enabled":"default","ast-page-background-meta":{"desktop":{"background-color":"var(--ast-global-color-4)","background-image":"","background-repeat":"repeat","background-position":"center center","background-size":"auto","background-attachment":"scroll","background-type":"","background-media":"","overlay-type":"","overlay-color":"","overlay-opacity":"","overlay-gradient":""},"tablet":{"background-color":"","background-image":"","background-repeat":"repeat","background-position":"center center","background-size":"auto","background-attachment":"scroll","background-type":"","background-media":"","overlay-type":"","overlay-color":"","overlay-opacity":"","overlay-gradient":""},"mobile":{"background-color":"","background-image":"","background-repeat":"repeat","background-position":"center center","background-size":"auto","background-attachment":"scroll","background-type":"","background-media":"","overlay-type":"","overlay-color":"","overlay-opacity":"","overlay-gradient":""}},"ast-content-background-meta":{"desktop":{"background-color":"var(--ast-global-color-5)","background-image":"","background-repeat":"repeat","background-position":"center center","background-size":"auto","background-attachment":"scroll","background-type":"","background-media":"","overlay-type":"","overlay-color":"","overlay-opacity":"","overlay-gradient":""},"tablet":{"background-color":"var(--ast-global-color-5)","background-image":"","background-repeat":"repeat","background-position":"center center","background-size":"auto","background-attachment":"scroll","background-type":"","background-media":"","overlay-type":"","overlay-color":"","overlay-opacity":"","overlay-gradient":""},"mobile":{"background-color":"var(--ast-global-color-5)","background-image":"","background-repeat":"repeat","background-position":"center center","background-size":"auto","background-attachment":"scroll","background-type":"","background-media":"","overlay-type":"","overlay-color":"","overlay-opacity":"","overlay-gradient":""}},"footnotes":""},"categories":[99,1,259,4,5],"tags":[501,132,436],"class_list":["post-6079","post","type-post","status-publish","format-standard","has-post-thumbnail","hentry","category-biblioteca","category-general","category-llengua","category-portada","category-primaria","tag-2019-20","tag-certamen-lectura-en-veu-alta","tag-curs-2019-20"],"post_mailing_queue_ids":[],"_links":{"self":[{"href":"https:\/\/agora.xtec.cat\/ceipflix\/wp-json\/wp\/v2\/posts\/6079","targetHints":{"allow":["GET"]}}],"collection":[{"href":"https:\/\/agora.xtec.cat\/ceipflix\/wp-json\/wp\/v2\/posts"}],"about":[{"href":"https:\/\/agora.xtec.cat\/ceipflix\/wp-json\/wp\/v2\/types\/post"}],"author":[{"embeddable":true,"href":"https:\/\/agora.xtec.cat\/ceipflix\/wp-json\/wp\/v2\/users\/1"}],"replies":[{"embeddable":true,"href":"https:\/\/agora.xtec.cat\/ceipflix\/wp-json\/wp\/v2\/comments?post=6079"}],"version-history":[{"count":1,"href":"https:\/\/agora.xtec.cat\/ceipflix\/wp-json\/wp\/v2\/posts\/6079\/revisions"}],"predecessor-version":[{"id":6086,"href":"https:\/\/agora.xtec.cat\/ceipflix\/wp-json\/wp\/v2\/posts\/6079\/revisions\/6086"}],"wp:featuredmedia":[{"embeddable":true,"href":"https:\/\/agora.xtec.cat\/ceipflix\/wp-json\/wp\/v2\/media\/6082"}],"wp:attachment":[{"href":"https:\/\/agora.xtec.cat\/ceipflix\/wp-json\/wp\/v2\/media?parent=6079"}],"wp:term":[{"taxonomy":"category","embeddable":true,"href":"https:\/\/agora.xtec.cat\/ceipflix\/wp-json\/wp\/v2\/categories?post=6079"},{"taxonomy":"post_tag","embeddable":true,"href":"https:\/\/agora.xtec.cat\/ceipflix\/wp-json\/wp\/v2\/tags?post=6079"}],"curies":[{"name":"wp","href":"https:\/\/api.w.org\/{rel}","templated":true}]}}