{"id":5885,"date":"2020-02-07T16:22:19","date_gmt":"2020-02-07T15:22:19","guid":{"rendered":"https:\/\/agora.xtec.cat\/ceipflix\/?p=5885"},"modified":"2020-02-07T16:22:19","modified_gmt":"2020-02-07T15:22:19","slug":"curs-de-catala-obert-a-la-comunitat-educativa-una-escola-educacio-360","status":"publish","type":"post","link":"https:\/\/agora.xtec.cat\/ceipflix\/general\/curs-de-catala-obert-a-la-comunitat-educativa-una-escola-educacio-360\/","title":{"rendered":"CURS DE CATAL\u00c0 OBERT A LA COMUNITAT EDUCATIVA: UNA ESCOLA EDUCACI\u00d3 360"},"content":{"rendered":"<p style=\"text-align: justify;\">Benvolgudes fam\u00edlies,<\/p>\n<p style=\"text-align: justify;\">En col\u00b7laboraci\u00f3 amb l&#8217;Ajuntament de Flix s&#8217;ha organitzat un CURS DE CATAL\u00c0\u00a0 de 45 hores de durada que es desenvolupar\u00e0 al nostre centre a partir d&#8217;aquest 19 de febrer.\u00a0 Les sessions es desenvoluparan\u00a0 en horari de 15:00-16:30 h (dimecres i dijous) a l&#8217;aula 10 de la nostra escola. Les sessions s\u00f3n gratu\u00eftes, poden inscriure&#8217;s tan pares i mares com altres persones interessades i cal formalitzar les inscripcions a les oficines de l&#8217;Ajuntament.<\/p>\n<p style=\"text-align: justify;\">Amb el nostre alumnat us volem animar a fer-ne difusi\u00f3 d&#8217;aquesta iniciativa pr\u00f2pia d&#8217;una #Educaci\u00f3360 i aconseguir el m\u00e0xim d&#8217;inscrits\/es. La llengua ens cohesiona: escola, fam\u00edlies i entitat: tots sumem, fem xarxa!<\/p>\n<p style=\"text-align: justify;\">Esperem que us agradi el v\u00eddeo que s&#8217;ha preparat per aquest motiu!!!<\/p>\n<div class=\"ast-oembed-container \" style=\"height: 100%;\"><iframe loading=\"lazy\" title=\"Curs de catal\u00e0 obert a la Comunitat Educativa\" width=\"500\" height=\"281\" src=\"https:\/\/www.youtube.com\/embed\/boPlgxmFr0A?feature=oembed\" frameborder=\"0\" allow=\"accelerometer; autoplay; clipboard-write; encrypted-media; gyroscope; picture-in-picture; web-share\" referrerpolicy=\"strict-origin-when-cross-origin\" allowfullscreen><\/iframe><\/div>\n<p>Raquel S\u00e1nchez Segarra<\/p>\n","protected":false},"excerpt":{"rendered":"<p>Curs de Catal\u00e0  organitzat per l&#8217;Ajuntament de Flix obert a la Comunitat educativa desenvolupat durant el curs 2019-20 (45 h de durada i gratu\u00eft).<\/p>\n","protected":false},"author":29,"featured_media":5889,"comment_status":"open","ping_status":"closed","sticky":false,"template":"","format":"standard","meta":{"_bbp_topic_count":0,"_bbp_reply_count":0,"_bbp_total_topic_count":0,"_bbp_total_reply_count":0,"_bbp_voice_count":0,"_bbp_anonymous_reply_count":0,"_bbp_topic_count_hidden":0,"_bbp_reply_count_hidden":0,"_bbp_forum_subforum_count":0,"site-sidebar-layout":"default","site-content-layout":"","ast-site-content-layout":"","site-content-style":"default","site-sidebar-style":"default","ast-global-header-display":"","ast-banner-title-visibility":"","ast-main-header-display":"","ast-hfb-above-header-display":"","ast-hfb-below-header-display":"","ast-hfb-mobile-header-display":"","site-post-title":"","ast-breadcrumbs-content":"","ast-featured-img":"","footer-sml-layout":"","theme-transparent-header-meta":"","adv-header-id-meta":"","stick-header-meta":"","header-above-stick-meta":"","header-main-stick-meta":"","header-below-stick-meta":"","astra-migrate-meta-layouts":"default","ast-page-background-enabled":"default","ast-page-background-meta":{"desktop":{"background-color":"var(--ast-global-color-4)","background-image":"","background-repeat":"repeat","background-position":"center center","background-size":"auto","background-attachment":"scroll","background-type":"","background-media":"","overlay-type":"","overlay-color":"","overlay-opacity":"","overlay-gradient":""},"tablet":{"background-color":"","background-image":"","background-repeat":"repeat","background-position":"center center","background-size":"auto","background-attachment":"scroll","background-type":"","background-media":"","overlay-type":"","overlay-color":"","overlay-opacity":"","overlay-gradient":""},"mobile":{"background-color":"","background-image":"","background-repeat":"repeat","background-position":"center center","background-size":"auto","background-attachment":"scroll","background-type":"","background-media":"","overlay-type":"","overlay-color":"","overlay-opacity":"","overlay-gradient":""}},"ast-content-background-meta":{"desktop":{"background-color":"var(--ast-global-color-5)","background-image":"","background-repeat":"repeat","background-position":"center center","background-size":"auto","background-attachment":"scroll","background-type":"","background-media":"","overlay-type":"","overlay-color":"","overlay-opacity":"","overlay-gradient":""},"tablet":{"background-color":"var(--ast-global-color-5)","background-image":"","background-repeat":"repeat","background-position":"center center","background-size":"auto","background-attachment":"scroll","background-type":"","background-media":"","overlay-type":"","overlay-color":"","overlay-opacity":"","overlay-gradient":""},"mobile":{"background-color":"var(--ast-global-color-5)","background-image":"","background-repeat":"repeat","background-position":"center center","background-size":"auto","background-attachment":"scroll","background-type":"","background-media":"","overlay-type":"","overlay-color":"","overlay-opacity":"","overlay-gradient":""}},"footnotes":""},"categories":[441,321,109,1,2,259,4,5,94],"tags":[443,438,484,417],"class_list":["post-5885","post","type-post","status-publish","format-standard","has-post-thumbnail","hentry","category-comissio-social","category-edu360","category-esc_pares_mares","category-general","category-infantil","category-llengua","category-portada","category-primaria","category-projectes","tag-comissio-de-convivencia-2019-20","tag-curs-19-20","tag-curs-de-catala","tag-educacio-360"],"post_mailing_queue_ids":[],"_links":{"self":[{"href":"https:\/\/agora.xtec.cat\/ceipflix\/wp-json\/wp\/v2\/posts\/5885","targetHints":{"allow":["GET"]}}],"collection":[{"href":"https:\/\/agora.xtec.cat\/ceipflix\/wp-json\/wp\/v2\/posts"}],"about":[{"href":"https:\/\/agora.xtec.cat\/ceipflix\/wp-json\/wp\/v2\/types\/post"}],"author":[{"embeddable":true,"href":"https:\/\/agora.xtec.cat\/ceipflix\/wp-json\/wp\/v2\/users\/29"}],"replies":[{"embeddable":true,"href":"https:\/\/agora.xtec.cat\/ceipflix\/wp-json\/wp\/v2\/comments?post=5885"}],"version-history":[{"count":3,"href":"https:\/\/agora.xtec.cat\/ceipflix\/wp-json\/wp\/v2\/posts\/5885\/revisions"}],"predecessor-version":[{"id":5890,"href":"https:\/\/agora.xtec.cat\/ceipflix\/wp-json\/wp\/v2\/posts\/5885\/revisions\/5890"}],"wp:featuredmedia":[{"embeddable":true,"href":"https:\/\/agora.xtec.cat\/ceipflix\/wp-json\/wp\/v2\/media\/5889"}],"wp:attachment":[{"href":"https:\/\/agora.xtec.cat\/ceipflix\/wp-json\/wp\/v2\/media?parent=5885"}],"wp:term":[{"taxonomy":"category","embeddable":true,"href":"https:\/\/agora.xtec.cat\/ceipflix\/wp-json\/wp\/v2\/categories?post=5885"},{"taxonomy":"post_tag","embeddable":true,"href":"https:\/\/agora.xtec.cat\/ceipflix\/wp-json\/wp\/v2\/tags?post=5885"}],"curies":[{"name":"wp","href":"https:\/\/api.w.org\/{rel}","templated":true}]}}