{"id":4981,"date":"2019-03-27T17:09:31","date_gmt":"2019-03-27T16:09:31","guid":{"rendered":"http:\/\/agora.xtec.cat\/ceipflix\/?p=4981"},"modified":"2019-03-27T17:09:31","modified_gmt":"2019-03-27T16:09:31","slug":"inici-del-proces-de-preinscripcio-curs-2019-20","status":"publish","type":"post","link":"https:\/\/agora.xtec.cat\/ceipflix\/infantil\/inici-del-proces-de-preinscripcio-curs-2019-20\/","title":{"rendered":"Inici del proc\u00e9s de preinscripci\u00f3 curs 2019-20"},"content":{"rendered":"<p>El Departament d&#8217;Educaci\u00f3 ha fixat la presentaci\u00f3 de sol\u00b7licituds de preinscripci\u00f3 escolar per als estudis obligatoris del curs 2019-2020 entre el 29 de mar\u00e7 i el 9 d&#8217;abril d&#8217;enguany.<\/p>\n<p>Recordem que sols s&#8217;ha de matricular el nou alumnat que s&#8217;incorpora a P3 al setembre o aquells alumnes que canvi\u00efn de centre el curs vinent.<\/p>\n<p>Els alumnes que estiguin a l&#8217;Escola Bressol rebran la documentaci\u00f3 necess\u00e0ria a la mateixa escola bressol.<\/p>\n<p>Les fam\u00edlies que vulguin m\u00e9s informaci\u00f3, poden passar per la secretaria de l&#8217;escola de 9:00 a 13:00 hores.<\/p>\n<p><a href=\"https:\/\/agora.xtec.cat\/ceipflix\/wp-content\/uploads\/usu61\/2019\/03\/cartell-preinscripcio.png\"><img loading=\"lazy\" decoding=\"async\" class=\"alignnone size-full wp-image-4982\" src=\"https:\/\/agora.xtec.cat\/ceipflix\/wp-content\/uploads\/usu61\/2019\/03\/cartell-preinscripcio.png\" alt=\"\" width=\"200\" height=\"292\" \/><\/a><\/p>\n<p>Properament, es publicar\u00e0 l\u2019Ordre per la qual s&#8217;estableix el calendari escolar del curs 2019-2020 per als centres educatius no universitaris de Catalunya i es modifica el calendari escolar del curs 2018-2019.<\/p>\n<p>Les principals novetats s\u00f3n:<\/p>\n<ul>\n<li>L&#8217;<strong>inici de les classes\u00a0<\/strong>es fixa per al 12 de setembre en el segon cicle d&#8217;educaci\u00f3 infantil, prim\u00e0ria, ESO, batxillerat, cicles formatius de grau mitj\u00e0, curs espec\u00edfic d&#8217;acc\u00e9s a cicles de grau mitj\u00e0, curs de preparaci\u00f3 per a l&#8217;acc\u00e9s a cicles de grau superior i ensenyaments de r\u00e8gim especial (excepte idiomes, que comen\u00e7aran el 26 de setembre). En el cas dels cicles de grau superior i de la formaci\u00f3 d&#8217;adults, les classes comen\u00e7aran el 18 de setembre.<\/li>\n<li>Les\u00a0<strong>vacances escolars<\/strong>\u00a0seran del 21 de desembre al 7 de gener (Nadal), del 4 al 13 d&#8217;abril (Setmana Santa) i a partir del 20 de juny (estiu).<\/li>\n<\/ul>\n","protected":false},"excerpt":{"rendered":"<p>curs 2019-20, preinscripci\u00f3, matr\u00edcula, fam\u00edlies, calendari<\/p>\n","protected":false},"author":25,"featured_media":4982,"comment_status":"open","ping_status":"closed","sticky":false,"template":"","format":"standard","meta":{"_bbp_topic_count":0,"_bbp_reply_count":0,"_bbp_total_topic_count":0,"_bbp_total_reply_count":0,"_bbp_voice_count":0,"_bbp_anonymous_reply_count":0,"_bbp_topic_count_hidden":0,"_bbp_reply_count_hidden":0,"_bbp_forum_subforum_count":0,"site-sidebar-layout":"default","site-content-layout":"","ast-site-content-layout":"","site-content-style":"default","site-sidebar-style":"default","ast-global-header-display":"","ast-banner-title-visibility":"","ast-main-header-display":"","ast-hfb-above-header-display":"","ast-hfb-below-header-display":"","ast-hfb-mobile-header-display":"","site-post-title":"","ast-breadcrumbs-content":"","ast-featured-img":"","footer-sml-layout":"","theme-transparent-header-meta":"","adv-header-id-meta":"","stick-header-meta":"","header-above-stick-meta":"","header-main-stick-meta":"","header-below-stick-meta":"","astra-migrate-meta-layouts":"default","ast-page-background-enabled":"default","ast-page-background-meta":{"desktop":{"background-color":"var(--ast-global-color-4)","background-image":"","background-repeat":"repeat","background-position":"center center","background-size":"auto","background-attachment":"scroll","background-type":"","background-media":"","overlay-type":"","overlay-color":"","overlay-opacity":"","overlay-gradient":""},"tablet":{"background-color":"","background-image":"","background-repeat":"repeat","background-position":"center center","background-size":"auto","background-attachment":"scroll","background-type":"","background-media":"","overlay-type":"","overlay-color":"","overlay-opacity":"","overlay-gradient":""},"mobile":{"background-color":"","background-image":"","background-repeat":"repeat","background-position":"center center","background-size":"auto","background-attachment":"scroll","background-type":"","background-media":"","overlay-type":"","overlay-color":"","overlay-opacity":"","overlay-gradient":""}},"ast-content-background-meta":{"desktop":{"background-color":"var(--ast-global-color-5)","background-image":"","background-repeat":"repeat","background-position":"center center","background-size":"auto","background-attachment":"scroll","background-type":"","background-media":"","overlay-type":"","overlay-color":"","overlay-opacity":"","overlay-gradient":""},"tablet":{"background-color":"var(--ast-global-color-5)","background-image":"","background-repeat":"repeat","background-position":"center center","background-size":"auto","background-attachment":"scroll","background-type":"","background-media":"","overlay-type":"","overlay-color":"","overlay-opacity":"","overlay-gradient":""},"mobile":{"background-color":"var(--ast-global-color-5)","background-image":"","background-repeat":"repeat","background-position":"center center","background-size":"auto","background-attachment":"scroll","background-type":"","background-media":"","overlay-type":"","overlay-color":"","overlay-opacity":"","overlay-gradient":""}},"footnotes":""},"categories":[2,4,5],"tags":[],"class_list":["post-4981","post","type-post","status-publish","format-standard","has-post-thumbnail","hentry","category-infantil","category-portada","category-primaria"],"post_mailing_queue_ids":[],"_links":{"self":[{"href":"https:\/\/agora.xtec.cat\/ceipflix\/wp-json\/wp\/v2\/posts\/4981","targetHints":{"allow":["GET"]}}],"collection":[{"href":"https:\/\/agora.xtec.cat\/ceipflix\/wp-json\/wp\/v2\/posts"}],"about":[{"href":"https:\/\/agora.xtec.cat\/ceipflix\/wp-json\/wp\/v2\/types\/post"}],"author":[{"embeddable":true,"href":"https:\/\/agora.xtec.cat\/ceipflix\/wp-json\/wp\/v2\/users\/25"}],"replies":[{"embeddable":true,"href":"https:\/\/agora.xtec.cat\/ceipflix\/wp-json\/wp\/v2\/comments?post=4981"}],"version-history":[{"count":1,"href":"https:\/\/agora.xtec.cat\/ceipflix\/wp-json\/wp\/v2\/posts\/4981\/revisions"}],"predecessor-version":[{"id":4985,"href":"https:\/\/agora.xtec.cat\/ceipflix\/wp-json\/wp\/v2\/posts\/4981\/revisions\/4985"}],"wp:featuredmedia":[{"embeddable":true,"href":"https:\/\/agora.xtec.cat\/ceipflix\/wp-json\/wp\/v2\/media\/4982"}],"wp:attachment":[{"href":"https:\/\/agora.xtec.cat\/ceipflix\/wp-json\/wp\/v2\/media?parent=4981"}],"wp:term":[{"taxonomy":"category","embeddable":true,"href":"https:\/\/agora.xtec.cat\/ceipflix\/wp-json\/wp\/v2\/categories?post=4981"},{"taxonomy":"post_tag","embeddable":true,"href":"https:\/\/agora.xtec.cat\/ceipflix\/wp-json\/wp\/v2\/tags?post=4981"}],"curies":[{"name":"wp","href":"https:\/\/api.w.org\/{rel}","templated":true}]}}