{"id":3974,"date":"2018-05-31T22:14:12","date_gmt":"2018-05-31T20:14:12","guid":{"rendered":"http:\/\/agora.xtec.cat\/ceipflix\/?p=3974"},"modified":"2018-06-06T13:16:35","modified_gmt":"2018-06-06T11:16:35","slug":"linfok-ens-felicita-per-lexit-dels-cors-pacifics","status":"publish","type":"post","link":"https:\/\/agora.xtec.cat\/ceipflix\/general\/linfok-ens-felicita-per-lexit-dels-cors-pacifics\/","title":{"rendered":"L&#8217;InfoK ens felicita per l&#8217;\u00e8xit dels &#8220;Cors pac\u00edfics&#8221;"},"content":{"rendered":"<p><a href=\"http:\/\/agora.xtec.cat\/ceipflix\/wp-content\/uploads\/usu61\/2018\/05\/Laia-Servera-FELICITA-Cors-pac\u00edfics.jpg\"><img loading=\"lazy\" decoding=\"async\" class=\"alignnone size-full wp-image-3985\" src=\"http:\/\/agora.xtec.cat\/ceipflix\/wp-content\/uploads\/usu61\/2018\/05\/Laia-Servera-FELICITA-Cors-pac\u00edfics.jpg\" alt=\"\" width=\"768\" height=\"480\" srcset=\"https:\/\/agora.xtec.cat\/ceipflix\/wp-content\/uploads\/usu61\/2018\/05\/Laia-Servera-FELICITA-Cors-pac\u00edfics.jpg 768w, https:\/\/agora.xtec.cat\/ceipflix\/wp-content\/uploads\/usu61\/2018\/05\/Laia-Servera-FELICITA-Cors-pac\u00edfics-300x188.jpg 300w\" sizes=\"auto, (max-width: 768px) 100vw, 768px\" \/><\/a><\/p>\n<p>La propera setmana anirem a recollir el <strong>Premi Pilar\u00edn Bay\u00e9s 2018<\/strong> pel nostre v\u00eddeo descriptiu del que ha estat la hist\u00f2ria dels &#8220;Cors pac\u00edfics&#8221;. Ja frisem per veure el v\u00eddeo animat que ens est\u00e0 preparant la Pilar\u00edn Bay\u00e9s sobre els nostres carrers plens, no nom\u00e9s de &#8220;cors&#8221;, sin\u00f3 de &#8220;cors pac\u00edfics&#8221;.<\/p>\n<p>I per tot plegat hem rebut una FELICITACI\u00d3 ben especial: la de la Laia Servera (Directora i Presentadora de l&#8217;InfoK), programa que explic\u00e0 la nostra hist\u00f2ria ja a\u00a0 l&#8217;11\u00a0d&#8217;octubre de 2017, i que alhora, el 30 de gener del 2018 tamb\u00e9 explic\u00e0 les estrat\u00e8gies de la &#8220;T\u00e8cnica del sem\u00e0for&#8221; i la &#8220;m\u00e0 dels 5 consells&#8221; del Jordi Collell i la Carme Escud\u00e9 recollits en el nostre vinil;\u00a0 el qual el vam voler promocionar (entre l&#8217;alumnat i les fam\u00edlies)creant un v\u00eddeo per celebrar el DENIP (Dia Escolar de la No-Violencia i la Pau) a la nostra escola i que fou em\u00e8s per aquest programa.<\/p>\n<p>Alhora ens d\u00f3na les gr\u00e0cies pel regal d&#8217;una samarreta dels &#8220;Cors pac\u00edfics&#8221; que li est\u00e0 a punt d&#8217;arribar. Una samarreta ben especial feta per una exalumna de la nostra escola: l&#8217;Ainhoa L\u00f3perz Lazcano, tota una artista.<\/p>\n<p><strong>CONSULTEU EL V\u00cdDEO EN AQUEST ENLLA\u00c7:<\/strong> https:\/\/drive.google.com\/file\/d\/0ByBucLnhiBQKLXA1N241Q0dDNVZBWWxHZi1XcnhKQ3RlVTdv\/view?usp=sharing<\/p>\n<p>&nbsp;<\/p>\n<p>GR\u00c0CIES LAIA SERVERA I AINHOA! I com no, GR\u00c0CIES a tothom que ha fet possible que els\u00a0&#8220;Cors pac\u00edfics&#8221; hagin \u00a0arribat fins aqu\u00ed.<\/p>\n<p>Raquel S\u00e1nchez Segarra<\/p>\n<p>MEE del centre i Responsable de la Comissi\u00f3 de Conviv\u00e8ncia<\/p>\n","protected":false},"excerpt":{"rendered":"<p>Felicitaci\u00f3 de Laia Servera (presentadora de l&#8217;InfoK) als &#8220;Cors pac\u00edfics&#8221; i al Premi Pilar\u00edn Bay\u00e9s aconseguit amb el v\u00eddeo adre\u00e7at a aquesta iniciativa. Tamb\u00e9 d\u00f3na les gr\u00e0cies per la samarreta que li hem regalat.<\/p>\n","protected":false},"author":29,"featured_media":0,"comment_status":"open","ping_status":"closed","sticky":false,"template":"","format":"standard","meta":{"_bbp_topic_count":0,"_bbp_reply_count":0,"_bbp_total_topic_count":0,"_bbp_total_reply_count":0,"_bbp_voice_count":0,"_bbp_anonymous_reply_count":0,"_bbp_topic_count_hidden":0,"_bbp_reply_count_hidden":0,"_bbp_forum_subforum_count":0,"site-sidebar-layout":"default","site-content-layout":"","ast-site-content-layout":"","site-content-style":"default","site-sidebar-style":"default","ast-global-header-display":"","ast-banner-title-visibility":"","ast-main-header-display":"","ast-hfb-above-header-display":"","ast-hfb-below-header-display":"","ast-hfb-mobile-header-display":"","site-post-title":"","ast-breadcrumbs-content":"","ast-featured-img":"","footer-sml-layout":"","theme-transparent-header-meta":"","adv-header-id-meta":"","stick-header-meta":"","header-above-stick-meta":"","header-main-stick-meta":"","header-below-stick-meta":"","astra-migrate-meta-layouts":"default","ast-page-background-enabled":"default","ast-page-background-meta":{"desktop":{"background-color":"var(--ast-global-color-4)","background-image":"","background-repeat":"repeat","background-position":"center center","background-size":"auto","background-attachment":"scroll","background-type":"","background-media":"","overlay-type":"","overlay-color":"","overlay-opacity":"","overlay-gradient":""},"tablet":{"background-color":"","background-image":"","background-repeat":"repeat","background-position":"center center","background-size":"auto","background-attachment":"scroll","background-type":"","background-media":"","overlay-type":"","overlay-color":"","overlay-opacity":"","overlay-gradient":""},"mobile":{"background-color":"","background-image":"","background-repeat":"repeat","background-position":"center center","background-size":"auto","background-attachment":"scroll","background-type":"","background-media":"","overlay-type":"","overlay-color":"","overlay-opacity":"","overlay-gradient":""}},"ast-content-background-meta":{"desktop":{"background-color":"var(--ast-global-color-5)","background-image":"","background-repeat":"repeat","background-position":"center center","background-size":"auto","background-attachment":"scroll","background-type":"","background-media":"","overlay-type":"","overlay-color":"","overlay-opacity":"","overlay-gradient":""},"tablet":{"background-color":"var(--ast-global-color-5)","background-image":"","background-repeat":"repeat","background-position":"center center","background-size":"auto","background-attachment":"scroll","background-type":"","background-media":"","overlay-type":"","overlay-color":"","overlay-opacity":"","overlay-gradient":""},"mobile":{"background-color":"var(--ast-global-color-5)","background-image":"","background-repeat":"repeat","background-position":"center center","background-size":"auto","background-attachment":"scroll","background-type":"","background-media":"","overlay-type":"","overlay-color":"","overlay-opacity":"","overlay-gradient":""}},"footnotes":""},"categories":[10,12,14,11,13,15,295,96,1,3,8,9,2,4,5,111],"tags":[217,359,358,357],"class_list":["post-3974","post","type-post","status-publish","format-standard","hentry","category-1r","category-3r","category-5e","category-2n","category-4t","category-6e","category-educacio-en-valors","category-educacioespecial","category-general","category-i3","category-i4","category-i5","category-infantil","category-portada","category-primaria","category-projectes_solidaris","tag-comissio-de-convivencia-2017-18","tag-felicitacio-premi-pilarin-bayes","tag-infok","tag-laia-servera"],"post_mailing_queue_ids":[],"_links":{"self":[{"href":"https:\/\/agora.xtec.cat\/ceipflix\/wp-json\/wp\/v2\/posts\/3974","targetHints":{"allow":["GET"]}}],"collection":[{"href":"https:\/\/agora.xtec.cat\/ceipflix\/wp-json\/wp\/v2\/posts"}],"about":[{"href":"https:\/\/agora.xtec.cat\/ceipflix\/wp-json\/wp\/v2\/types\/post"}],"author":[{"embeddable":true,"href":"https:\/\/agora.xtec.cat\/ceipflix\/wp-json\/wp\/v2\/users\/29"}],"replies":[{"embeddable":true,"href":"https:\/\/agora.xtec.cat\/ceipflix\/wp-json\/wp\/v2\/comments?post=3974"}],"version-history":[{"count":3,"href":"https:\/\/agora.xtec.cat\/ceipflix\/wp-json\/wp\/v2\/posts\/3974\/revisions"}],"predecessor-version":[{"id":3987,"href":"https:\/\/agora.xtec.cat\/ceipflix\/wp-json\/wp\/v2\/posts\/3974\/revisions\/3987"}],"wp:attachment":[{"href":"https:\/\/agora.xtec.cat\/ceipflix\/wp-json\/wp\/v2\/media?parent=3974"}],"wp:term":[{"taxonomy":"category","embeddable":true,"href":"https:\/\/agora.xtec.cat\/ceipflix\/wp-json\/wp\/v2\/categories?post=3974"},{"taxonomy":"post_tag","embeddable":true,"href":"https:\/\/agora.xtec.cat\/ceipflix\/wp-json\/wp\/v2\/tags?post=3974"}],"curies":[{"name":"wp","href":"https:\/\/api.w.org\/{rel}","templated":true}]}}