{"id":3854,"date":"2018-05-09T15:41:06","date_gmt":"2018-05-09T13:41:06","guid":{"rendered":"http:\/\/agora.xtec.cat\/ceipflix\/?p=3854"},"modified":"2018-05-10T17:05:50","modified_gmt":"2018-05-10T15:05:50","slug":"adhesio-a-la-taula-demergencia-docent","status":"publish","type":"post","link":"https:\/\/agora.xtec.cat\/ceipflix\/portada\/adhesio-a-la-taula-demergencia-docent\/","title":{"rendered":"Adhesi\u00f3 a la Taula d&#8217;Emerg\u00e8ncia Docent"},"content":{"rendered":"<p>Avui el Claustre de mestres de l&#8217;escola s&#8217;ha adherit per unanimitat a la recent constitu\u00efda Taula d&#8217;Emerg\u00e8ncia Docent.<\/p>\n<p>COMUNICAT<\/p>\n<p><img loading=\"lazy\" decoding=\"async\" class=\" alignleft\" src=\"https:\/\/img.europapress.es\/fotoweb\/fotonoticia_20180507110713_260.jpg\" width=\"171\" height=\"171\" \/>&#8220;DECLARACI\u00d3 UNIT\u00c0RIA Arran dels greus esdeveniments que estan envoltant el col\u00b7lectiu docent catal\u00e0, volem expressar el nostre suport als companys i companyes que s\u00f3n objecte de la repressi\u00f3 medi\u00e0tica, judicial i policial; tant en els casos de Sant Andreu de la Barca i la Seu d&#8217;Urgell, com en la resta.<\/p>\n<p>Els l\u00edmits que s&#8217;han creuat evidencien la situaci\u00f3 d&#8217;emerg\u00e8ncia en qu\u00e8 ens trobem, que posa en risc l&#8217;espai de confian\u00e7a que s\u00f3n, i han de seguir sent, els centres educatius. Veiem amena\u00e7ada no nom\u00e9s la llibertat de c\u00e0tedra, sin\u00f3 tamb\u00e9 la llibertat d&#8217;expressi\u00f3.<\/p>\n<p>Per tot aix\u00f2 ens comprometem a defensar l&#8217;educaci\u00f3 en els valors democr\u00e0tics, en la cultura de la pau i en l&#8217;esperit cr\u00edtic; pilars b\u00e0sics perqu\u00e8 els futurs ciutadans i ciutadanes, que posem al centre de la nostra dedicaci\u00f3 professional, construeixin una societat justa, democr\u00e0tica i participativa.<\/p>\n<p class=\"m_2543025775833341520western\" lang=\"en-GB\" style=\"text-align: right;\"><span class=\"il\">Taula<\/span>\u00a0d&#8217;<span class=\"il\">Emerg\u00e8ncia<\/span>\u00a0<span class=\"il\">Docent<\/span><\/p>\n<p class=\"m_2543025775833341520western\">Impulsors: ADIC Ensenyament, ANC (Sectorial d\u2019Educaci\u00f3), CGT Ensenyament, Docents per la Rep\u00fablica, Intersindical-CSC, UGT, USTEC\u00b7STEs (IAC)&#8221;<\/p>\n<p>&#8220;<\/p>\n","protected":false},"excerpt":{"rendered":"<p>El claustre s&#8217;adhereix a la Taula d&#8217;Emerg\u00e8ncia Docent<\/p>\n","protected":false},"author":1,"featured_media":0,"comment_status":"open","ping_status":"closed","sticky":false,"template":"","format":"standard","meta":{"_bbp_topic_count":0,"_bbp_reply_count":0,"_bbp_total_topic_count":0,"_bbp_total_reply_count":0,"_bbp_voice_count":0,"_bbp_anonymous_reply_count":0,"_bbp_topic_count_hidden":0,"_bbp_reply_count_hidden":0,"_bbp_forum_subforum_count":0,"site-sidebar-layout":"default","site-content-layout":"","ast-site-content-layout":"","site-content-style":"default","site-sidebar-style":"default","ast-global-header-display":"","ast-banner-title-visibility":"","ast-main-header-display":"","ast-hfb-above-header-display":"","ast-hfb-below-header-display":"","ast-hfb-mobile-header-display":"","site-post-title":"","ast-breadcrumbs-content":"","ast-featured-img":"","footer-sml-layout":"","theme-transparent-header-meta":"","adv-header-id-meta":"","stick-header-meta":"","header-above-stick-meta":"","header-main-stick-meta":"","header-below-stick-meta":"","astra-migrate-meta-layouts":"default","ast-page-background-enabled":"default","ast-page-background-meta":{"desktop":{"background-color":"var(--ast-global-color-4)","background-image":"","background-repeat":"repeat","background-position":"center center","background-size":"auto","background-attachment":"scroll","background-type":"","background-media":"","overlay-type":"","overlay-color":"","overlay-opacity":"","overlay-gradient":""},"tablet":{"background-color":"","background-image":"","background-repeat":"repeat","background-position":"center center","background-size":"auto","background-attachment":"scroll","background-type":"","background-media":"","overlay-type":"","overlay-color":"","overlay-opacity":"","overlay-gradient":""},"mobile":{"background-color":"","background-image":"","background-repeat":"repeat","background-position":"center center","background-size":"auto","background-attachment":"scroll","background-type":"","background-media":"","overlay-type":"","overlay-color":"","overlay-opacity":"","overlay-gradient":""}},"ast-content-background-meta":{"desktop":{"background-color":"var(--ast-global-color-5)","background-image":"","background-repeat":"repeat","background-position":"center center","background-size":"auto","background-attachment":"scroll","background-type":"","background-media":"","overlay-type":"","overlay-color":"","overlay-opacity":"","overlay-gradient":""},"tablet":{"background-color":"var(--ast-global-color-5)","background-image":"","background-repeat":"repeat","background-position":"center center","background-size":"auto","background-attachment":"scroll","background-type":"","background-media":"","overlay-type":"","overlay-color":"","overlay-opacity":"","overlay-gradient":""},"mobile":{"background-color":"var(--ast-global-color-5)","background-image":"","background-repeat":"repeat","background-position":"center center","background-size":"auto","background-attachment":"scroll","background-type":"","background-media":"","overlay-type":"","overlay-color":"","overlay-opacity":"","overlay-gradient":""}},"footnotes":""},"categories":[196,4],"tags":[190,345,69,347,346],"class_list":["post-3854","post","type-post","status-publish","format-standard","hentry","category-mestres","category-portada","tag-2017-18","tag-adhesio","tag-notices","tag-noticies-2017-18","tag-taula-demergencia-docent"],"post_mailing_queue_ids":[],"_links":{"self":[{"href":"https:\/\/agora.xtec.cat\/ceipflix\/wp-json\/wp\/v2\/posts\/3854","targetHints":{"allow":["GET"]}}],"collection":[{"href":"https:\/\/agora.xtec.cat\/ceipflix\/wp-json\/wp\/v2\/posts"}],"about":[{"href":"https:\/\/agora.xtec.cat\/ceipflix\/wp-json\/wp\/v2\/types\/post"}],"author":[{"embeddable":true,"href":"https:\/\/agora.xtec.cat\/ceipflix\/wp-json\/wp\/v2\/users\/1"}],"replies":[{"embeddable":true,"href":"https:\/\/agora.xtec.cat\/ceipflix\/wp-json\/wp\/v2\/comments?post=3854"}],"version-history":[{"count":2,"href":"https:\/\/agora.xtec.cat\/ceipflix\/wp-json\/wp\/v2\/posts\/3854\/revisions"}],"predecessor-version":[{"id":3857,"href":"https:\/\/agora.xtec.cat\/ceipflix\/wp-json\/wp\/v2\/posts\/3854\/revisions\/3857"}],"wp:attachment":[{"href":"https:\/\/agora.xtec.cat\/ceipflix\/wp-json\/wp\/v2\/media?parent=3854"}],"wp:term":[{"taxonomy":"category","embeddable":true,"href":"https:\/\/agora.xtec.cat\/ceipflix\/wp-json\/wp\/v2\/categories?post=3854"},{"taxonomy":"post_tag","embeddable":true,"href":"https:\/\/agora.xtec.cat\/ceipflix\/wp-json\/wp\/v2\/tags?post=3854"}],"curies":[{"name":"wp","href":"https:\/\/api.w.org\/{rel}","templated":true}]}}