{"id":3850,"date":"2018-05-09T13:21:08","date_gmt":"2018-05-09T11:21:08","guid":{"rendered":"http:\/\/agora.xtec.cat\/ceipflix\/?p=3850"},"modified":"2018-05-11T10:01:10","modified_gmt":"2018-05-11T08:01:10","slug":"som-escola-premiada-pilarin-bayes-2018","status":"publish","type":"post","link":"https:\/\/agora.xtec.cat\/ceipflix\/infantil\/som-escola-premiada-pilarin-bayes-2018\/","title":{"rendered":"Som escola premiada Pilar\u00edn Bay\u00e9s 2018"},"content":{"rendered":"<p><img loading=\"lazy\" decoding=\"async\" class=\"size-large alignleft\" src=\"https:\/\/serveiseducatius.xtec.cat\/baixllobregat2\/wp-content\/uploads\/usu760\/2017\/04\/premi-pilarin-0-300x221.jpg\" width=\"300\" height=\"221\" \/>Aquest any es commemora el 15\u00e8 aniversari del<a href=\"https:\/\/www.premipilarinbayes.org\/\" target=\"_blank\" rel=\"noopener noreferrer\"> <strong>Premi Pilar\u00edn Bay\u00e9s<\/strong><\/a>, promogut per l\u2019Editorial Mediterr\u00e0nia, l\u2019Hospital Sant Joan de D\u00e9u i l\u2019Equip Pilar\u00edn Bay\u00e9s. Convocat\u00f2ria que aquest curs estrena\u00a0 nova \u00a0modalitat (a la qual ens hem presentat nosaltres).<\/p>\n<p>Habitualment, el concurs s\u2019ha basat en la <strong>presentaci\u00f3 de contes<\/strong> per part de les escoles interessades en participar d\u2019entre les quals se\u2019n premien una selecci\u00f3 (5 contes per cada cicle de Prim\u00e0ria, i en la modalitat d\u2019Educaci\u00f3 Especial, tamb\u00e9 des d\u2019aquest curs)&#8230; Rebent un <strong>premi<\/strong> molt especial: <em>veient il\u00b7lustrats i editats els seus contes per la pr\u00f2pia Pilar\u00edn Bay\u00e9s i el seu equip!<\/em><\/p>\n<p>Per\u00f2, aquest curs, s\u2019ha donat opci\u00f3 a participar-li en un nou format: <a href=\"https:\/\/drive.google.com\/file\/d\/0ByBucLnhiBQKdGd3d1VFX0xWaU5ocWRwZGF5UFNuQTFXaDdz\/view?usp=sharing\" target=\"_blank\" rel=\"noopener noreferrer\">el v\u00eddeo<\/a>. Ha estat aquesta la modalitat amb la que ha participat la nostra escola descrivint la iniciativa dels <strong>\u201cCors Pac\u00edfics\u201d<\/strong> que coneixeu (43 concretament).<\/p>\n<p>No s\u2019han conegut els premiats fins aquest mes. I la nostra escola ha estat seleccionada com a guanyadora dins la modalitat de <strong>v\u00eddeo<\/strong> (en la categoria de Cicle Mitj\u00e0), entre la quarantena d\u2019escoles que s\u2019hi ha presentat (43 v\u00eddeos concretament).<\/p>\n<p>Des d\u2019aqu\u00ed <strong>donem les gr\u00e0cies<\/strong> de nou a tothom que s\u2019ha sentit seu aquest projecte (Escola, AMPA, fam\u00edlies que a \u00a0t\u00edtol individual hi heu participat, Ajuntament de Flix, teixit associatiu i comercial del poble, etc&#8230;) que ens va permetre omplir el poble de cors, de missatges pac\u00edfics; per\u00f2, sobretot d\u2019il\u00b7lusi\u00f3 i de for\u00e7a per creure que sempre hi ha <strong>idees que poden ajudar a canviar el m\u00f3n<\/strong>&#8230;Lema de l\u2019actual\u00a0 certamen \u201cPilar\u00edn Bay\u00e9s 2018\u201d.<\/p>\n<p>Del \u00a0<strong>v\u00eddeo <\/strong>que hem presentat (seguint les bases del certamen) la Pilar\u00edn Bay\u00e9s se n\u2019inspirar\u00e0 i en far\u00e0 un conte animat! En aquest premi hi ha un trosset de tothom que ha cregut en la for\u00e7a dels cors pac\u00edfics! V\u00eddeo que no s\u2019estrenar\u00e0 fins el dijous 7 durant l\u2019entrega de premis. Un cop el tinguem us el presentarem! Gr\u00e0cies de tot cor a tothom que hi ha participat! Portar la nostra escola i el nom del nostre poble a un Premi com aquest ens omple d\u2019orgull.<\/p>\n<p style=\"text-align: right;\">Joan Ramon, Director de l\u2019Escola Enric Grau i Fontser\u00e9.<\/p>\n<p style=\"text-align: right;\">Raquel S\u00e1nchez, mestra d\u2019EE i Responsable de la Comissi\u00f3 de Conviv\u00e8ncia del centre.<\/p>\n<p>&nbsp;<\/p>\n<p style=\"text-align: center;\"><a href=\"https:\/\/drive.google.com\/file\/d\/0ByBucLnhiBQKdGd3d1VFX0xWaU5ocWRwZGF5UFNuQTFXaDdz\/view?usp=sharing\" target=\"_blank\" rel=\"noopener noreferrer\"><img loading=\"lazy\" decoding=\"async\" class=\"alignnone wp-image-3851 size-full\" src=\"http:\/\/agora.xtec.cat\/ceipflix\/wp-content\/uploads\/usu61\/2018\/05\/PremiPBayes.jpg\" alt=\"\" width=\"500\" height=\"290\" srcset=\"https:\/\/agora.xtec.cat\/ceipflix\/wp-content\/uploads\/usu61\/2018\/05\/PremiPBayes.jpg 500w, https:\/\/agora.xtec.cat\/ceipflix\/wp-content\/uploads\/usu61\/2018\/05\/PremiPBayes-300x174.jpg 300w\" sizes=\"auto, (max-width: 500px) 100vw, 500px\" \/><\/a><\/p>\n<p>&nbsp;<\/p>\n<p>&nbsp;<\/p>\n<p>&nbsp;<\/p>\n<p>&nbsp;<\/p>\n","protected":false},"excerpt":{"rendered":"<p>L&#8217;escola ha estat premiada en la modalitat v\u00eddeo de cicle mitj\u00e0 del Premi Pilar\u00edn Bay\u00e9s 2018<\/p>\n","protected":false},"author":1,"featured_media":3882,"comment_status":"open","ping_status":"closed","sticky":false,"template":"","format":"standard","meta":{"_bbp_topic_count":0,"_bbp_reply_count":0,"_bbp_total_topic_count":0,"_bbp_total_reply_count":0,"_bbp_voice_count":0,"_bbp_anonymous_reply_count":0,"_bbp_topic_count_hidden":0,"_bbp_reply_count_hidden":0,"_bbp_forum_subforum_count":0,"site-sidebar-layout":"default","site-content-layout":"","ast-site-content-layout":"","site-content-style":"default","site-sidebar-style":"default","ast-global-header-display":"","ast-banner-title-visibility":"","ast-main-header-display":"","ast-hfb-above-header-display":"","ast-hfb-below-header-display":"","ast-hfb-mobile-header-display":"","site-post-title":"","ast-breadcrumbs-content":"","ast-featured-img":"","footer-sml-layout":"","theme-transparent-header-meta":"","adv-header-id-meta":"","stick-header-meta":"","header-above-stick-meta":"","header-main-stick-meta":"","header-below-stick-meta":"","astra-migrate-meta-layouts":"default","ast-page-background-enabled":"default","ast-page-background-meta":{"desktop":{"background-color":"var(--ast-global-color-4)","background-image":"","background-repeat":"repeat","background-position":"center center","background-size":"auto","background-attachment":"scroll","background-type":"","background-media":"","overlay-type":"","overlay-color":"","overlay-opacity":"","overlay-gradient":""},"tablet":{"background-color":"","background-image":"","background-repeat":"repeat","background-position":"center center","background-size":"auto","background-attachment":"scroll","background-type":"","background-media":"","overlay-type":"","overlay-color":"","overlay-opacity":"","overlay-gradient":""},"mobile":{"background-color":"","background-image":"","background-repeat":"repeat","background-position":"center center","background-size":"auto","background-attachment":"scroll","background-type":"","background-media":"","overlay-type":"","overlay-color":"","overlay-opacity":"","overlay-gradient":""}},"ast-content-background-meta":{"desktop":{"background-color":"var(--ast-global-color-5)","background-image":"","background-repeat":"repeat","background-position":"center center","background-size":"auto","background-attachment":"scroll","background-type":"","background-media":"","overlay-type":"","overlay-color":"","overlay-opacity":"","overlay-gradient":""},"tablet":{"background-color":"var(--ast-global-color-5)","background-image":"","background-repeat":"repeat","background-position":"center center","background-size":"auto","background-attachment":"scroll","background-type":"","background-media":"","overlay-type":"","overlay-color":"","overlay-opacity":"","overlay-gradient":""},"mobile":{"background-color":"var(--ast-global-color-5)","background-image":"","background-repeat":"repeat","background-position":"center center","background-size":"auto","background-attachment":"scroll","background-type":"","background-media":"","overlay-type":"","overlay-color":"","overlay-opacity":"","overlay-gradient":""}},"footnotes":""},"categories":[10,12,14,11,13,15,295,3,8,9,2,196,4,5],"tags":[190,217,218,344,334],"class_list":["post-3850","post","type-post","status-publish","format-standard","has-post-thumbnail","hentry","category-1r","category-3r","category-5e","category-2n","category-4t","category-6e","category-educacio-en-valors","category-i3","category-i4","category-i5","category-infantil","category-mestres","category-portada","category-primaria","tag-2017-18","tag-comissio-de-convivencia-2017-18","tag-convivencia","tag-pilarin-bayes","tag-premis"],"post_mailing_queue_ids":[],"_links":{"self":[{"href":"https:\/\/agora.xtec.cat\/ceipflix\/wp-json\/wp\/v2\/posts\/3850","targetHints":{"allow":["GET"]}}],"collection":[{"href":"https:\/\/agora.xtec.cat\/ceipflix\/wp-json\/wp\/v2\/posts"}],"about":[{"href":"https:\/\/agora.xtec.cat\/ceipflix\/wp-json\/wp\/v2\/types\/post"}],"author":[{"embeddable":true,"href":"https:\/\/agora.xtec.cat\/ceipflix\/wp-json\/wp\/v2\/users\/1"}],"replies":[{"embeddable":true,"href":"https:\/\/agora.xtec.cat\/ceipflix\/wp-json\/wp\/v2\/comments?post=3850"}],"version-history":[{"count":3,"href":"https:\/\/agora.xtec.cat\/ceipflix\/wp-json\/wp\/v2\/posts\/3850\/revisions"}],"predecessor-version":[{"id":3884,"href":"https:\/\/agora.xtec.cat\/ceipflix\/wp-json\/wp\/v2\/posts\/3850\/revisions\/3884"}],"wp:featuredmedia":[{"embeddable":true,"href":"https:\/\/agora.xtec.cat\/ceipflix\/wp-json\/wp\/v2\/media\/3882"}],"wp:attachment":[{"href":"https:\/\/agora.xtec.cat\/ceipflix\/wp-json\/wp\/v2\/media?parent=3850"}],"wp:term":[{"taxonomy":"category","embeddable":true,"href":"https:\/\/agora.xtec.cat\/ceipflix\/wp-json\/wp\/v2\/categories?post=3850"},{"taxonomy":"post_tag","embeddable":true,"href":"https:\/\/agora.xtec.cat\/ceipflix\/wp-json\/wp\/v2\/tags?post=3850"}],"curies":[{"name":"wp","href":"https:\/\/api.w.org\/{rel}","templated":true}]}}