{"id":12741,"date":"2026-01-30T16:23:39","date_gmt":"2026-01-30T15:23:39","guid":{"rendered":"https:\/\/agora.xtec.cat\/ceipflix\/?p=12741"},"modified":"2026-01-30T16:23:39","modified_gmt":"2026-01-30T15:23:39","slug":"donacio-un-raco-lector-del-camp-daprenentatge-de-flix","status":"publish","type":"post","link":"https:\/\/agora.xtec.cat\/ceipflix\/general\/donacio-un-raco-lector-del-camp-daprenentatge-de-flix\/","title":{"rendered":"Donaci\u00f3 un rac\u00f3 lector del Camp d&#8217;Aprenentatge de Flix"},"content":{"rendered":"<p>Avui l\u2019equip del Camp d\u2019Aprenentatge de Flix ha entregat a les delegades de 4t i 6\u00e8 i al delegat de 2n una caixa m\u00f2bil per a la biblioteca de l\u2019escola amb llibres il\u00b7lustrats sobre els diferents Projectes Compartits que enguany compleixen 5 anys:<\/p>\n<p>. 2n: La salut de l\u2019aigua<br \/>\n. 4t: El m\u00f3n de la flora<br \/>\n. 6\u00e8: Benvingudes al regne animal<\/p>\n<p>Moltes gr\u00e0cies Sergi, Jaume i Marta per la vostra dedicaci\u00f3 i comprom\u00eds amb l\u2019Educaci\u00f3 Ambiental que permet a les noves generacions coneixements, actituds i valors en defensa de la conservaci\u00f3 dels nostres espais naturals.<\/p>\n<p>Tanquem la setmana del Dia Mundial de l\u2019Educaci\u00f3 Ambiental de forma immillorable!<\/p>\n<p>\ud83e\udef6\ud83c\udffc\ud83e\udd73\ud83d\ude4c\ud83c\udffc<\/p>\n<div id='gallery-1' class='gallery galleryid-12741 gallery-columns-2 gallery-size-thumbnail'><figure class='gallery-item'>\n\t\t\t<div class='gallery-icon landscape'>\n\t\t\t\t<img loading=\"lazy\" decoding=\"async\" width=\"150\" height=\"150\" src=\"https:\/\/agora.xtec.cat\/ceipflix\/wp-content\/uploads\/usu61\/2026\/01\/WhatsApp-Image-2026-01-30-at-14.26.15-150x150.jpeg\" class=\"attachment-thumbnail size-thumbnail\" alt=\"\" \/>\n\t\t\t<\/div><\/figure><figure class='gallery-item'>\n\t\t\t<div class='gallery-icon landscape'>\n\t\t\t\t<img loading=\"lazy\" decoding=\"async\" width=\"150\" height=\"150\" src=\"https:\/\/agora.xtec.cat\/ceipflix\/wp-content\/uploads\/usu61\/2026\/01\/WhatsApp-Image-2026-01-30-at-14.26.16-150x150.jpeg\" class=\"attachment-thumbnail size-thumbnail\" alt=\"\" \/>\n\t\t\t<\/div><\/figure><figure class='gallery-item'>\n\t\t\t<div class='gallery-icon portrait'>\n\t\t\t\t<img loading=\"lazy\" decoding=\"async\" width=\"150\" height=\"150\" src=\"https:\/\/agora.xtec.cat\/ceipflix\/wp-content\/uploads\/usu61\/2026\/01\/WhatsApp-Image-2026-01-30-at-14.26.16-1-150x150.jpeg\" class=\"attachment-thumbnail size-thumbnail\" alt=\"\" \/>\n\t\t\t<\/div><\/figure><figure class='gallery-item'>\n\t\t\t<div class='gallery-icon landscape'>\n\t\t\t\t<img loading=\"lazy\" decoding=\"async\" width=\"150\" height=\"150\" src=\"https:\/\/agora.xtec.cat\/ceipflix\/wp-content\/uploads\/usu61\/2026\/01\/WhatsApp-Image-2026-01-30-at-14.26.16-3-150x150.jpeg\" class=\"attachment-thumbnail size-thumbnail\" alt=\"\" \/>\n\t\t\t<\/div><\/figure>\n\t\t<\/div>\n\n","protected":false},"excerpt":{"rendered":"<p>Avui l\u2019equip del Camp d\u2019Aprenentatge de Flix ha entregat a les delegades de 4t i 6\u00e8 i al delegat de 2n una caixa m\u00f2bil per a la biblioteca de l\u2019escola amb llibres il\u00b7lustrats sobre els diferents Projectes Compartits que enguany compleixen 5 anys: . 2n: La salut de l\u2019aigua . 4t: El m\u00f3n de la [&hellip;]<\/p>\n","protected":false},"author":1,"featured_media":12742,"comment_status":"open","ping_status":"open","sticky":false,"template":"","format":"standard","meta":{"_bbp_topic_count":0,"_bbp_reply_count":0,"_bbp_total_topic_count":0,"_bbp_total_reply_count":0,"_bbp_voice_count":0,"_bbp_anonymous_reply_count":0,"_bbp_topic_count_hidden":0,"_bbp_reply_count_hidden":0,"_bbp_forum_subforum_count":0,"site-sidebar-layout":"default","site-content-layout":"","ast-site-content-layout":"default","site-content-style":"default","site-sidebar-style":"default","ast-global-header-display":"","ast-banner-title-visibility":"","ast-main-header-display":"","ast-hfb-above-header-display":"","ast-hfb-below-header-display":"","ast-hfb-mobile-header-display":"","site-post-title":"","ast-breadcrumbs-content":"","ast-featured-img":"","footer-sml-layout":"","theme-transparent-header-meta":"default","adv-header-id-meta":"","stick-header-meta":"","header-above-stick-meta":"","header-main-stick-meta":"","header-below-stick-meta":"","astra-migrate-meta-layouts":"set","ast-page-background-enabled":"default","ast-page-background-meta":{"desktop":{"background-color":"var(--ast-global-color-4)","background-image":"","background-repeat":"repeat","background-position":"center center","background-size":"auto","background-attachment":"scroll","background-type":"","background-media":"","overlay-type":"","overlay-color":"","overlay-opacity":"","overlay-gradient":""},"tablet":{"background-color":"","background-image":"","background-repeat":"repeat","background-position":"center center","background-size":"auto","background-attachment":"scroll","background-type":"","background-media":"","overlay-type":"","overlay-color":"","overlay-opacity":"","overlay-gradient":""},"mobile":{"background-color":"","background-image":"","background-repeat":"repeat","background-position":"center center","background-size":"auto","background-attachment":"scroll","background-type":"","background-media":"","overlay-type":"","overlay-color":"","overlay-opacity":"","overlay-gradient":""}},"ast-content-background-meta":{"desktop":{"background-color":"var(--ast-global-color-5)","background-image":"","background-repeat":"repeat","background-position":"center center","background-size":"auto","background-attachment":"scroll","background-type":"","background-media":"","overlay-type":"","overlay-color":"","overlay-opacity":"","overlay-gradient":""},"tablet":{"background-color":"var(--ast-global-color-5)","background-image":"","background-repeat":"repeat","background-position":"center center","background-size":"auto","background-attachment":"scroll","background-type":"","background-media":"","overlay-type":"","overlay-color":"","overlay-opacity":"","overlay-gradient":""},"mobile":{"background-color":"var(--ast-global-color-5)","background-image":"","background-repeat":"repeat","background-position":"center center","background-size":"auto","background-attachment":"scroll","background-type":"","background-media":"","overlay-type":"","overlay-color":"","overlay-opacity":"","overlay-gradient":""}},"footnotes":""},"categories":[11,13,15,1204,1202,1174,1096,321,1,4,5,94,95],"tags":[1178,1231,755,1193,1230,35,1050,600,1165],"class_list":["post-12741","post","type-post","status-publish","format-standard","has-post-thumbnail","hentry","category-2n","category-4t","category-6e","category-grans","category-mitjans","category-curs-2025-26","category-delegats-i-delegades","category-edu360","category-general","category-portada","category-primaria","category-projectes","category-steamcat","tag-curs25-26","tag-biblioteca-escolar","tag-camp-daprenentatge-de-flix","tag-curs-2025-26","tag-educacio-ambiental","tag-lectura","tag-llibres","tag-natura","tag-projectes-compartits"],"post_mailing_queue_ids":[],"_links":{"self":[{"href":"https:\/\/agora.xtec.cat\/ceipflix\/wp-json\/wp\/v2\/posts\/12741","targetHints":{"allow":["GET"]}}],"collection":[{"href":"https:\/\/agora.xtec.cat\/ceipflix\/wp-json\/wp\/v2\/posts"}],"about":[{"href":"https:\/\/agora.xtec.cat\/ceipflix\/wp-json\/wp\/v2\/types\/post"}],"author":[{"embeddable":true,"href":"https:\/\/agora.xtec.cat\/ceipflix\/wp-json\/wp\/v2\/users\/1"}],"replies":[{"embeddable":true,"href":"https:\/\/agora.xtec.cat\/ceipflix\/wp-json\/wp\/v2\/comments?post=12741"}],"version-history":[{"count":1,"href":"https:\/\/agora.xtec.cat\/ceipflix\/wp-json\/wp\/v2\/posts\/12741\/revisions"}],"predecessor-version":[{"id":12746,"href":"https:\/\/agora.xtec.cat\/ceipflix\/wp-json\/wp\/v2\/posts\/12741\/revisions\/12746"}],"wp:featuredmedia":[{"embeddable":true,"href":"https:\/\/agora.xtec.cat\/ceipflix\/wp-json\/wp\/v2\/media\/12742"}],"wp:attachment":[{"href":"https:\/\/agora.xtec.cat\/ceipflix\/wp-json\/wp\/v2\/media?parent=12741"}],"wp:term":[{"taxonomy":"category","embeddable":true,"href":"https:\/\/agora.xtec.cat\/ceipflix\/wp-json\/wp\/v2\/categories?post=12741"},{"taxonomy":"post_tag","embeddable":true,"href":"https:\/\/agora.xtec.cat\/ceipflix\/wp-json\/wp\/v2\/tags?post=12741"}],"curies":[{"name":"wp","href":"https:\/\/api.w.org\/{rel}","templated":true}]}}