{"id":12693,"date":"2026-01-30T09:00:41","date_gmt":"2026-01-30T08:00:41","guid":{"rendered":"https:\/\/agora.xtec.cat\/ceipflix\/?p=12693"},"modified":"2026-01-27T17:26:19","modified_gmt":"2026-01-27T16:26:19","slug":"denip26-dia-escolar-de-la-no-violencia-i-la-pau","status":"publish","type":"post","link":"https:\/\/agora.xtec.cat\/ceipflix\/general\/denip26-dia-escolar-de-la-no-violencia-i-la-pau\/","title":{"rendered":"#DENIP26 &#8211; DIA ESCOLAR DE LA NO-VIOL\u00c8NCIA I LA PAU"},"content":{"rendered":"<p data-start=\"118\" data-end=\"385\">Avui, divendres 30 de gener, a la nostra escola celebrem el #DENIP26, el Dia Escolar de la No-Viol\u00e8ncia i la Pau. Amb motiu d\u2019aquesta jornada tan significativa, hem preparat una din\u00e0mica especial al raconet COCOBE per poder treballar aquests valors amb tot l\u2019alumnat.<\/p>\n<p style=\"text-align: center;\" data-start=\"118\" data-end=\"385\"><a href=\"https:\/\/agora.xtec.cat\/ceipflix\/wp-content\/uploads\/usu61\/2026\/01\/WhatsApp-Image-2026-01-27-at-17.14.25.jpeg\"><img loading=\"lazy\" decoding=\"async\" class=\"alignnone  wp-image-12694\" src=\"https:\/\/agora.xtec.cat\/ceipflix\/wp-content\/uploads\/usu61\/2026\/01\/WhatsApp-Image-2026-01-27-at-17.14.25-1024x925.jpeg\" alt=\"\" width=\"543\" height=\"491\" srcset=\"https:\/\/agora.xtec.cat\/ceipflix\/wp-content\/uploads\/usu61\/2026\/01\/WhatsApp-Image-2026-01-27-at-17.14.25-1024x925.jpeg 1024w, https:\/\/agora.xtec.cat\/ceipflix\/wp-content\/uploads\/usu61\/2026\/01\/WhatsApp-Image-2026-01-27-at-17.14.25-300x271.jpeg 300w, https:\/\/agora.xtec.cat\/ceipflix\/wp-content\/uploads\/usu61\/2026\/01\/WhatsApp-Image-2026-01-27-at-17.14.25-768x694.jpeg 768w, https:\/\/agora.xtec.cat\/ceipflix\/wp-content\/uploads\/usu61\/2026\/01\/WhatsApp-Image-2026-01-27-at-17.14.25-1536x1388.jpeg 1536w, https:\/\/agora.xtec.cat\/ceipflix\/wp-content\/uploads\/usu61\/2026\/01\/WhatsApp-Image-2026-01-27-at-17.14.25.jpeg 2048w\" sizes=\"auto, (max-width: 543px) 100vw, 543px\" \/><\/a><\/p>\n<p data-start=\"387\" data-end=\"746\">Aquesta activitat parteix de la campanya \u201cNo em quedo mirant!\u201d d\u2019UNICEF i t\u00e9 com a objectiu sensibilitzar els infants sobre l\u2019assetjament escolar des d\u2019una mirada global. A trav\u00e9s de diferents propostes i reflexions, s\u2019analitzen tots els rols que poden apar\u00e8ixer en una situaci\u00f3 de viol\u00e8ncia: la v\u00edctima, l\u2019agressor, els observadors i les persones que ajuden.<\/p>\n<p data-start=\"387\" data-end=\"746\"><a href=\"https:\/\/agora.xtec.cat\/ceipflix\/wp-content\/uploads\/usu61\/2026\/01\/WhatsApp-Image-2026-01-27-at-16.52.26-1.jpeg\"><img loading=\"lazy\" decoding=\"async\" class=\"wp-image-12695 aligncenter\" src=\"https:\/\/agora.xtec.cat\/ceipflix\/wp-content\/uploads\/usu61\/2026\/01\/WhatsApp-Image-2026-01-27-at-16.52.26-1-768x1024.jpeg\" alt=\"\" width=\"276\" height=\"368\" srcset=\"https:\/\/agora.xtec.cat\/ceipflix\/wp-content\/uploads\/usu61\/2026\/01\/WhatsApp-Image-2026-01-27-at-16.52.26-1-768x1024.jpeg 768w, https:\/\/agora.xtec.cat\/ceipflix\/wp-content\/uploads\/usu61\/2026\/01\/WhatsApp-Image-2026-01-27-at-16.52.26-1-225x300.jpeg 225w, https:\/\/agora.xtec.cat\/ceipflix\/wp-content\/uploads\/usu61\/2026\/01\/WhatsApp-Image-2026-01-27-at-16.52.26-1-1152x1536.jpeg 1152w, https:\/\/agora.xtec.cat\/ceipflix\/wp-content\/uploads\/usu61\/2026\/01\/WhatsApp-Image-2026-01-27-at-16.52.26-1.jpeg 1536w\" sizes=\"auto, (max-width: 276px) 100vw, 276px\" \/><\/a><\/p>\n<p data-start=\"748\" data-end=\"1004\">La din\u00e0mica fomenta l\u2019empatia, el respecte i la responsabilitat col\u00b7lectiva, ajudant l\u2019alumnat a prendre consci\u00e8ncia de la import\u00e0ncia de no ser espectadors passius davant les injust\u00edcies, sin\u00f3 agents actius en la construcci\u00f3 d\u2019un entorn segur i acollidor.<\/p>\n<p data-start=\"1006\" data-end=\"1230\">Amb aquesta iniciativa, reafirmem el nostre comprom\u00eds amb una educaci\u00f3 basada en la conviv\u00e8ncia, la pau i el benestar de tots i totes. Continuem treballant junts per una escola lliure de viol\u00e8ncia i plena de valors positius.<\/p>\n","protected":false},"excerpt":{"rendered":"<p>Avui, divendres 30 de gener, a la nostra escola celebrem el #DENIP26, el Dia Escolar de la No-Viol\u00e8ncia i la Pau. Amb motiu d\u2019aquesta jornada tan significativa, hem preparat una din\u00e0mica especial al raconet COCOBE per poder treballar aquests valors amb tot l\u2019alumnat. Aquesta activitat parteix de la campanya \u201cNo em quedo mirant!\u201d d\u2019UNICEF i [&hellip;]<\/p>\n","protected":false},"author":45,"featured_media":12694,"comment_status":"open","ping_status":"open","sticky":false,"template":"","format":"standard","meta":{"_bbp_topic_count":0,"_bbp_reply_count":0,"_bbp_total_topic_count":0,"_bbp_total_reply_count":0,"_bbp_voice_count":0,"_bbp_anonymous_reply_count":0,"_bbp_topic_count_hidden":0,"_bbp_reply_count_hidden":0,"_bbp_forum_subforum_count":0,"site-sidebar-layout":"default","site-content-layout":"","ast-site-content-layout":"default","site-content-style":"default","site-sidebar-style":"default","ast-global-header-display":"","ast-banner-title-visibility":"","ast-main-header-display":"","ast-hfb-above-header-display":"","ast-hfb-below-header-display":"","ast-hfb-mobile-header-display":"","site-post-title":"","ast-breadcrumbs-content":"","ast-featured-img":"","footer-sml-layout":"","theme-transparent-header-meta":"default","adv-header-id-meta":"","stick-header-meta":"","header-above-stick-meta":"","header-main-stick-meta":"","header-below-stick-meta":"","astra-migrate-meta-layouts":"set","ast-page-background-enabled":"default","ast-page-background-meta":{"desktop":{"background-color":"var(--ast-global-color-4)","background-image":"","background-repeat":"repeat","background-position":"center center","background-size":"auto","background-attachment":"scroll","background-type":"","background-media":"","overlay-type":"","overlay-color":"","overlay-opacity":"","overlay-gradient":""},"tablet":{"background-color":"","background-image":"","background-repeat":"repeat","background-position":"center center","background-size":"auto","background-attachment":"scroll","background-type":"","background-media":"","overlay-type":"","overlay-color":"","overlay-opacity":"","overlay-gradient":""},"mobile":{"background-color":"","background-image":"","background-repeat":"repeat","background-position":"center center","background-size":"auto","background-attachment":"scroll","background-type":"","background-media":"","overlay-type":"","overlay-color":"","overlay-opacity":"","overlay-gradient":""}},"ast-content-background-meta":{"desktop":{"background-color":"var(--ast-global-color-5)","background-image":"","background-repeat":"repeat","background-position":"center center","background-size":"auto","background-attachment":"scroll","background-type":"","background-media":"","overlay-type":"","overlay-color":"","overlay-opacity":"","overlay-gradient":""},"tablet":{"background-color":"var(--ast-global-color-5)","background-image":"","background-repeat":"repeat","background-position":"center center","background-size":"auto","background-attachment":"scroll","background-type":"","background-media":"","overlay-type":"","overlay-color":"","overlay-opacity":"","overlay-gradient":""},"mobile":{"background-color":"var(--ast-global-color-5)","background-image":"","background-repeat":"repeat","background-position":"center center","background-size":"auto","background-attachment":"scroll","background-type":"","background-media":"","overlay-type":"","overlay-color":"","overlay-opacity":"","overlay-gradient":""}},"footnotes":""},"categories":[1227,1204,1202,1203,1174,295,1,2,4,5],"tags":[970,634,633,617,1175,1228],"class_list":["post-12693","post","type-post","status-publish","format-standard","has-post-thumbnail","hentry","category-cocobe","category-grans","category-mitjans","category-petits","category-curs-2025-26","category-educacio-en-valors","category-general","category-infantil","category-portada","category-primaria","tag-cocobe","tag-comunitat-de-grans","tag-comunitat-de-mitjans","tag-comunitat-de-petits","tag-curs-25-26","tag-denip26"],"post_mailing_queue_ids":[],"_links":{"self":[{"href":"https:\/\/agora.xtec.cat\/ceipflix\/wp-json\/wp\/v2\/posts\/12693","targetHints":{"allow":["GET"]}}],"collection":[{"href":"https:\/\/agora.xtec.cat\/ceipflix\/wp-json\/wp\/v2\/posts"}],"about":[{"href":"https:\/\/agora.xtec.cat\/ceipflix\/wp-json\/wp\/v2\/types\/post"}],"author":[{"embeddable":true,"href":"https:\/\/agora.xtec.cat\/ceipflix\/wp-json\/wp\/v2\/users\/45"}],"replies":[{"embeddable":true,"href":"https:\/\/agora.xtec.cat\/ceipflix\/wp-json\/wp\/v2\/comments?post=12693"}],"version-history":[{"count":2,"href":"https:\/\/agora.xtec.cat\/ceipflix\/wp-json\/wp\/v2\/posts\/12693\/revisions"}],"predecessor-version":[{"id":12697,"href":"https:\/\/agora.xtec.cat\/ceipflix\/wp-json\/wp\/v2\/posts\/12693\/revisions\/12697"}],"wp:featuredmedia":[{"embeddable":true,"href":"https:\/\/agora.xtec.cat\/ceipflix\/wp-json\/wp\/v2\/media\/12694"}],"wp:attachment":[{"href":"https:\/\/agora.xtec.cat\/ceipflix\/wp-json\/wp\/v2\/media?parent=12693"}],"wp:term":[{"taxonomy":"category","embeddable":true,"href":"https:\/\/agora.xtec.cat\/ceipflix\/wp-json\/wp\/v2\/categories?post=12693"},{"taxonomy":"post_tag","embeddable":true,"href":"https:\/\/agora.xtec.cat\/ceipflix\/wp-json\/wp\/v2\/tags?post=12693"}],"curies":[{"name":"wp","href":"https:\/\/api.w.org\/{rel}","templated":true}]}}