{"id":12648,"date":"2026-01-30T18:07:14","date_gmt":"2026-01-30T17:07:14","guid":{"rendered":"https:\/\/agora.xtec.cat\/ceipflix\/?p=12648"},"modified":"2026-01-30T18:07:14","modified_gmt":"2026-01-30T17:07:14","slug":"la-comunitat-dels-mitjans-finalitza-la-1a-ronda-de-tallers-steam","status":"publish","type":"post","link":"https:\/\/agora.xtec.cat\/ceipflix\/general\/la-comunitat-dels-mitjans-finalitza-la-1a-ronda-de-tallers-steam\/","title":{"rendered":"La Comunitat dels Mitjans finalitza la 1a ronda de tallers STE(A)M"},"content":{"rendered":"<p data-start=\"131\" data-end=\"436\">Amb l\u2019arribada del segon trimestre, la primera ronda dels tallers STE(A)M de la Comunitat dels Mitjans ha arribat al seu final. Al llarg d\u2019aquestes setmanes, l\u2019alumnat de 1r, 2n i 3r ha pogut participar en cadascun dels tallers art\u00edstics, experimentant, creant i desenvolupant les propostes plantejades.<\/p>\n<p data-start=\"443\" data-end=\"679\">Aquest espai de treball ha perm\u00e8s als nens\/es explorar diferents llenguatges art\u00edstics, potenciar la creativitat, el treball cooperatiu i la capacitat d\u2019expressi\u00f3, tot connectant l\u2019art amb cadascuna de les seves modalitats dels tallers.<\/p>\n<p data-start=\"686\" data-end=\"878\">Properament, l\u2019alumnat iniciar\u00e0 la segona ronda dels tallers amb propostes art\u00edstiques renovades, nous reptes i moltes ganes de continuar aprenent a trav\u00e9s dels grups heterogenis i vivint-ho des de l\u2019experimentaci\u00f3 i la creaci\u00f3.<\/p>\n<p data-start=\"885\" data-end=\"1047\">A continuaci\u00f3, compartim amb vosaltres un recull del que ha estat aquesta primera ronda dels tallers art\u00edstics.<\/p>\n<p data-start=\"1054\" data-end=\"1076\">Esperem que us agradi!<\/p>\n<p data-start=\"1054\" data-end=\"1076\"><iframe loading=\"lazy\" src=\"\/\/www.youtube.com\/embed\/t4tpzaEPX_8\" width=\"560\" height=\"314\" allowfullscreen=\"allowfullscreen\"><\/iframe><\/p>\n","protected":false},"excerpt":{"rendered":"<p>Amb l\u2019arribada del segon trimestre, la primera ronda dels tallers STE(A)M de la Comunitat dels Mitjans ha arribat al seu final. Al llarg d\u2019aquestes setmanes, l\u2019alumnat de 1r, 2n i 3r ha pogut participar en cadascun dels tallers art\u00edstics, experimentant, creant i desenvolupant les propostes plantejades. Aquest espai de treball ha perm\u00e8s als nens\/es explorar [&hellip;]<\/p>\n","protected":false},"author":49,"featured_media":12650,"comment_status":"open","ping_status":"open","sticky":false,"template":"","format":"standard","meta":{"_bbp_topic_count":0,"_bbp_reply_count":0,"_bbp_total_topic_count":0,"_bbp_total_reply_count":0,"_bbp_voice_count":0,"_bbp_anonymous_reply_count":0,"_bbp_topic_count_hidden":0,"_bbp_reply_count_hidden":0,"_bbp_forum_subforum_count":0,"site-sidebar-layout":"default","site-content-layout":"","ast-site-content-layout":"default","site-content-style":"default","site-sidebar-style":"default","ast-global-header-display":"","ast-banner-title-visibility":"","ast-main-header-display":"","ast-hfb-above-header-display":"","ast-hfb-below-header-display":"","ast-hfb-mobile-header-display":"","site-post-title":"","ast-breadcrumbs-content":"","ast-featured-img":"","footer-sml-layout":"","theme-transparent-header-meta":"default","adv-header-id-meta":"","stick-header-meta":"","header-above-stick-meta":"","header-main-stick-meta":"","header-below-stick-meta":"","astra-migrate-meta-layouts":"set","ast-page-background-enabled":"default","ast-page-background-meta":{"desktop":{"background-color":"var(--ast-global-color-4)","background-image":"","background-repeat":"repeat","background-position":"center center","background-size":"auto","background-attachment":"scroll","background-type":"","background-media":"","overlay-type":"","overlay-color":"","overlay-opacity":"","overlay-gradient":""},"tablet":{"background-color":"","background-image":"","background-repeat":"repeat","background-position":"center center","background-size":"auto","background-attachment":"scroll","background-type":"","background-media":"","overlay-type":"","overlay-color":"","overlay-opacity":"","overlay-gradient":""},"mobile":{"background-color":"","background-image":"","background-repeat":"repeat","background-position":"center center","background-size":"auto","background-attachment":"scroll","background-type":"","background-media":"","overlay-type":"","overlay-color":"","overlay-opacity":"","overlay-gradient":""}},"ast-content-background-meta":{"desktop":{"background-color":"var(--ast-global-color-5)","background-image":"","background-repeat":"repeat","background-position":"center center","background-size":"auto","background-attachment":"scroll","background-type":"","background-media":"","overlay-type":"","overlay-color":"","overlay-opacity":"","overlay-gradient":""},"tablet":{"background-color":"var(--ast-global-color-5)","background-image":"","background-repeat":"repeat","background-position":"center center","background-size":"auto","background-attachment":"scroll","background-type":"","background-media":"","overlay-type":"","overlay-color":"","overlay-opacity":"","overlay-gradient":""},"mobile":{"background-color":"var(--ast-global-color-5)","background-image":"","background-repeat":"repeat","background-position":"center center","background-size":"auto","background-attachment":"scroll","background-type":"","background-media":"","overlay-type":"","overlay-color":"","overlay-opacity":"","overlay-gradient":""}},"footnotes":""},"categories":[10,12,11,1202,1174,1,4,5,317],"tags":[1011,1010,1086,1178,1013,1014,1015,1009,1087,1088,1089,1130,1094,982,633],"class_list":["post-12648","post","type-post","status-publish","format-standard","has-post-thumbnail","hentry","category-1r","category-3r","category-2n","category-mitjans","category-curs-2025-26","category-general","category-portada","category-primaria","category-tallers","tag-artcorporal","tag-artdigital","tag-curs24-25","tag-curs25-26","tag-donemforma","tag-feshotumateix","tag-passeigdelsartistes","tag-tallerssteam","tag-1r","tag-2n","tag-3r","tag-alu2017","tag-alu2018","tag-alu2019","tag-comunitat-de-mitjans"],"post_mailing_queue_ids":[],"_links":{"self":[{"href":"https:\/\/agora.xtec.cat\/ceipflix\/wp-json\/wp\/v2\/posts\/12648","targetHints":{"allow":["GET"]}}],"collection":[{"href":"https:\/\/agora.xtec.cat\/ceipflix\/wp-json\/wp\/v2\/posts"}],"about":[{"href":"https:\/\/agora.xtec.cat\/ceipflix\/wp-json\/wp\/v2\/types\/post"}],"author":[{"embeddable":true,"href":"https:\/\/agora.xtec.cat\/ceipflix\/wp-json\/wp\/v2\/users\/49"}],"replies":[{"embeddable":true,"href":"https:\/\/agora.xtec.cat\/ceipflix\/wp-json\/wp\/v2\/comments?post=12648"}],"version-history":[{"count":2,"href":"https:\/\/agora.xtec.cat\/ceipflix\/wp-json\/wp\/v2\/posts\/12648\/revisions"}],"predecessor-version":[{"id":12747,"href":"https:\/\/agora.xtec.cat\/ceipflix\/wp-json\/wp\/v2\/posts\/12648\/revisions\/12747"}],"wp:featuredmedia":[{"embeddable":true,"href":"https:\/\/agora.xtec.cat\/ceipflix\/wp-json\/wp\/v2\/media\/12650"}],"wp:attachment":[{"href":"https:\/\/agora.xtec.cat\/ceipflix\/wp-json\/wp\/v2\/media?parent=12648"}],"wp:term":[{"taxonomy":"category","embeddable":true,"href":"https:\/\/agora.xtec.cat\/ceipflix\/wp-json\/wp\/v2\/categories?post=12648"},{"taxonomy":"post_tag","embeddable":true,"href":"https:\/\/agora.xtec.cat\/ceipflix\/wp-json\/wp\/v2\/tags?post=12648"}],"curies":[{"name":"wp","href":"https:\/\/api.w.org\/{rel}","templated":true}]}}