{"id":12616,"date":"2026-01-16T18:43:43","date_gmt":"2026-01-16T17:43:43","guid":{"rendered":"https:\/\/agora.xtec.cat\/ceipflix\/?p=12616"},"modified":"2026-01-16T19:10:24","modified_gmt":"2026-01-16T18:10:24","slug":"teatre-de-llum-negra-el-monstre-de-colors","status":"publish","type":"post","link":"https:\/\/agora.xtec.cat\/ceipflix\/general\/teatre-de-llum-negra-el-monstre-de-colors\/","title":{"rendered":"Teatre de llum negra: el Monstre de Colors"},"content":{"rendered":"<p>Avui a la tarda, la Comunitat de Petits ha pogut gaudir d\u2019un espectacle de llum negra basat en el conte El Monstre de Colors: &#8220;El monstre est\u00e0 ple de colors: groc, blau, vermell, negre, verd\u2026 Quin embolic! Amb l\u2019ajuda de la Nuna aprenem que cada color representa una emoci\u00f3, per\u00f2 cal saber entendre-les per posar-les en ordre&#8221;. Sota la llum ultraviolada, i acompanyats de m\u00fasica i veus, han anat apareixent les diferents emocions del monstre, mentre la nena del conte l&#8217;ajuda a desfer el garbuix emocional.<br \/>\nL\u2019espectacle i el muntatge han anat a c\u00e0rrec de Pinyeres, que un cop m\u00e9s ens ha captivat amb una proposta molt visual i art\u00edstica. La interpretaci\u00f3 del personatge de la Nuna, la nena del conte, ha estat a c\u00e0rrec de la Gemma, mestra del Programa de Cooperaci\u00f3 Territorial d\u2019Educaci\u00f3 Inclusiva (PCTEI), que ha contribu\u00eft a donar vida a la hist\u00f2ria.<br \/>\nEls infants han gaudit molt de l\u2019experi\u00e8ncia. Moltes gr\u00e0cies Pinyeres i Gema per oferir-nos aquesta experi\u00e8ncia visual i plena de sensibilitat.<br \/>\n<div id='gallery-1' class='gallery galleryid-12616 gallery-columns-4 gallery-size-thumbnail'><figure class='gallery-item'>\n\t\t\t<div class='gallery-icon landscape'>\n\t\t\t\t<a href='https:\/\/agora.xtec.cat\/ceipflix\/general\/teatre-de-llum-negra-el-monstre-de-colors\/attachment\/whatsapp-image-2026-01-16-at-18-32-22-1\/'><img loading=\"lazy\" decoding=\"async\" width=\"150\" height=\"150\" src=\"https:\/\/agora.xtec.cat\/ceipflix\/wp-content\/uploads\/usu61\/2026\/01\/WhatsApp-Image-2026-01-16-at-18.32.22-1-150x150.jpeg\" class=\"attachment-thumbnail size-thumbnail\" alt=\"\" \/><\/a>\n\t\t\t<\/div><\/figure><figure class='gallery-item'>\n\t\t\t<div class='gallery-icon landscape'>\n\t\t\t\t<a href='https:\/\/agora.xtec.cat\/ceipflix\/general\/teatre-de-llum-negra-el-monstre-de-colors\/attachment\/whatsapp-image-2026-01-16-at-18-32-22\/'><img loading=\"lazy\" decoding=\"async\" width=\"150\" height=\"150\" src=\"https:\/\/agora.xtec.cat\/ceipflix\/wp-content\/uploads\/usu61\/2026\/01\/WhatsApp-Image-2026-01-16-at-18.32.22-150x150.jpeg\" class=\"attachment-thumbnail size-thumbnail\" alt=\"\" \/><\/a>\n\t\t\t<\/div><\/figure><figure class='gallery-item'>\n\t\t\t<div class='gallery-icon landscape'>\n\t\t\t\t<a href='https:\/\/agora.xtec.cat\/ceipflix\/general\/teatre-de-llum-negra-el-monstre-de-colors\/attachment\/img-20260116-wa0001\/'><img loading=\"lazy\" decoding=\"async\" width=\"150\" height=\"150\" src=\"https:\/\/agora.xtec.cat\/ceipflix\/wp-content\/uploads\/usu61\/2026\/01\/IMG-20260116-WA0001-150x150.jpg\" class=\"attachment-thumbnail size-thumbnail\" alt=\"\" \/><\/a>\n\t\t\t<\/div><\/figure><figure class='gallery-item'>\n\t\t\t<div class='gallery-icon landscape'>\n\t\t\t\t<a href='https:\/\/agora.xtec.cat\/ceipflix\/general\/teatre-de-llum-negra-el-monstre-de-colors\/attachment\/img-20260116-wa0002\/'><img loading=\"lazy\" decoding=\"async\" width=\"150\" height=\"150\" src=\"https:\/\/agora.xtec.cat\/ceipflix\/wp-content\/uploads\/usu61\/2026\/01\/IMG-20260116-WA0002-150x150.jpg\" class=\"attachment-thumbnail size-thumbnail\" alt=\"\" \/><\/a>\n\t\t\t<\/div><\/figure><figure class='gallery-item'>\n\t\t\t<div class='gallery-icon landscape'>\n\t\t\t\t<a href='https:\/\/agora.xtec.cat\/ceipflix\/general\/teatre-de-llum-negra-el-monstre-de-colors\/attachment\/img-20260116-wa0003\/'><img loading=\"lazy\" decoding=\"async\" width=\"150\" height=\"150\" src=\"https:\/\/agora.xtec.cat\/ceipflix\/wp-content\/uploads\/usu61\/2026\/01\/IMG-20260116-WA0003-150x150.jpg\" class=\"attachment-thumbnail size-thumbnail\" alt=\"\" \/><\/a>\n\t\t\t<\/div><\/figure><figure class='gallery-item'>\n\t\t\t<div class='gallery-icon landscape'>\n\t\t\t\t<a href='https:\/\/agora.xtec.cat\/ceipflix\/general\/teatre-de-llum-negra-el-monstre-de-colors\/attachment\/img-20260116-wa0004\/'><img loading=\"lazy\" decoding=\"async\" width=\"150\" height=\"150\" src=\"https:\/\/agora.xtec.cat\/ceipflix\/wp-content\/uploads\/usu61\/2026\/01\/IMG-20260116-WA0004-150x150.jpg\" class=\"attachment-thumbnail size-thumbnail\" alt=\"\" \/><\/a>\n\t\t\t<\/div><\/figure><figure class='gallery-item'>\n\t\t\t<div class='gallery-icon landscape'>\n\t\t\t\t<a href='https:\/\/agora.xtec.cat\/ceipflix\/general\/teatre-de-llum-negra-el-monstre-de-colors\/attachment\/img-20260116-wa0005\/'><img loading=\"lazy\" decoding=\"async\" width=\"150\" height=\"150\" src=\"https:\/\/agora.xtec.cat\/ceipflix\/wp-content\/uploads\/usu61\/2026\/01\/IMG-20260116-WA0005-150x150.jpg\" class=\"attachment-thumbnail size-thumbnail\" alt=\"\" \/><\/a>\n\t\t\t<\/div><\/figure><figure class='gallery-item'>\n\t\t\t<div class='gallery-icon landscape'>\n\t\t\t\t<a href='https:\/\/agora.xtec.cat\/ceipflix\/general\/teatre-de-llum-negra-el-monstre-de-colors\/attachment\/img-20260116-wa0008\/'><img loading=\"lazy\" decoding=\"async\" width=\"150\" height=\"150\" src=\"https:\/\/agora.xtec.cat\/ceipflix\/wp-content\/uploads\/usu61\/2026\/01\/IMG-20260116-WA0008-150x150.jpg\" class=\"attachment-thumbnail size-thumbnail\" alt=\"\" \/><\/a>\n\t\t\t<\/div><\/figure><figure class='gallery-item'>\n\t\t\t<div class='gallery-icon landscape'>\n\t\t\t\t<a href='https:\/\/agora.xtec.cat\/ceipflix\/general\/teatre-de-llum-negra-el-monstre-de-colors\/attachment\/img-20260116-wa0009\/'><img loading=\"lazy\" decoding=\"async\" width=\"150\" height=\"150\" src=\"https:\/\/agora.xtec.cat\/ceipflix\/wp-content\/uploads\/usu61\/2026\/01\/IMG-20260116-WA0009-150x150.jpg\" class=\"attachment-thumbnail size-thumbnail\" alt=\"\" \/><\/a>\n\t\t\t<\/div><\/figure><figure class='gallery-item'>\n\t\t\t<div class='gallery-icon landscape'>\n\t\t\t\t<a href='https:\/\/agora.xtec.cat\/ceipflix\/general\/teatre-de-llum-negra-el-monstre-de-colors\/attachment\/img-20260116-wa0010\/'><img loading=\"lazy\" decoding=\"async\" width=\"150\" height=\"150\" src=\"https:\/\/agora.xtec.cat\/ceipflix\/wp-content\/uploads\/usu61\/2026\/01\/IMG-20260116-WA0010-150x150.jpg\" class=\"attachment-thumbnail size-thumbnail\" alt=\"\" \/><\/a>\n\t\t\t<\/div><\/figure><figure class='gallery-item'>\n\t\t\t<div class='gallery-icon landscape'>\n\t\t\t\t<a href='https:\/\/agora.xtec.cat\/ceipflix\/general\/teatre-de-llum-negra-el-monstre-de-colors\/attachment\/img-20260116-wa0011\/'><img loading=\"lazy\" decoding=\"async\" width=\"150\" height=\"150\" src=\"https:\/\/agora.xtec.cat\/ceipflix\/wp-content\/uploads\/usu61\/2026\/01\/IMG-20260116-WA0011-150x150.jpg\" class=\"attachment-thumbnail size-thumbnail\" alt=\"\" \/><\/a>\n\t\t\t<\/div><\/figure><figure class='gallery-item'>\n\t\t\t<div class='gallery-icon landscape'>\n\t\t\t\t<a href='https:\/\/agora.xtec.cat\/ceipflix\/general\/teatre-de-llum-negra-el-monstre-de-colors\/attachment\/whatsapp-image-2026-01-16-at-18-32-22-2\/'><img loading=\"lazy\" decoding=\"async\" width=\"150\" height=\"150\" src=\"https:\/\/agora.xtec.cat\/ceipflix\/wp-content\/uploads\/usu61\/2026\/01\/WhatsApp-Image-2026-01-16-at-18.32.22-2-150x150.jpeg\" class=\"attachment-thumbnail size-thumbnail\" alt=\"\" \/><\/a>\n\t\t\t<\/div><\/figure><figure class='gallery-item'>\n\t\t\t<div class='gallery-icon landscape'>\n\t\t\t\t<a href='https:\/\/agora.xtec.cat\/ceipflix\/general\/teatre-de-llum-negra-el-monstre-de-colors\/attachment\/whatsapp-image-2026-01-16-at-18-32-22-3\/'><img loading=\"lazy\" decoding=\"async\" width=\"150\" height=\"150\" src=\"https:\/\/agora.xtec.cat\/ceipflix\/wp-content\/uploads\/usu61\/2026\/01\/WhatsApp-Image-2026-01-16-at-18.32.22-3-150x150.jpeg\" class=\"attachment-thumbnail size-thumbnail\" alt=\"\" \/><\/a>\n\t\t\t<\/div><\/figure><figure class='gallery-item'>\n\t\t\t<div class='gallery-icon landscape'>\n\t\t\t\t<a href='https:\/\/agora.xtec.cat\/ceipflix\/general\/teatre-de-llum-negra-el-monstre-de-colors\/attachment\/whatsapp-image-2026-01-16-at-18-32-22-4\/'><img loading=\"lazy\" decoding=\"async\" width=\"150\" height=\"150\" src=\"https:\/\/agora.xtec.cat\/ceipflix\/wp-content\/uploads\/usu61\/2026\/01\/WhatsApp-Image-2026-01-16-at-18.32.22-4-150x150.jpeg\" class=\"attachment-thumbnail size-thumbnail\" alt=\"\" \/><\/a>\n\t\t\t<\/div><\/figure><figure class='gallery-item'>\n\t\t\t<div class='gallery-icon landscape'>\n\t\t\t\t<a href='https:\/\/agora.xtec.cat\/ceipflix\/general\/teatre-de-llum-negra-el-monstre-de-colors\/attachment\/whatsapp-image-2026-01-16-at-18-32-22-5\/'><img loading=\"lazy\" decoding=\"async\" width=\"150\" height=\"150\" src=\"https:\/\/agora.xtec.cat\/ceipflix\/wp-content\/uploads\/usu61\/2026\/01\/WhatsApp-Image-2026-01-16-at-18.32.22-5-150x150.jpeg\" class=\"attachment-thumbnail size-thumbnail\" alt=\"\" \/><\/a>\n\t\t\t<\/div><\/figure><figure class='gallery-item'>\n\t\t\t<div class='gallery-icon landscape'>\n\t\t\t\t<a href='https:\/\/agora.xtec.cat\/ceipflix\/general\/teatre-de-llum-negra-el-monstre-de-colors\/attachment\/whatsapp-image-2026-01-16-at-18-32-22-7\/'><img loading=\"lazy\" decoding=\"async\" width=\"150\" height=\"150\" src=\"https:\/\/agora.xtec.cat\/ceipflix\/wp-content\/uploads\/usu61\/2026\/01\/WhatsApp-Image-2026-01-16-at-18.32.22-7-150x150.jpeg\" class=\"attachment-thumbnail size-thumbnail\" alt=\"\" \/><\/a>\n\t\t\t<\/div><\/figure><figure class='gallery-item'>\n\t\t\t<div class='gallery-icon landscape'>\n\t\t\t\t<a href='https:\/\/agora.xtec.cat\/ceipflix\/general\/teatre-de-llum-negra-el-monstre-de-colors\/attachment\/whatsapp-image-2026-01-16-at-18-32-23-1\/'><img loading=\"lazy\" decoding=\"async\" width=\"150\" height=\"150\" src=\"https:\/\/agora.xtec.cat\/ceipflix\/wp-content\/uploads\/usu61\/2026\/01\/WhatsApp-Image-2026-01-16-at-18.32.23-1-150x150.jpeg\" class=\"attachment-thumbnail size-thumbnail\" alt=\"\" \/><\/a>\n\t\t\t<\/div><\/figure>\n\t\t<\/div>\n<\/p>\n","protected":false},"excerpt":{"rendered":"<p>Avui a la tarda, la Comunitat de Petits ha pogut gaudir d\u2019un espectacle de llum negra basat en el conte El Monstre de Colors: &#8220;El monstre est\u00e0 ple de colors: groc, blau, vermell, negre, verd\u2026 Quin embolic! Amb l\u2019ajuda de la Nuna aprenem que cada color representa una emoci\u00f3, per\u00f2 cal saber entendre-les per posar-les [&hellip;]<\/p>\n","protected":false},"author":24,"featured_media":12625,"comment_status":"open","ping_status":"open","sticky":false,"template":"","format":"standard","meta":{"_bbp_topic_count":0,"_bbp_reply_count":0,"_bbp_total_topic_count":0,"_bbp_total_reply_count":0,"_bbp_voice_count":0,"_bbp_anonymous_reply_count":0,"_bbp_topic_count_hidden":0,"_bbp_reply_count_hidden":0,"_bbp_forum_subforum_count":0,"site-sidebar-layout":"default","site-content-layout":"","ast-site-content-layout":"default","site-content-style":"default","site-sidebar-style":"default","ast-global-header-display":"","ast-banner-title-visibility":"","ast-main-header-display":"","ast-hfb-above-header-display":"","ast-hfb-below-header-display":"","ast-hfb-mobile-header-display":"","site-post-title":"","ast-breadcrumbs-content":"","ast-featured-img":"","footer-sml-layout":"","theme-transparent-header-meta":"default","adv-header-id-meta":"","stick-header-meta":"","header-above-stick-meta":"","header-main-stick-meta":"","header-below-stick-meta":"","astra-migrate-meta-layouts":"set","ast-page-background-enabled":"default","ast-page-background-meta":{"desktop":{"background-color":"var(--ast-global-color-4)","background-image":"","background-repeat":"repeat","background-position":"center center","background-size":"auto","background-attachment":"scroll","background-type":"","background-media":"","overlay-type":"","overlay-color":"","overlay-opacity":"","overlay-gradient":""},"tablet":{"background-color":"","background-image":"","background-repeat":"repeat","background-position":"center center","background-size":"auto","background-attachment":"scroll","background-type":"","background-media":"","overlay-type":"","overlay-color":"","overlay-opacity":"","overlay-gradient":""},"mobile":{"background-color":"","background-image":"","background-repeat":"repeat","background-position":"center center","background-size":"auto","background-attachment":"scroll","background-type":"","background-media":"","overlay-type":"","overlay-color":"","overlay-opacity":"","overlay-gradient":""}},"ast-content-background-meta":{"desktop":{"background-color":"var(--ast-global-color-5)","background-image":"","background-repeat":"repeat","background-position":"center center","background-size":"auto","background-attachment":"scroll","background-type":"","background-media":"","overlay-type":"","overlay-color":"","overlay-opacity":"","overlay-gradient":""},"tablet":{"background-color":"var(--ast-global-color-5)","background-image":"","background-repeat":"repeat","background-position":"center center","background-size":"auto","background-attachment":"scroll","background-type":"","background-media":"","overlay-type":"","overlay-color":"","overlay-opacity":"","overlay-gradient":""},"mobile":{"background-color":"var(--ast-global-color-5)","background-image":"","background-repeat":"repeat","background-position":"center center","background-size":"auto","background-attachment":"scroll","background-type":"","background-media":"","overlay-type":"","overlay-color":"","overlay-opacity":"","overlay-gradient":""}},"footnotes":""},"categories":[1203,1174,1,3,8,9,2,4],"tags":[617,1175,742],"class_list":["post-12616","post","type-post","status-publish","format-standard","has-post-thumbnail","hentry","category-petits","category-curs-2025-26","category-general","category-i3","category-i4","category-i5","category-infantil","category-portada","tag-comunitat-de-petits","tag-curs-25-26","tag-teatre-llum-uv"],"post_mailing_queue_ids":[],"_links":{"self":[{"href":"https:\/\/agora.xtec.cat\/ceipflix\/wp-json\/wp\/v2\/posts\/12616","targetHints":{"allow":["GET"]}}],"collection":[{"href":"https:\/\/agora.xtec.cat\/ceipflix\/wp-json\/wp\/v2\/posts"}],"about":[{"href":"https:\/\/agora.xtec.cat\/ceipflix\/wp-json\/wp\/v2\/types\/post"}],"author":[{"embeddable":true,"href":"https:\/\/agora.xtec.cat\/ceipflix\/wp-json\/wp\/v2\/users\/24"}],"replies":[{"embeddable":true,"href":"https:\/\/agora.xtec.cat\/ceipflix\/wp-json\/wp\/v2\/comments?post=12616"}],"version-history":[{"count":4,"href":"https:\/\/agora.xtec.cat\/ceipflix\/wp-json\/wp\/v2\/posts\/12616\/revisions"}],"predecessor-version":[{"id":12640,"href":"https:\/\/agora.xtec.cat\/ceipflix\/wp-json\/wp\/v2\/posts\/12616\/revisions\/12640"}],"wp:featuredmedia":[{"embeddable":true,"href":"https:\/\/agora.xtec.cat\/ceipflix\/wp-json\/wp\/v2\/media\/12625"}],"wp:attachment":[{"href":"https:\/\/agora.xtec.cat\/ceipflix\/wp-json\/wp\/v2\/media?parent=12616"}],"wp:term":[{"taxonomy":"category","embeddable":true,"href":"https:\/\/agora.xtec.cat\/ceipflix\/wp-json\/wp\/v2\/categories?post=12616"},{"taxonomy":"post_tag","embeddable":true,"href":"https:\/\/agora.xtec.cat\/ceipflix\/wp-json\/wp\/v2\/tags?post=12616"}],"curies":[{"name":"wp","href":"https:\/\/api.w.org\/{rel}","templated":true}]}}