{"id":12387,"date":"2025-11-24T19:32:39","date_gmt":"2025-11-24T18:32:39","guid":{"rendered":"https:\/\/agora.xtec.cat\/ceipflix\/?p=12387"},"modified":"2025-11-24T19:32:39","modified_gmt":"2025-11-24T18:32:39","slug":"assessorament-amb-els-bombers-voluntaris-de-flix","status":"publish","type":"post","link":"https:\/\/agora.xtec.cat\/ceipflix\/general\/assessorament-amb-els-bombers-voluntaris-de-flix\/","title":{"rendered":"Assessorament amb els Bombers Voluntaris de Flix"},"content":{"rendered":"<p>Aquest dilluns 24 de novembre, l\u2019equip docent de l\u2019escola ha rebut un assessorament de part dels Bombers Voluntaris de Flix sobre l\u2019\u00fas dels diferents tipus d\u2019extintors en determinades situacions amb foc. Aquesta sessi\u00f3 ha estat organitzada per la coordinaci\u00f3 de riscos laborals (Laura Sanclemente) i ens ha perm\u00e8s con\u00e8ixer les caracter\u00edstiques de cada extintor i l&#8217;adequaci\u00f3 per utilitzar-los en diferents situacions i materials.<\/p>\n<p>Una sessi\u00f3 molt profitosa amb una part te\u00f2rica al vest\u00edbul de l&#8217;escola i una de pr\u00e0ctica al pati de l&#8217;escola on hem pogut experimentar amb diferents extintors cedits per l\u2019ocasi\u00f3 gr\u00e0cies a Instal\u00b7lacions Rodri.<\/p>\n<p>Un agra\u00efment a Cristian, David i Joan per la vostra disponiblitat que ens permetr\u00e0 seguir treballant en la seguretat del nostre centre educatiu.<\/p>\n<p>Moltes gr\u00e0cies!<\/p>\n<div id='gallery-1' class='gallery galleryid-12387 gallery-columns-3 gallery-size-thumbnail'><figure class='gallery-item'>\n\t\t\t<div class='gallery-icon landscape'>\n\t\t\t\t<a href='https:\/\/agora.xtec.cat\/ceipflix\/general\/assessorament-amb-els-bombers-voluntaris-de-flix\/attachment\/whatsapp-image-2025-11-24-at-13-57-00\/'><img loading=\"lazy\" decoding=\"async\" width=\"150\" height=\"150\" src=\"https:\/\/agora.xtec.cat\/ceipflix\/wp-content\/uploads\/usu61\/2025\/11\/WhatsApp-Image-2025-11-24-at-13.57.00-150x150.jpeg\" class=\"attachment-thumbnail size-thumbnail\" alt=\"\" \/><\/a>\n\t\t\t<\/div><\/figure><figure class='gallery-item'>\n\t\t\t<div class='gallery-icon portrait'>\n\t\t\t\t<a href='https:\/\/agora.xtec.cat\/ceipflix\/general\/assessorament-amb-els-bombers-voluntaris-de-flix\/attachment\/whatsapp-image-2025-11-24-at-13-57-01\/'><img loading=\"lazy\" decoding=\"async\" width=\"150\" height=\"150\" src=\"https:\/\/agora.xtec.cat\/ceipflix\/wp-content\/uploads\/usu61\/2025\/11\/WhatsApp-Image-2025-11-24-at-13.57.01-150x150.jpeg\" class=\"attachment-thumbnail size-thumbnail\" alt=\"\" \/><\/a>\n\t\t\t<\/div><\/figure><figure class='gallery-item'>\n\t\t\t<div class='gallery-icon portrait'>\n\t\t\t\t<a href='https:\/\/agora.xtec.cat\/ceipflix\/general\/assessorament-amb-els-bombers-voluntaris-de-flix\/attachment\/whatsapp-image-2025-11-24-at-13-57-02\/'><img loading=\"lazy\" decoding=\"async\" width=\"150\" height=\"150\" src=\"https:\/\/agora.xtec.cat\/ceipflix\/wp-content\/uploads\/usu61\/2025\/11\/WhatsApp-Image-2025-11-24-at-13.57.02-150x150.jpeg\" class=\"attachment-thumbnail size-thumbnail\" alt=\"\" \/><\/a>\n\t\t\t<\/div><\/figure><figure class='gallery-item'>\n\t\t\t<div class='gallery-icon landscape'>\n\t\t\t\t<a href='https:\/\/agora.xtec.cat\/ceipflix\/general\/assessorament-amb-els-bombers-voluntaris-de-flix\/attachment\/whatsapp-image-2025-11-24-at-13-57-04\/'><img loading=\"lazy\" decoding=\"async\" width=\"150\" height=\"150\" src=\"https:\/\/agora.xtec.cat\/ceipflix\/wp-content\/uploads\/usu61\/2025\/11\/WhatsApp-Image-2025-11-24-at-13.57.04-150x150.jpeg\" class=\"attachment-thumbnail size-thumbnail\" alt=\"\" \/><\/a>\n\t\t\t<\/div><\/figure><figure class='gallery-item'>\n\t\t\t<div class='gallery-icon landscape'>\n\t\t\t\t<a href='https:\/\/agora.xtec.cat\/ceipflix\/general\/assessorament-amb-els-bombers-voluntaris-de-flix\/attachment\/whatsapp-image-2025-11-24-at-13-57-08\/'><img loading=\"lazy\" decoding=\"async\" width=\"150\" height=\"150\" src=\"https:\/\/agora.xtec.cat\/ceipflix\/wp-content\/uploads\/usu61\/2025\/11\/WhatsApp-Image-2025-11-24-at-13.57.08-150x150.jpeg\" class=\"attachment-thumbnail size-thumbnail\" alt=\"\" \/><\/a>\n\t\t\t<\/div><\/figure><figure class='gallery-item'>\n\t\t\t<div class='gallery-icon landscape'>\n\t\t\t\t<a href='https:\/\/agora.xtec.cat\/ceipflix\/general\/assessorament-amb-els-bombers-voluntaris-de-flix\/attachment\/whatsapp-image-2025-11-24-at-13-57-06\/'><img loading=\"lazy\" decoding=\"async\" width=\"150\" height=\"150\" src=\"https:\/\/agora.xtec.cat\/ceipflix\/wp-content\/uploads\/usu61\/2025\/11\/WhatsApp-Image-2025-11-24-at-13.57.06-150x150.jpeg\" class=\"attachment-thumbnail size-thumbnail\" alt=\"\" \/><\/a>\n\t\t\t<\/div><\/figure><figure class='gallery-item'>\n\t\t\t<div class='gallery-icon landscape'>\n\t\t\t\t<a href='https:\/\/agora.xtec.cat\/ceipflix\/general\/assessorament-amb-els-bombers-voluntaris-de-flix\/attachment\/whatsapp-image-2025-11-24-at-13-57-05-1\/'><img loading=\"lazy\" decoding=\"async\" width=\"150\" height=\"150\" src=\"https:\/\/agora.xtec.cat\/ceipflix\/wp-content\/uploads\/usu61\/2025\/11\/WhatsApp-Image-2025-11-24-at-13.57.05-1-150x150.jpeg\" class=\"attachment-thumbnail size-thumbnail\" alt=\"\" \/><\/a>\n\t\t\t<\/div><\/figure><figure class='gallery-item'>\n\t\t\t<div class='gallery-icon landscape'>\n\t\t\t\t<a href='https:\/\/agora.xtec.cat\/ceipflix\/general\/assessorament-amb-els-bombers-voluntaris-de-flix\/attachment\/whatsapp-image-2025-11-24-at-13-57-05\/'><img loading=\"lazy\" decoding=\"async\" width=\"150\" height=\"150\" src=\"https:\/\/agora.xtec.cat\/ceipflix\/wp-content\/uploads\/usu61\/2025\/11\/WhatsApp-Image-2025-11-24-at-13.57.05-150x150.jpeg\" class=\"attachment-thumbnail size-thumbnail\" alt=\"\" \/><\/a>\n\t\t\t<\/div><\/figure><figure class='gallery-item'>\n\t\t\t<div class='gallery-icon landscape'>\n\t\t\t\t<a href='https:\/\/agora.xtec.cat\/ceipflix\/general\/assessorament-amb-els-bombers-voluntaris-de-flix\/attachment\/whatsapp-image-2025-11-24-at-13-57-04-1\/'><img loading=\"lazy\" decoding=\"async\" width=\"150\" height=\"150\" src=\"https:\/\/agora.xtec.cat\/ceipflix\/wp-content\/uploads\/usu61\/2025\/11\/WhatsApp-Image-2025-11-24-at-13.57.04-1-150x150.jpeg\" class=\"attachment-thumbnail size-thumbnail\" alt=\"\" \/><\/a>\n\t\t\t<\/div><\/figure>\n\t\t<\/div>\n\n","protected":false},"excerpt":{"rendered":"<p>Aquest dilluns 24 de novembre, l\u2019equip docent de l\u2019escola ha rebut un assessorament de part dels Bombers Voluntaris de Flix sobre l\u2019\u00fas dels diferents tipus d\u2019extintors en determinades situacions amb foc. Aquesta sessi\u00f3 ha estat organitzada per la coordinaci\u00f3 de riscos laborals (Laura Sanclemente) i ens ha perm\u00e8s con\u00e8ixer les caracter\u00edstiques de cada extintor i [&hellip;]<\/p>\n","protected":false},"author":1,"featured_media":12389,"comment_status":"open","ping_status":"open","sticky":false,"template":"","format":"standard","meta":{"_bbp_topic_count":0,"_bbp_reply_count":0,"_bbp_total_topic_count":0,"_bbp_total_reply_count":0,"_bbp_voice_count":0,"_bbp_anonymous_reply_count":0,"_bbp_topic_count_hidden":0,"_bbp_reply_count_hidden":0,"_bbp_forum_subforum_count":0,"site-sidebar-layout":"default","site-content-layout":"","ast-site-content-layout":"","site-content-style":"default","site-sidebar-style":"default","ast-global-header-display":"","ast-banner-title-visibility":"","ast-main-header-display":"","ast-hfb-above-header-display":"","ast-hfb-below-header-display":"","ast-hfb-mobile-header-display":"","site-post-title":"","ast-breadcrumbs-content":"","ast-featured-img":"","footer-sml-layout":"","theme-transparent-header-meta":"","adv-header-id-meta":"","stick-header-meta":"","header-above-stick-meta":"","header-main-stick-meta":"","header-below-stick-meta":"","astra-migrate-meta-layouts":"default","ast-page-background-enabled":"default","ast-page-background-meta":{"desktop":{"background-color":"var(--ast-global-color-4)","background-image":"","background-repeat":"repeat","background-position":"center center","background-size":"auto","background-attachment":"scroll","background-type":"","background-media":"","overlay-type":"","overlay-color":"","overlay-opacity":"","overlay-gradient":""},"tablet":{"background-color":"","background-image":"","background-repeat":"repeat","background-position":"center center","background-size":"auto","background-attachment":"scroll","background-type":"","background-media":"","overlay-type":"","overlay-color":"","overlay-opacity":"","overlay-gradient":""},"mobile":{"background-color":"","background-image":"","background-repeat":"repeat","background-position":"center center","background-size":"auto","background-attachment":"scroll","background-type":"","background-media":"","overlay-type":"","overlay-color":"","overlay-opacity":"","overlay-gradient":""}},"ast-content-background-meta":{"desktop":{"background-color":"var(--ast-global-color-5)","background-image":"","background-repeat":"repeat","background-position":"center center","background-size":"auto","background-attachment":"scroll","background-type":"","background-media":"","overlay-type":"","overlay-color":"","overlay-opacity":"","overlay-gradient":""},"tablet":{"background-color":"var(--ast-global-color-5)","background-image":"","background-repeat":"repeat","background-position":"center center","background-size":"auto","background-attachment":"scroll","background-type":"","background-media":"","overlay-type":"","overlay-color":"","overlay-opacity":"","overlay-gradient":""},"mobile":{"background-color":"var(--ast-global-color-5)","background-image":"","background-repeat":"repeat","background-position":"center center","background-size":"auto","background-attachment":"scroll","background-type":"","background-media":"","overlay-type":"","overlay-color":"","overlay-opacity":"","overlay-gradient":""}},"footnotes":""},"categories":[1174,1,2,196,4],"tags":[1195,1196,219,1193,417,195,1194],"class_list":["post-12387","post","type-post","status-publish","format-standard","has-post-thumbnail","hentry","category-curs-2025-26","category-general","category-infantil","category-mestres","category-portada","tag-bombers","tag-bombers-voluntaris-de-flix","tag-collaboracions","tag-curs-2025-26","tag-educacio-360","tag-formacio","tag-riscos-laborals"],"post_mailing_queue_ids":[],"_links":{"self":[{"href":"https:\/\/agora.xtec.cat\/ceipflix\/wp-json\/wp\/v2\/posts\/12387","targetHints":{"allow":["GET"]}}],"collection":[{"href":"https:\/\/agora.xtec.cat\/ceipflix\/wp-json\/wp\/v2\/posts"}],"about":[{"href":"https:\/\/agora.xtec.cat\/ceipflix\/wp-json\/wp\/v2\/types\/post"}],"author":[{"embeddable":true,"href":"https:\/\/agora.xtec.cat\/ceipflix\/wp-json\/wp\/v2\/users\/1"}],"replies":[{"embeddable":true,"href":"https:\/\/agora.xtec.cat\/ceipflix\/wp-json\/wp\/v2\/comments?post=12387"}],"version-history":[{"count":1,"href":"https:\/\/agora.xtec.cat\/ceipflix\/wp-json\/wp\/v2\/posts\/12387\/revisions"}],"predecessor-version":[{"id":12397,"href":"https:\/\/agora.xtec.cat\/ceipflix\/wp-json\/wp\/v2\/posts\/12387\/revisions\/12397"}],"wp:featuredmedia":[{"embeddable":true,"href":"https:\/\/agora.xtec.cat\/ceipflix\/wp-json\/wp\/v2\/media\/12389"}],"wp:attachment":[{"href":"https:\/\/agora.xtec.cat\/ceipflix\/wp-json\/wp\/v2\/media?parent=12387"}],"wp:term":[{"taxonomy":"category","embeddable":true,"href":"https:\/\/agora.xtec.cat\/ceipflix\/wp-json\/wp\/v2\/categories?post=12387"},{"taxonomy":"post_tag","embeddable":true,"href":"https:\/\/agora.xtec.cat\/ceipflix\/wp-json\/wp\/v2\/tags?post=12387"}],"curies":[{"name":"wp","href":"https:\/\/api.w.org\/{rel}","templated":true}]}}