{"id":12326,"date":"2025-11-10T16:26:09","date_gmt":"2025-11-10T15:26:09","guid":{"rendered":"https:\/\/agora.xtec.cat\/ceipflix\/?p=12326"},"modified":"2026-01-16T13:09:01","modified_gmt":"2026-01-16T12:09:01","slug":"comprendre-els-conflictes-bellics-i-el-paper-de-la-mediacio","status":"publish","type":"post","link":"https:\/\/agora.xtec.cat\/ceipflix\/general\/comprendre-els-conflictes-bellics-i-el-paper-de-la-mediacio\/","title":{"rendered":"Comprendre els conflictes b\u00e8l\u00b7lics i el paper de la mediaci\u00f3"},"content":{"rendered":"<p data-start=\"145\" data-end=\"506\">Avui hem realitzat una activitat de valors destinada a aprofundir en l\u2019origen dels conflictes b\u00e8l\u00b7lics actuals i a con\u00e8ixer el paper que exerceixen els mediadors en la recerca de solucions pac\u00edfiques. A trav\u00e9s d\u2019un <strong data-start=\"359\" data-end=\"372\">role play<\/strong>, els nens i nenes de 6\u00e8 han pogut posar-se a la pell dels diferents actors implicats i experimentar de primera m\u00e0 la dificultat d\u2019arribar a acords.<\/p>\n<p data-start=\"508\" data-end=\"592\">L\u2019activitat s\u2019ha organitzat en <strong data-start=\"539\" data-end=\"553\">tres grups<\/strong>, cadascun dedicat a un conflicte real:<\/p>\n<ul data-start=\"594\" data-end=\"648\">\n<li data-start=\"594\" data-end=\"613\">\n<p data-start=\"596\" data-end=\"613\"><strong data-start=\"596\" data-end=\"613\">Gaza i Israel<\/strong><\/p>\n<\/li>\n<li data-start=\"614\" data-end=\"636\">\n<p data-start=\"616\" data-end=\"636\"><strong data-start=\"616\" data-end=\"636\">R\u00fassia i Ucra\u00efna<\/strong><\/p>\n<\/li>\n<li data-start=\"637\" data-end=\"648\">\n<p data-start=\"639\" data-end=\"648\"><strong data-start=\"639\" data-end=\"648\">Iemen<\/strong><\/p>\n<\/li>\n<\/ul>\n<p data-start=\"650\" data-end=\"943\">Primer cada grup ha investigat el seu conflicte per entendre\u2019n les causes, els interessos en joc i les conseq\u00fc\u00e8ncies que t\u00e9 sobre la poblaci\u00f3. A continuaci\u00f3, els alumnes han assumit rols concrets i han intentat defensar les seves posicions, negociar i respondre als altres interlocutors.<\/p>\n<p data-start=\"945\" data-end=\"1241\">En una segona fase, s\u2019ha incorporat la figura dels <strong data-start=\"996\" data-end=\"1009\">mediadors<\/strong>, encarregats de facilitar el di\u00e0leg, gestionar tensions i promoure possibles vies de consens. Gr\u00e0cies a aquest exercici han pogut comprovar com la mediaci\u00f3 pot contribuir a reduir el conflicte i oferir noves perspectives.<\/p>\n<p data-start=\"1243\" data-end=\"1535\">L\u2019activitat ha estat una experi\u00e8ncia enriquidora que ha fomentat l\u2019empatia, el respecte i el pensament cr\u00edtic. Tamb\u00e9 ha perm\u00e8s prendre consci\u00e8ncia de la complexitat d\u2019aquests conflictes i de la import\u00e0ncia de promoure el di\u00e0leg com a eina essencial per avan\u00e7ar cap a una conviv\u00e8ncia pac\u00edfica.<\/p>\n<p><img loading=\"lazy\" decoding=\"async\" class=\"alignnone  wp-image-12332\" src=\"https:\/\/agora.xtec.cat\/ceipflix\/wp-content\/uploads\/usu61\/2025\/11\/IMG_20251110_160702-300x225.jpg\" alt=\"\" width=\"262\" height=\"197\" srcset=\"https:\/\/agora.xtec.cat\/ceipflix\/wp-content\/uploads\/usu61\/2025\/11\/IMG_20251110_160702-300x225.jpg 300w, https:\/\/agora.xtec.cat\/ceipflix\/wp-content\/uploads\/usu61\/2025\/11\/IMG_20251110_160702-1024x768.jpg 1024w, https:\/\/agora.xtec.cat\/ceipflix\/wp-content\/uploads\/usu61\/2025\/11\/IMG_20251110_160702-768x576.jpg 768w, https:\/\/agora.xtec.cat\/ceipflix\/wp-content\/uploads\/usu61\/2025\/11\/IMG_20251110_160702-1536x1152.jpg 1536w, https:\/\/agora.xtec.cat\/ceipflix\/wp-content\/uploads\/usu61\/2025\/11\/IMG_20251110_160702-2048x1536.jpg 2048w, https:\/\/agora.xtec.cat\/ceipflix\/wp-content\/uploads\/usu61\/2025\/11\/IMG_20251110_160702-200x150.jpg 200w\" sizes=\"auto, (max-width: 262px) 100vw, 262px\" \/><img loading=\"lazy\" decoding=\"async\" class=\"wp-image-12331 alignright\" src=\"https:\/\/agora.xtec.cat\/ceipflix\/wp-content\/uploads\/usu61\/2025\/11\/IMG_20251110_155723-300x225.jpg\" alt=\"\" width=\"255\" height=\"191\" srcset=\"https:\/\/agora.xtec.cat\/ceipflix\/wp-content\/uploads\/usu61\/2025\/11\/IMG_20251110_155723-300x225.jpg 300w, https:\/\/agora.xtec.cat\/ceipflix\/wp-content\/uploads\/usu61\/2025\/11\/IMG_20251110_155723-1024x768.jpg 1024w, https:\/\/agora.xtec.cat\/ceipflix\/wp-content\/uploads\/usu61\/2025\/11\/IMG_20251110_155723-768x576.jpg 768w, https:\/\/agora.xtec.cat\/ceipflix\/wp-content\/uploads\/usu61\/2025\/11\/IMG_20251110_155723-1536x1152.jpg 1536w, https:\/\/agora.xtec.cat\/ceipflix\/wp-content\/uploads\/usu61\/2025\/11\/IMG_20251110_155723-2048x1536.jpg 2048w, https:\/\/agora.xtec.cat\/ceipflix\/wp-content\/uploads\/usu61\/2025\/11\/IMG_20251110_155723-200x150.jpg 200w\" sizes=\"auto, (max-width: 255px) 100vw, 255px\" \/><img loading=\"lazy\" decoding=\"async\" class=\"wp-image-12330 alignright\" src=\"https:\/\/agora.xtec.cat\/ceipflix\/wp-content\/uploads\/usu61\/2025\/11\/IMG_20251110_154601-300x225.jpg\" alt=\"\" width=\"253\" height=\"190\" srcset=\"https:\/\/agora.xtec.cat\/ceipflix\/wp-content\/uploads\/usu61\/2025\/11\/IMG_20251110_154601-300x225.jpg 300w, https:\/\/agora.xtec.cat\/ceipflix\/wp-content\/uploads\/usu61\/2025\/11\/IMG_20251110_154601-1024x768.jpg 1024w, https:\/\/agora.xtec.cat\/ceipflix\/wp-content\/uploads\/usu61\/2025\/11\/IMG_20251110_154601-768x576.jpg 768w, https:\/\/agora.xtec.cat\/ceipflix\/wp-content\/uploads\/usu61\/2025\/11\/IMG_20251110_154601-1536x1152.jpg 1536w, https:\/\/agora.xtec.cat\/ceipflix\/wp-content\/uploads\/usu61\/2025\/11\/IMG_20251110_154601-2048x1536.jpg 2048w, https:\/\/agora.xtec.cat\/ceipflix\/wp-content\/uploads\/usu61\/2025\/11\/IMG_20251110_154601-200x150.jpg 200w\" sizes=\"auto, (max-width: 253px) 100vw, 253px\" \/><\/p>\n<p data-start=\"1243\" data-end=\"1535\">\n","protected":false},"excerpt":{"rendered":"<p>L&#8217;alumnat de 6\u00e8 a l&#8217;\u00e0rea de valors han estat treballant les darreres setmanes sobre l&#8217;origen, les conseq\u00fc\u00e8ncies i el paper de la mediaci\u00f3 en els conflictes b\u00e8l\u00b7lics. Com a tancament avui hem realitzat un Role play a l&#8217;aula que ha ens perm\u00e8s  entendre una mica m\u00e9s tot el que passa al m\u00f3n. <\/p>\n","protected":false},"author":6,"featured_media":12327,"comment_status":"open","ping_status":"open","sticky":false,"template":"","format":"standard","meta":{"_bbp_topic_count":0,"_bbp_reply_count":0,"_bbp_total_topic_count":0,"_bbp_total_reply_count":0,"_bbp_voice_count":0,"_bbp_anonymous_reply_count":0,"_bbp_topic_count_hidden":0,"_bbp_reply_count_hidden":0,"_bbp_forum_subforum_count":0,"site-sidebar-layout":"default","site-content-layout":"","ast-site-content-layout":"","site-content-style":"default","site-sidebar-style":"default","ast-global-header-display":"","ast-banner-title-visibility":"","ast-main-header-display":"","ast-hfb-above-header-display":"","ast-hfb-below-header-display":"","ast-hfb-mobile-header-display":"","site-post-title":"","ast-breadcrumbs-content":"","ast-featured-img":"","footer-sml-layout":"","theme-transparent-header-meta":"","adv-header-id-meta":"","stick-header-meta":"","header-above-stick-meta":"","header-main-stick-meta":"","header-below-stick-meta":"","astra-migrate-meta-layouts":"default","ast-page-background-enabled":"default","ast-page-background-meta":{"desktop":{"background-color":"var(--ast-global-color-4)","background-image":"","background-repeat":"repeat","background-position":"center center","background-size":"auto","background-attachment":"scroll","background-type":"","background-media":"","overlay-type":"","overlay-color":"","overlay-opacity":"","overlay-gradient":""},"tablet":{"background-color":"","background-image":"","background-repeat":"repeat","background-position":"center center","background-size":"auto","background-attachment":"scroll","background-type":"","background-media":"","overlay-type":"","overlay-color":"","overlay-opacity":"","overlay-gradient":""},"mobile":{"background-color":"","background-image":"","background-repeat":"repeat","background-position":"center center","background-size":"auto","background-attachment":"scroll","background-type":"","background-media":"","overlay-type":"","overlay-color":"","overlay-opacity":"","overlay-gradient":""}},"ast-content-background-meta":{"desktop":{"background-color":"var(--ast-global-color-5)","background-image":"","background-repeat":"repeat","background-position":"center center","background-size":"auto","background-attachment":"scroll","background-type":"","background-media":"","overlay-type":"","overlay-color":"","overlay-opacity":"","overlay-gradient":""},"tablet":{"background-color":"var(--ast-global-color-5)","background-image":"","background-repeat":"repeat","background-position":"center center","background-size":"auto","background-attachment":"scroll","background-type":"","background-media":"","overlay-type":"","overlay-color":"","overlay-opacity":"","overlay-gradient":""},"mobile":{"background-color":"var(--ast-global-color-5)","background-image":"","background-repeat":"repeat","background-position":"center center","background-size":"auto","background-attachment":"scroll","background-type":"","background-media":"","overlay-type":"","overlay-color":"","overlay-opacity":"","overlay-gradient":""}},"footnotes":""},"categories":[15,1204,1174,295,1,4,5],"tags":[1178,445,1187,444],"class_list":["post-12326","post","type-post","status-publish","format-standard","has-post-thumbnail","hentry","category-6e","category-grans","category-curs-2025-26","category-educacio-en-valors","category-general","category-portada","category-primaria","tag-curs25-26","tag-2cs","tag-alu_2014","tag-educacio-en-valors"],"post_mailing_queue_ids":[],"_links":{"self":[{"href":"https:\/\/agora.xtec.cat\/ceipflix\/wp-json\/wp\/v2\/posts\/12326","targetHints":{"allow":["GET"]}}],"collection":[{"href":"https:\/\/agora.xtec.cat\/ceipflix\/wp-json\/wp\/v2\/posts"}],"about":[{"href":"https:\/\/agora.xtec.cat\/ceipflix\/wp-json\/wp\/v2\/types\/post"}],"author":[{"embeddable":true,"href":"https:\/\/agora.xtec.cat\/ceipflix\/wp-json\/wp\/v2\/users\/6"}],"replies":[{"embeddable":true,"href":"https:\/\/agora.xtec.cat\/ceipflix\/wp-json\/wp\/v2\/comments?post=12326"}],"version-history":[{"count":2,"href":"https:\/\/agora.xtec.cat\/ceipflix\/wp-json\/wp\/v2\/posts\/12326\/revisions"}],"predecessor-version":[{"id":12333,"href":"https:\/\/agora.xtec.cat\/ceipflix\/wp-json\/wp\/v2\/posts\/12326\/revisions\/12333"}],"wp:featuredmedia":[{"embeddable":true,"href":"https:\/\/agora.xtec.cat\/ceipflix\/wp-json\/wp\/v2\/media\/12327"}],"wp:attachment":[{"href":"https:\/\/agora.xtec.cat\/ceipflix\/wp-json\/wp\/v2\/media?parent=12326"}],"wp:term":[{"taxonomy":"category","embeddable":true,"href":"https:\/\/agora.xtec.cat\/ceipflix\/wp-json\/wp\/v2\/categories?post=12326"},{"taxonomy":"post_tag","embeddable":true,"href":"https:\/\/agora.xtec.cat\/ceipflix\/wp-json\/wp\/v2\/tags?post=12326"}],"curies":[{"name":"wp","href":"https:\/\/api.w.org\/{rel}","templated":true}]}}