{"id":12174,"date":"2025-09-21T13:22:19","date_gmt":"2025-09-21T11:22:19","guid":{"rendered":"https:\/\/agora.xtec.cat\/ceipflix\/?p=12174"},"modified":"2025-09-21T13:22:19","modified_gmt":"2025-09-21T11:22:19","slug":"rebem-el-xxe-premi-josep-pallach-a-figueres","status":"publish","type":"post","link":"https:\/\/agora.xtec.cat\/ceipflix\/general\/rebem-el-xxe-premi-josep-pallach-a-figueres\/","title":{"rendered":"Rebem el XX\u00e8 Premi Josep Pallach a Figueres"},"content":{"rendered":"<p style=\"text-align: justify;\"><span style=\"font-weight: 400;\">El passat dijous 18 de setembre es va celebrar al Teatre Municipal El Jard\u00ed de Figueres (Alt Empord\u00e0) l\u2019entrega de la <\/span><b>20a edici\u00f3 dels Premis d\u2019Educaci\u00f3 Josep Pallach<\/b><span style=\"font-weight: 400;\"> organitzats conjuntament per l\u2019Ajuntament de Figueres, l\u2019Ajuntament de Palafrugell i la Fundaci\u00f3 Pallach, membres molt actius en l\u2019alian\u00e7a per l\u2019Educaci\u00f3 360.\u00a0<\/span><\/p>\n<p style=\"text-align: justify;\"><span style=\"font-weight: 400;\">L\u2019acte va comptar amb l\u2019assist\u00e8ncia de Jordi Masquef, alcalde de Figueres; Anna Morillas, regidora d\u2019Educaci\u00f3 de l\u2019Ajuntament de Figueres; Maria Llu\u00efsa Teixidor, regidora de l\u2019Ajuntament de Palafrugell, i Josep Maria Soler, president de la Fundaci\u00f3 Pallach que recorda al pedagog figuerenc, entre altres.\u00a0<\/span><\/p>\n<p style=\"text-align: justify;\"><span style=\"font-weight: 400;\">Des de l\u2019organitzaci\u00f3 dels premis es va destacar per unanimitat del jurat el valor comunitari en la recerca de benestar i millors aprenentatges del nostre projecte: <\/span><b>Espais Multisensorials Comunitaris Snoezelen Cloret<\/b><span style=\"font-weight: 400;\"> i la seva vocaci\u00f3 d\u2019integrar-la al servei p\u00fablic d\u2019una escola.\u00a0<\/span><\/p>\n<p style=\"text-align: justify;\"><span style=\"font-weight: 400;\">Aquest reconeixement posa en valor, una vegada m\u00e9s, la tasca de l\u2019equip docent de l\u2019escola Enric Grau Fontser\u00e9 de Flix amb el seu comprom\u00eds per la qualitat educativa en mirada comunit\u00e0ria i inclusiva.\u00a0<\/span><\/p>\n<p style=\"text-align: justify;\"><span style=\"font-weight: 400;\">Les encarregades de presentar el projecte al certamen han estat Laura Sanclemente i \u00c0ngela Revert\u00e9, mestres de l\u2019Escola de Flix i terapeutes internacionals Snoezelen, que acompanyades amb el director del centre Josep Manel Albiac van rebre el guard\u00f3 en aquest acte.\u00a0<\/span><\/p>\n<p style=\"text-align: justify;\"><span style=\"font-weight: 400;\">El projecte premiat <\/span><i><span style=\"font-weight: 400;\">Espais Multisensorials Comunitaris Snoezelen Cloret <\/span><\/i><span style=\"font-weight: 400;\">ha transformat diversos espais de l\u2019escola (una aula multisensorial, un jard\u00ed i l\u2019aula de psicomotricitat) per aplicar el m\u00e8tode cient\u00edfic Snoezelen que treballa l\u2019estimulaci\u00f3 dels sentits per <\/span><b>millorar el benestar emocional i afavorir els aprenentatges<\/b><span style=\"font-weight: 400;\">. Els tres grans pilars del projecte s\u00f3n: les <\/span><b>sessions individuals<\/b><span style=\"font-weight: 400;\"> per alumnat amb necessitats educatives espec\u00edfiques, les <\/span><b>sessions d\u2019ambients d\u2019aprenentatge internivells<\/b><span style=\"font-weight: 400;\"> per tot l\u2019alumnat de l\u2019escola i finalment <\/span><b>sessions comunit\u00e0ries<\/b><span style=\"font-weight: 400;\"> adre\u00e7ades tamb\u00e9 a fam\u00edlies, gent gran, exalumnes en seguiment i altres col\u00b7lectius del municipi. Aquesta tasca l\u2019organitzen i executen tres docents de l\u2019escola amb <\/span><b>certificaci\u00f3 de terapeuta internacional Snoezelen<\/b><span style=\"font-weight: 400;\">: <\/span><b>Laura Sanclemente, \u00c0ngela Revert\u00e9 i Raquel S\u00e1nchez.<\/b><span style=\"font-weight: 400;\">\u00a0<\/span><\/p>\n<p style=\"text-align: justify;\"><span style=\"font-weight: 400;\">En aquest projecte sempre s\u2019ha prioritzat la formaci\u00f3 del personal docent que interv\u00e9, que a m\u00e9s de les tres terapeutes certificades comptem tamb\u00e9 amb una formaci\u00f3 espec\u00edfica per la nostra escola a les instal\u00b7lacions de Hartenberg (Pa\u00efsos Baixos) que al llarg de cinc dies van realitzar les tres mestres anteriorment mencionades, la <\/span><b>psicopedagoga de l\u2019EAP Ribera d\u2019Ebre Judit Vallesp\u00ed<\/b><span style=\"font-weight: 400;\"> aix\u00ed com el director de l\u2019escola Josep Manel Albiac, gr\u00e0cies a un projecte europeu <\/span><b>Erasmus +<\/b><span style=\"font-weight: 400;\"> l\u2019any 2023.\u00a0<\/span><\/p>\n<p style=\"text-align: justify;\"><span style=\"font-weight: 400;\">Destacar tamb\u00e9 l&#8217;assessorament que rebem de la catedr\u00e0tica en Psiquiatria de la <strong>Universitat<\/strong><\/span><b>\u00a0Aut\u00f2noma de Barcelona Lydia Gim\u00e9nez<\/b><span style=\"font-weight: 400;\">, per recollir les evid\u00e8ncies cient\u00edfiques de l\u2019acci\u00f3 educativa que es realitza en aquests espais multisensorials.\u00a0<\/span><\/p>\n<p style=\"text-align: justify;\"><span style=\"font-weight: 400;\">Aquest projecte va ser possible engegar-ho l\u2019any 2021 gr\u00e0cies al teixit empresarial, comercial i associatiu de la poblaci\u00f3 de Flix i comarca de la Ribera d\u2019Ebre, que amb les seves aportacions econ\u00f2miques i en materials espec\u00edfics, han perm\u00e8s la creaci\u00f3 d\u2019aquests espais amb elements i dispositius espec\u00edfics per realitzar les sessions. A dia d\u2019avui es continuen rebent aportacions i col\u00b7laboracions (6000\u20ac acumulats a setembre 2025) que es sumen als 6000\u20ac m\u00e9s invertits amb fons propis de l\u2019escola (a partir d\u2019altres premis rebuts).\u00a0<\/span><\/p>\n<p style=\"text-align: justify;\"><span style=\"font-weight: 400;\">Aquest \u00faltim reconeixement obtingut als Premis Pallach i la seva dotaci\u00f3 de 5000\u20ac permetr\u00e0 fer front a la renovaci\u00f3 d\u2019alguns elements dels espais multisensorials i tamb\u00e9 la propera edici\u00f3 d\u2019una publicaci\u00f3 amb l\u2019experi\u00e8ncia realitzada a l\u2019Escola de Flix.\u00a0<\/span><\/p>\n<p style=\"text-align: justify;\"><span style=\"font-weight: 400;\">Cal destacar tamb\u00e9 que el curs passat es va signar un <\/span><b>conveni de col\u00b7laboraci\u00f3 amb el Departament de Salut i la Fundaci\u00f3 Pere Mata<\/b><span style=\"font-weight: 400;\"> per tal que usuaris del sistema sanitari de Catalunya pugui fer \u00fas d\u2019aquests espais per realitzar sessions de ter\u00e0pia ocupacions per personal del CSMIJ de la Ribera d\u2019Ebre, i estalviar-se viatge les fam\u00edlies que fins ara es despla\u00e7aven a Amposta per realitzar aquestes sessions.\u00a0\u00a0<\/span><\/p>\n<p style=\"text-align: justify;\"><span style=\"font-weight: 400;\">En aquest acte es va recon\u00e8ixer tamb\u00e9 un guard\u00f3 d\u2019articles period\u00edstics sobre transversalitat educativa a Clara Garcia, amb un article sobre El Ripoll\u00e8s en paper, que estreny lligams entre la gent gran i els m\u00e9s joves a la Vall de Camprodon a trav\u00e9s de cartes (Ens escrivim?).<\/span><\/p>\n<p style=\"text-align: justify;\"><span style=\"font-weight: 400;\">El Premi d\u2019experi\u00e8ncies educatives \u00e9s impulsat per l\u2019Ajuntament de Figueres des dels inicis i est\u00e0 dotat en 5.000 euros. El Premi d&#8217;articles period\u00edstics l\u2019impulsa l\u2019Ajuntament de Palafrugell des de fa deu edicions i t\u00e9 una dotaci\u00f3 de 1.150 euros.<\/span><\/p>\n<p style=\"text-align: justify;\"><span style=\"font-weight: 400;\">Des d&#8217;aqu\u00ed, volem donar les gr\u00e0cies a les entitats i administracions que impulsen aquests reconeixements en l&#8217;\u00e0mbit educatiu, sovint oblidats medi\u00e0ticament, perqu\u00e8 donen valor a la tasca vocacional del personal docent implicat i als seus centres. Tots aquests projectes redactats, planificats i executats, amb les seves pertinents formacions, es realitzen freq\u00fcentment fora de l&#8217;horari laboral del personal i amb recursos econ\u00f2mics personals.<\/span><\/p>\n<div id='gallery-1' class='gallery galleryid-12174 gallery-columns-3 gallery-size-thumbnail'><figure class='gallery-item'>\n\t\t\t<div class='gallery-icon landscape'>\n\t\t\t\t<a href='https:\/\/agora.xtec.cat\/ceipflix\/general\/rebem-el-xxe-premi-josep-pallach-a-figueres\/attachment\/premi-pallach_01_2025\/'><img loading=\"lazy\" decoding=\"async\" width=\"150\" height=\"150\" src=\"https:\/\/agora.xtec.cat\/ceipflix\/wp-content\/uploads\/usu61\/2025\/09\/Premi-Pallach_01_2025-150x150.jpg\" class=\"attachment-thumbnail size-thumbnail\" alt=\"\" \/><\/a>\n\t\t\t<\/div><\/figure><figure class='gallery-item'>\n\t\t\t<div class='gallery-icon landscape'>\n\t\t\t\t<a href='https:\/\/agora.xtec.cat\/ceipflix\/general\/rebem-el-xxe-premi-josep-pallach-a-figueres\/attachment\/premi-pallach_03_2025-2\/'><img loading=\"lazy\" decoding=\"async\" width=\"150\" height=\"150\" src=\"https:\/\/agora.xtec.cat\/ceipflix\/wp-content\/uploads\/usu61\/2025\/09\/Premi-Pallach_03_2025-1-150x150.jpg\" class=\"attachment-thumbnail size-thumbnail\" alt=\"\" \/><\/a>\n\t\t\t<\/div><\/figure><figure class='gallery-item'>\n\t\t\t<div class='gallery-icon landscape'>\n\t\t\t\t<a href='https:\/\/agora.xtec.cat\/ceipflix\/general\/rebem-el-xxe-premi-josep-pallach-a-figueres\/attachment\/premi-pallach_04_2025\/'><img loading=\"lazy\" decoding=\"async\" width=\"150\" height=\"150\" src=\"https:\/\/agora.xtec.cat\/ceipflix\/wp-content\/uploads\/usu61\/2025\/09\/Premi-Pallach_04_2025-150x150.jpg\" class=\"attachment-thumbnail size-thumbnail\" alt=\"\" \/><\/a>\n\t\t\t<\/div><\/figure><figure class='gallery-item'>\n\t\t\t<div class='gallery-icon portrait'>\n\t\t\t\t<a href='https:\/\/agora.xtec.cat\/ceipflix\/general\/rebem-el-xxe-premi-josep-pallach-a-figueres\/attachment\/premi-pallach_05_2025\/'><img loading=\"lazy\" decoding=\"async\" width=\"150\" height=\"150\" src=\"https:\/\/agora.xtec.cat\/ceipflix\/wp-content\/uploads\/usu61\/2025\/09\/Premi-Pallach_05_2025-150x150.jpg\" class=\"attachment-thumbnail size-thumbnail\" alt=\"\" \/><\/a>\n\t\t\t<\/div><\/figure><figure class='gallery-item'>\n\t\t\t<div class='gallery-icon landscape'>\n\t\t\t\t<a href='https:\/\/agora.xtec.cat\/ceipflix\/general\/rebem-el-xxe-premi-josep-pallach-a-figueres\/attachment\/premi-pallach_06_2025\/'><img loading=\"lazy\" decoding=\"async\" width=\"150\" height=\"150\" src=\"https:\/\/agora.xtec.cat\/ceipflix\/wp-content\/uploads\/usu61\/2025\/09\/Premi-Pallach_06_2025-150x150.jpg\" class=\"attachment-thumbnail size-thumbnail\" alt=\"\" \/><\/a>\n\t\t\t<\/div><\/figure><figure class='gallery-item'>\n\t\t\t<div class='gallery-icon landscape'>\n\t\t\t\t<a href='https:\/\/agora.xtec.cat\/ceipflix\/general\/rebem-el-xxe-premi-josep-pallach-a-figueres\/attachment\/premi-pallach_07_2025\/'><img loading=\"lazy\" decoding=\"async\" width=\"150\" height=\"150\" src=\"https:\/\/agora.xtec.cat\/ceipflix\/wp-content\/uploads\/usu61\/2025\/09\/Premi-Pallach_07_2025-150x150.jpg\" class=\"attachment-thumbnail size-thumbnail\" alt=\"\" \/><\/a>\n\t\t\t<\/div><\/figure>\n\t\t<\/div>\n\n<p><a href=\"https:\/\/agora.xtec.cat\/ceipflix\/wp-content\/uploads\/usu61\/2025\/09\/Nota-XX-Premi-Josep-Pallach_-Escola-de-Flix-1.pdf\">Nota XX Premi Josep Pallach_ Escola de Flix (1)<\/a><\/p>\n","protected":false},"excerpt":{"rendered":"<p>El passat dijous 18 de setembre es va celebrar al Teatre Municipal El Jard\u00ed de Figueres (Alt Empord\u00e0) l\u2019entrega de la 20a edici\u00f3 dels Premis d\u2019Educaci\u00f3 Josep Pallach organitzats conjuntament per l\u2019Ajuntament de Figueres, l\u2019Ajuntament de Palafrugell i la Fundaci\u00f3 Pallach, membres molt actius en l\u2019alian\u00e7a per l\u2019Educaci\u00f3 360.\u00a0 L\u2019acte va comptar amb l\u2019assist\u00e8ncia de [&hellip;]<\/p>\n","protected":false},"author":1,"featured_media":12176,"comment_status":"open","ping_status":"open","sticky":false,"template":"","format":"standard","meta":{"_bbp_topic_count":0,"_bbp_reply_count":0,"_bbp_total_topic_count":0,"_bbp_total_reply_count":0,"_bbp_voice_count":0,"_bbp_anonymous_reply_count":0,"_bbp_topic_count_hidden":0,"_bbp_reply_count_hidden":0,"_bbp_forum_subforum_count":0,"site-sidebar-layout":"default","site-content-layout":"","ast-site-content-layout":"","site-content-style":"default","site-sidebar-style":"default","ast-global-header-display":"","ast-banner-title-visibility":"","ast-main-header-display":"","ast-hfb-above-header-display":"","ast-hfb-below-header-display":"","ast-hfb-mobile-header-display":"","site-post-title":"","ast-breadcrumbs-content":"","ast-featured-img":"","footer-sml-layout":"","theme-transparent-header-meta":"","adv-header-id-meta":"","stick-header-meta":"","header-above-stick-meta":"","header-main-stick-meta":"","header-below-stick-meta":"","astra-migrate-meta-layouts":"default","ast-page-background-enabled":"default","ast-page-background-meta":{"desktop":{"background-color":"var(--ast-global-color-4)","background-image":"","background-repeat":"repeat","background-position":"center center","background-size":"auto","background-attachment":"scroll","background-type":"","background-media":"","overlay-type":"","overlay-color":"","overlay-opacity":"","overlay-gradient":""},"tablet":{"background-color":"","background-image":"","background-repeat":"repeat","background-position":"center center","background-size":"auto","background-attachment":"scroll","background-type":"","background-media":"","overlay-type":"","overlay-color":"","overlay-opacity":"","overlay-gradient":""},"mobile":{"background-color":"","background-image":"","background-repeat":"repeat","background-position":"center center","background-size":"auto","background-attachment":"scroll","background-type":"","background-media":"","overlay-type":"","overlay-color":"","overlay-opacity":"","overlay-gradient":""}},"ast-content-background-meta":{"desktop":{"background-color":"var(--ast-global-color-5)","background-image":"","background-repeat":"repeat","background-position":"center center","background-size":"auto","background-attachment":"scroll","background-type":"","background-media":"","overlay-type":"","overlay-color":"","overlay-opacity":"","overlay-gradient":""},"tablet":{"background-color":"var(--ast-global-color-5)","background-image":"","background-repeat":"repeat","background-position":"center center","background-size":"auto","background-attachment":"scroll","background-type":"","background-media":"","overlay-type":"","overlay-color":"","overlay-opacity":"","overlay-gradient":""},"mobile":{"background-color":"var(--ast-global-color-5)","background-image":"","background-repeat":"repeat","background-position":"center center","background-size":"auto","background-attachment":"scroll","background-type":"","background-media":"","overlay-type":"","overlay-color":"","overlay-opacity":"","overlay-gradient":""}},"footnotes":""},"categories":[110,1174,321,839,1,2,196,4,1076,5,94],"tags":[944,1175,1157,334,395,1179],"class_list":["post-12174","post","type-post","status-publish","format-standard","has-post-thumbnail","hentry","category-aula_snoezelen","category-curs-2025-26","category-edu360","category-erasmus","category-general","category-infantil","category-mestres","category-portada","category-premis","category-primaria","category-projectes","tag-aula-multisensorial-snoezelen","tag-curs-25-26","tag-espais-multisensorials-comunitaris","tag-premis","tag-reconeixements","tag-snoezelen-cloret"],"post_mailing_queue_ids":[],"_links":{"self":[{"href":"https:\/\/agora.xtec.cat\/ceipflix\/wp-json\/wp\/v2\/posts\/12174","targetHints":{"allow":["GET"]}}],"collection":[{"href":"https:\/\/agora.xtec.cat\/ceipflix\/wp-json\/wp\/v2\/posts"}],"about":[{"href":"https:\/\/agora.xtec.cat\/ceipflix\/wp-json\/wp\/v2\/types\/post"}],"author":[{"embeddable":true,"href":"https:\/\/agora.xtec.cat\/ceipflix\/wp-json\/wp\/v2\/users\/1"}],"replies":[{"embeddable":true,"href":"https:\/\/agora.xtec.cat\/ceipflix\/wp-json\/wp\/v2\/comments?post=12174"}],"version-history":[{"count":2,"href":"https:\/\/agora.xtec.cat\/ceipflix\/wp-json\/wp\/v2\/posts\/12174\/revisions"}],"predecessor-version":[{"id":12184,"href":"https:\/\/agora.xtec.cat\/ceipflix\/wp-json\/wp\/v2\/posts\/12174\/revisions\/12184"}],"wp:featuredmedia":[{"embeddable":true,"href":"https:\/\/agora.xtec.cat\/ceipflix\/wp-json\/wp\/v2\/media\/12176"}],"wp:attachment":[{"href":"https:\/\/agora.xtec.cat\/ceipflix\/wp-json\/wp\/v2\/media?parent=12174"}],"wp:term":[{"taxonomy":"category","embeddable":true,"href":"https:\/\/agora.xtec.cat\/ceipflix\/wp-json\/wp\/v2\/categories?post=12174"},{"taxonomy":"post_tag","embeddable":true,"href":"https:\/\/agora.xtec.cat\/ceipflix\/wp-json\/wp\/v2\/tags?post=12174"}],"curies":[{"name":"wp","href":"https:\/\/api.w.org\/{rel}","templated":true}]}}