{"id":12086,"date":"2025-06-17T19:37:08","date_gmt":"2025-06-17T17:37:08","guid":{"rendered":"https:\/\/agora.xtec.cat\/ceipflix\/?p=12086"},"modified":"2025-06-17T19:37:08","modified_gmt":"2025-06-17T17:37:08","slug":"los-fardatxets-de-sise-tanquen-etapa","status":"publish","type":"post","link":"https:\/\/agora.xtec.cat\/ceipflix\/general\/los-fardatxets-de-sise-tanquen-etapa\/","title":{"rendered":"Los Fardatxets de sis\u00e8 tanquen etapa"},"content":{"rendered":"<p>Avui l\u2019alumnat de sis\u00e8 ha tancat una etapa sobre els projectes compartits que han fet aquests darrers anys amb el Camp d\u2019Aprenentatge de Flix:<\/p>\n<p>&#8211; Un projecte sobre el m\u00f3n de la flora (4t)<br \/>\n&#8211; Un projecte sobre la salut de l\u2019aigua (5\u00e8)<br \/>\n&#8211; I l\u2019\u00faltim sobre el regne animal (6\u00e8)<\/p>\n<p>Avui, i per posar en servei els seus aprenentatges al llarg d\u2019aquests tres \u00faltims cursos, s\u2019ha celebrat l\u2019activitat de voluntariat ambiental \u201cLos Fardatxets\u201d a la Reserva Natural de Sebes amb els altres dos centres de la comarca que realitzen aquests projectes compartits (Escola Sant Miquel d\u2019Asc\u00f3 i Escola Llu\u00eds Vi\u00f1as de M\u00f3ra d\u2019Ebre).<\/p>\n<p>Amb grups barrejats de les tres escoles, los Fardatxets han realitzat diferents tasques per millorar els h\u00e0bitats i entorn del Mas del Director: caixes niu, menjadores, hotel d\u2019insectes, replantaci\u00f3 plantes per pol\u00b7linitzadors i restauraci\u00f3 espona de pedra seca.<\/p>\n<p>Gr\u00e0cies Marta, Dani i Sergi, als t\u00e8cnics i voluntariat del Grup de Natura Freixe per fer possible aquesta iniciativa i entreteixir els sabers del curr\u00edculum amb accions de voluntariat ambiental! \ud83e\udef6\ud83c\udffc<\/p>\n<div id='gallery-1' class='gallery galleryid-12086 gallery-columns-3 gallery-size-thumbnail'><figure class='gallery-item'>\n\t\t\t<div class='gallery-icon landscape'>\n\t\t\t\t<a href='https:\/\/agora.xtec.cat\/ceipflix\/general\/los-fardatxets-de-sise-tanquen-etapa\/attachment\/whatsapp-image-2025-06-17-at-19-31-15\/'><img loading=\"lazy\" decoding=\"async\" width=\"150\" height=\"150\" src=\"https:\/\/agora.xtec.cat\/ceipflix\/wp-content\/uploads\/usu61\/2025\/06\/WhatsApp-Image-2025-06-17-at-19.31.15-150x150.jpeg\" class=\"attachment-thumbnail size-thumbnail\" alt=\"\" \/><\/a>\n\t\t\t<\/div><\/figure><figure class='gallery-item'>\n\t\t\t<div class='gallery-icon landscape'>\n\t\t\t\t<a href='https:\/\/agora.xtec.cat\/ceipflix\/general\/los-fardatxets-de-sise-tanquen-etapa\/attachment\/whatsapp-image-2025-06-17-at-19-31-14-8\/'><img loading=\"lazy\" decoding=\"async\" width=\"150\" height=\"150\" src=\"https:\/\/agora.xtec.cat\/ceipflix\/wp-content\/uploads\/usu61\/2025\/06\/WhatsApp-Image-2025-06-17-at-19.31.14-8-150x150.jpeg\" class=\"attachment-thumbnail size-thumbnail\" alt=\"\" \/><\/a>\n\t\t\t<\/div><\/figure><figure class='gallery-item'>\n\t\t\t<div class='gallery-icon landscape'>\n\t\t\t\t<a href='https:\/\/agora.xtec.cat\/ceipflix\/general\/los-fardatxets-de-sise-tanquen-etapa\/attachment\/whatsapp-image-2025-06-17-at-19-31-14-7\/'><img loading=\"lazy\" decoding=\"async\" width=\"150\" height=\"150\" src=\"https:\/\/agora.xtec.cat\/ceipflix\/wp-content\/uploads\/usu61\/2025\/06\/WhatsApp-Image-2025-06-17-at-19.31.14-7-150x150.jpeg\" class=\"attachment-thumbnail size-thumbnail\" alt=\"\" \/><\/a>\n\t\t\t<\/div><\/figure><figure class='gallery-item'>\n\t\t\t<div class='gallery-icon landscape'>\n\t\t\t\t<a href='https:\/\/agora.xtec.cat\/ceipflix\/general\/los-fardatxets-de-sise-tanquen-etapa\/attachment\/whatsapp-image-2025-06-17-at-19-31-14-6\/'><img loading=\"lazy\" decoding=\"async\" width=\"150\" height=\"150\" src=\"https:\/\/agora.xtec.cat\/ceipflix\/wp-content\/uploads\/usu61\/2025\/06\/WhatsApp-Image-2025-06-17-at-19.31.14-6-150x150.jpeg\" class=\"attachment-thumbnail size-thumbnail\" alt=\"\" \/><\/a>\n\t\t\t<\/div><\/figure><figure class='gallery-item'>\n\t\t\t<div class='gallery-icon landscape'>\n\t\t\t\t<a href='https:\/\/agora.xtec.cat\/ceipflix\/general\/los-fardatxets-de-sise-tanquen-etapa\/attachment\/whatsapp-image-2025-06-17-at-19-31-14-5\/'><img loading=\"lazy\" decoding=\"async\" width=\"150\" height=\"150\" src=\"https:\/\/agora.xtec.cat\/ceipflix\/wp-content\/uploads\/usu61\/2025\/06\/WhatsApp-Image-2025-06-17-at-19.31.14-5-150x150.jpeg\" class=\"attachment-thumbnail size-thumbnail\" alt=\"\" \/><\/a>\n\t\t\t<\/div><\/figure><figure class='gallery-item'>\n\t\t\t<div class='gallery-icon landscape'>\n\t\t\t\t<a href='https:\/\/agora.xtec.cat\/ceipflix\/general\/los-fardatxets-de-sise-tanquen-etapa\/attachment\/whatsapp-image-2025-06-17-at-19-31-14-4\/'><img loading=\"lazy\" decoding=\"async\" width=\"150\" height=\"150\" src=\"https:\/\/agora.xtec.cat\/ceipflix\/wp-content\/uploads\/usu61\/2025\/06\/WhatsApp-Image-2025-06-17-at-19.31.14-4-150x150.jpeg\" class=\"attachment-thumbnail size-thumbnail\" alt=\"\" \/><\/a>\n\t\t\t<\/div><\/figure><figure class='gallery-item'>\n\t\t\t<div class='gallery-icon landscape'>\n\t\t\t\t<a href='https:\/\/agora.xtec.cat\/ceipflix\/general\/los-fardatxets-de-sise-tanquen-etapa\/attachment\/whatsapp-image-2025-06-17-at-19-31-14-3\/'><img loading=\"lazy\" decoding=\"async\" width=\"150\" height=\"150\" src=\"https:\/\/agora.xtec.cat\/ceipflix\/wp-content\/uploads\/usu61\/2025\/06\/WhatsApp-Image-2025-06-17-at-19.31.14-3-150x150.jpeg\" class=\"attachment-thumbnail size-thumbnail\" alt=\"\" \/><\/a>\n\t\t\t<\/div><\/figure><figure class='gallery-item'>\n\t\t\t<div class='gallery-icon portrait'>\n\t\t\t\t<a href='https:\/\/agora.xtec.cat\/ceipflix\/general\/los-fardatxets-de-sise-tanquen-etapa\/attachment\/whatsapp-image-2025-06-17-at-19-31-14-2\/'><img loading=\"lazy\" decoding=\"async\" width=\"150\" height=\"150\" src=\"https:\/\/agora.xtec.cat\/ceipflix\/wp-content\/uploads\/usu61\/2025\/06\/WhatsApp-Image-2025-06-17-at-19.31.14-2-150x150.jpeg\" class=\"attachment-thumbnail size-thumbnail\" alt=\"\" \/><\/a>\n\t\t\t<\/div><\/figure><figure class='gallery-item'>\n\t\t\t<div class='gallery-icon portrait'>\n\t\t\t\t<a href='https:\/\/agora.xtec.cat\/ceipflix\/general\/los-fardatxets-de-sise-tanquen-etapa\/attachment\/whatsapp-image-2025-06-17-at-19-31-14-1\/'><img loading=\"lazy\" decoding=\"async\" width=\"150\" height=\"150\" src=\"https:\/\/agora.xtec.cat\/ceipflix\/wp-content\/uploads\/usu61\/2025\/06\/WhatsApp-Image-2025-06-17-at-19.31.14-1-150x150.jpeg\" class=\"attachment-thumbnail size-thumbnail\" alt=\"\" \/><\/a>\n\t\t\t<\/div><\/figure><figure class='gallery-item'>\n\t\t\t<div class='gallery-icon portrait'>\n\t\t\t\t<a href='https:\/\/agora.xtec.cat\/ceipflix\/general\/los-fardatxets-de-sise-tanquen-etapa\/attachment\/whatsapp-image-2025-06-17-at-19-31-14\/'><img loading=\"lazy\" decoding=\"async\" width=\"150\" height=\"150\" src=\"https:\/\/agora.xtec.cat\/ceipflix\/wp-content\/uploads\/usu61\/2025\/06\/WhatsApp-Image-2025-06-17-at-19.31.14-150x150.jpeg\" class=\"attachment-thumbnail size-thumbnail\" alt=\"\" \/><\/a>\n\t\t\t<\/div><\/figure><figure class='gallery-item'>\n\t\t\t<div class='gallery-icon portrait'>\n\t\t\t\t<a href='https:\/\/agora.xtec.cat\/ceipflix\/general\/los-fardatxets-de-sise-tanquen-etapa\/attachment\/whatsapp-image-2025-06-17-at-19-31-13-3\/'><img loading=\"lazy\" decoding=\"async\" width=\"150\" height=\"150\" src=\"https:\/\/agora.xtec.cat\/ceipflix\/wp-content\/uploads\/usu61\/2025\/06\/WhatsApp-Image-2025-06-17-at-19.31.13-3-150x150.jpeg\" class=\"attachment-thumbnail size-thumbnail\" alt=\"\" \/><\/a>\n\t\t\t<\/div><\/figure><figure class='gallery-item'>\n\t\t\t<div class='gallery-icon portrait'>\n\t\t\t\t<a href='https:\/\/agora.xtec.cat\/ceipflix\/general\/los-fardatxets-de-sise-tanquen-etapa\/attachment\/whatsapp-image-2025-06-17-at-19-31-13-2\/'><img loading=\"lazy\" decoding=\"async\" width=\"150\" height=\"150\" src=\"https:\/\/agora.xtec.cat\/ceipflix\/wp-content\/uploads\/usu61\/2025\/06\/WhatsApp-Image-2025-06-17-at-19.31.13-2-150x150.jpeg\" class=\"attachment-thumbnail size-thumbnail\" alt=\"\" \/><\/a>\n\t\t\t<\/div><\/figure><figure class='gallery-item'>\n\t\t\t<div class='gallery-icon landscape'>\n\t\t\t\t<a href='https:\/\/agora.xtec.cat\/ceipflix\/general\/los-fardatxets-de-sise-tanquen-etapa\/attachment\/whatsapp-image-2025-06-17-at-19-31-13-1\/'><img loading=\"lazy\" decoding=\"async\" width=\"150\" height=\"150\" src=\"https:\/\/agora.xtec.cat\/ceipflix\/wp-content\/uploads\/usu61\/2025\/06\/WhatsApp-Image-2025-06-17-at-19.31.13-1-150x150.jpeg\" class=\"attachment-thumbnail size-thumbnail\" alt=\"\" \/><\/a>\n\t\t\t<\/div><\/figure><figure class='gallery-item'>\n\t\t\t<div class='gallery-icon landscape'>\n\t\t\t\t<a href='https:\/\/agora.xtec.cat\/ceipflix\/general\/los-fardatxets-de-sise-tanquen-etapa\/attachment\/whatsapp-image-2025-06-17-at-19-31-13\/'><img loading=\"lazy\" decoding=\"async\" width=\"150\" height=\"150\" src=\"https:\/\/agora.xtec.cat\/ceipflix\/wp-content\/uploads\/usu61\/2025\/06\/WhatsApp-Image-2025-06-17-at-19.31.13-150x150.jpeg\" class=\"attachment-thumbnail size-thumbnail\" alt=\"\" \/><\/a>\n\t\t\t<\/div><\/figure>\n\t\t<\/div>\n\n<p>Enhorabona Fardatxets!!! \ud83d\ude0d\ud83e\udd8e<\/p>\n","protected":false},"excerpt":{"rendered":"<p>Avui l\u2019alumnat de sis\u00e8 ha tancat una etapa sobre els projectes compartits que han fet aquests darrers anys amb el Camp d\u2019Aprenentatge de Flix: &#8211; Un projecte sobre el m\u00f3n de la flora (4t) &#8211; Un projecte sobre la salut de l\u2019aigua (5\u00e8) &#8211; I l\u2019\u00faltim sobre el regne animal (6\u00e8) Avui, i per posar [&hellip;]<\/p>\n","protected":false},"author":1,"featured_media":12088,"comment_status":"open","ping_status":"open","sticky":false,"template":"","format":"standard","meta":{"_bbp_topic_count":0,"_bbp_reply_count":0,"_bbp_total_topic_count":0,"_bbp_total_reply_count":0,"_bbp_voice_count":0,"_bbp_anonymous_reply_count":0,"_bbp_topic_count_hidden":0,"_bbp_reply_count_hidden":0,"_bbp_forum_subforum_count":0,"site-sidebar-layout":"default","site-content-layout":"","ast-site-content-layout":"","site-content-style":"default","site-sidebar-style":"default","ast-global-header-display":"","ast-banner-title-visibility":"","ast-main-header-display":"","ast-hfb-above-header-display":"","ast-hfb-below-header-display":"","ast-hfb-mobile-header-display":"","site-post-title":"","ast-breadcrumbs-content":"","ast-featured-img":"","footer-sml-layout":"","theme-transparent-header-meta":"","adv-header-id-meta":"","stick-header-meta":"","header-above-stick-meta":"","header-main-stick-meta":"","header-below-stick-meta":"","astra-migrate-meta-layouts":"default","ast-page-background-enabled":"default","ast-page-background-meta":{"desktop":{"background-color":"var(--ast-global-color-4)","background-image":"","background-repeat":"repeat","background-position":"center center","background-size":"auto","background-attachment":"scroll","background-type":"","background-media":"","overlay-type":"","overlay-color":"","overlay-opacity":"","overlay-gradient":""},"tablet":{"background-color":"","background-image":"","background-repeat":"repeat","background-position":"center center","background-size":"auto","background-attachment":"scroll","background-type":"","background-media":"","overlay-type":"","overlay-color":"","overlay-opacity":"","overlay-gradient":""},"mobile":{"background-color":"","background-image":"","background-repeat":"repeat","background-position":"center center","background-size":"auto","background-attachment":"scroll","background-type":"","background-media":"","overlay-type":"","overlay-color":"","overlay-opacity":"","overlay-gradient":""}},"ast-content-background-meta":{"desktop":{"background-color":"var(--ast-global-color-5)","background-image":"","background-repeat":"repeat","background-position":"center center","background-size":"auto","background-attachment":"scroll","background-type":"","background-media":"","overlay-type":"","overlay-color":"","overlay-opacity":"","overlay-gradient":""},"tablet":{"background-color":"var(--ast-global-color-5)","background-image":"","background-repeat":"repeat","background-position":"center center","background-size":"auto","background-attachment":"scroll","background-type":"","background-media":"","overlay-type":"","overlay-color":"","overlay-opacity":"","overlay-gradient":""},"mobile":{"background-color":"var(--ast-global-color-5)","background-image":"","background-repeat":"repeat","background-position":"center center","background-size":"auto","background-attachment":"scroll","background-type":"","background-media":"","overlay-type":"","overlay-color":"","overlay-opacity":"","overlay-gradient":""}},"footnotes":""},"categories":[1085,1,4,5,94,95],"tags":[670,1169,1091,1171,1170,1167,1166,1165,1168],"class_list":["post-12086","post","type-post","status-publish","format-standard","has-post-thumbnail","hentry","category-curs-24-25","category-general","category-portada","category-primaria","category-projectes","category-steamcat","tag-cdaflix","tag-aprenentatge-servei","tag-curs-2024-25","tag-especies","tag-habitats","tag-los-fardatxets","tag-naturescola","tag-projectes-compartits","tag-voluntariat-ambiental"],"post_mailing_queue_ids":[],"_links":{"self":[{"href":"https:\/\/agora.xtec.cat\/ceipflix\/wp-json\/wp\/v2\/posts\/12086","targetHints":{"allow":["GET"]}}],"collection":[{"href":"https:\/\/agora.xtec.cat\/ceipflix\/wp-json\/wp\/v2\/posts"}],"about":[{"href":"https:\/\/agora.xtec.cat\/ceipflix\/wp-json\/wp\/v2\/types\/post"}],"author":[{"embeddable":true,"href":"https:\/\/agora.xtec.cat\/ceipflix\/wp-json\/wp\/v2\/users\/1"}],"replies":[{"embeddable":true,"href":"https:\/\/agora.xtec.cat\/ceipflix\/wp-json\/wp\/v2\/comments?post=12086"}],"version-history":[{"count":1,"href":"https:\/\/agora.xtec.cat\/ceipflix\/wp-json\/wp\/v2\/posts\/12086\/revisions"}],"predecessor-version":[{"id":12101,"href":"https:\/\/agora.xtec.cat\/ceipflix\/wp-json\/wp\/v2\/posts\/12086\/revisions\/12101"}],"wp:featuredmedia":[{"embeddable":true,"href":"https:\/\/agora.xtec.cat\/ceipflix\/wp-json\/wp\/v2\/media\/12088"}],"wp:attachment":[{"href":"https:\/\/agora.xtec.cat\/ceipflix\/wp-json\/wp\/v2\/media?parent=12086"}],"wp:term":[{"taxonomy":"category","embeddable":true,"href":"https:\/\/agora.xtec.cat\/ceipflix\/wp-json\/wp\/v2\/categories?post=12086"},{"taxonomy":"post_tag","embeddable":true,"href":"https:\/\/agora.xtec.cat\/ceipflix\/wp-json\/wp\/v2\/tags?post=12086"}],"curies":[{"name":"wp","href":"https:\/\/api.w.org\/{rel}","templated":true}]}}