{"id":11693,"date":"2025-03-06T12:57:47","date_gmt":"2025-03-06T11:57:47","guid":{"rendered":"https:\/\/agora.xtec.cat\/ceipflix\/?p=11693"},"modified":"2025-03-06T12:57:47","modified_gmt":"2025-03-06T11:57:47","slug":"delegats-i-delegades-campanya-per-una-escola-neta","status":"publish","type":"post","link":"https:\/\/agora.xtec.cat\/ceipflix\/general\/delegats-i-delegades-campanya-per-una-escola-neta\/","title":{"rendered":"DELEGATS I DELEGADES: CAMPANYA PER UNA ESCOLA NETA"},"content":{"rendered":"<p>Els delegats i delegades del segon trimestre ja han celebrat dues trobades des que vam comen\u00e7ar l&#8217;any. Han pres decisions molt importants! Ells i elles han estat reflexionant sobre temes que ens afecten com a escola i com a comunitat, i durant l&#8217;\u00faltima reuni\u00f3 es va posar damunt de la taula un tema molt important: el nostre pati. E<span style=\"font-weight: 400;\">ls i les preocupa que al pati troben molts entrepans i brut\u00edcia. Entre tots debaten com es pot arreglar i es donen diverses idees. <\/span><\/p>\n<p><span style=\"font-weight: 400;\">A tots ens preocupa el tema, tenim companys i companyes que no estan conscienciats i tiren la seva brossa on volen pel pati. \u00c9s per aix\u00f2 que finalment decideixen engegar una campanya per tenir un escola m\u00e9s neta. Hem fet fotos de la brut\u00edcia del pati i tamb\u00e9 un cartell. Amb aquesta campanya el consell de delegats i delegades pret\u00e9n mantenir l\u2019escola neta. Ells i elles s\u00f3n els encarregats d\u2019explicar-ho a la resta de companys, per conscienciar-los per a mantenir els nostres espais nets. Si ho podem fer a la nostra escola, ho podem fer al nostre poble, als nostres boscos\u2026 al nostre planeta.<\/span><\/p>\n<div id='gallery-1' class='gallery galleryid-11693 gallery-columns-2 gallery-size-medium'><figure class='gallery-item'>\n\t\t\t<div class='gallery-icon landscape'>\n\t\t\t\t<a href='https:\/\/agora.xtec.cat\/ceipflix\/general\/delegats-i-delegades-campanya-per-una-escola-neta\/attachment\/whatsapp-image-2025-03-06-at-12-41-36-1\/'><img loading=\"lazy\" decoding=\"async\" width=\"300\" height=\"225\" src=\"https:\/\/agora.xtec.cat\/ceipflix\/wp-content\/uploads\/usu61\/2025\/03\/WhatsApp-Image-2025-03-06-at-12.41.36-1-300x225.jpeg\" class=\"attachment-medium size-medium\" alt=\"\" srcset=\"https:\/\/agora.xtec.cat\/ceipflix\/wp-content\/uploads\/usu61\/2025\/03\/WhatsApp-Image-2025-03-06-at-12.41.36-1-300x225.jpeg 300w, https:\/\/agora.xtec.cat\/ceipflix\/wp-content\/uploads\/usu61\/2025\/03\/WhatsApp-Image-2025-03-06-at-12.41.36-1-1024x768.jpeg 1024w, https:\/\/agora.xtec.cat\/ceipflix\/wp-content\/uploads\/usu61\/2025\/03\/WhatsApp-Image-2025-03-06-at-12.41.36-1-768x576.jpeg 768w, https:\/\/agora.xtec.cat\/ceipflix\/wp-content\/uploads\/usu61\/2025\/03\/WhatsApp-Image-2025-03-06-at-12.41.36-1-1536x1152.jpeg 1536w, https:\/\/agora.xtec.cat\/ceipflix\/wp-content\/uploads\/usu61\/2025\/03\/WhatsApp-Image-2025-03-06-at-12.41.36-1-200x150.jpeg 200w, https:\/\/agora.xtec.cat\/ceipflix\/wp-content\/uploads\/usu61\/2025\/03\/WhatsApp-Image-2025-03-06-at-12.41.36-1.jpeg 2048w\" sizes=\"auto, (max-width: 300px) 100vw, 300px\" \/><\/a>\n\t\t\t<\/div><\/figure><figure class='gallery-item'>\n\t\t\t<div class='gallery-icon landscape'>\n\t\t\t\t<a href='https:\/\/agora.xtec.cat\/ceipflix\/general\/delegats-i-delegades-campanya-per-una-escola-neta\/attachment\/whatsapp-image-2025-03-06-at-12-41-36\/'><img loading=\"lazy\" decoding=\"async\" width=\"300\" height=\"225\" src=\"https:\/\/agora.xtec.cat\/ceipflix\/wp-content\/uploads\/usu61\/2025\/03\/WhatsApp-Image-2025-03-06-at-12.41.36-300x225.jpeg\" class=\"attachment-medium size-medium\" alt=\"\" srcset=\"https:\/\/agora.xtec.cat\/ceipflix\/wp-content\/uploads\/usu61\/2025\/03\/WhatsApp-Image-2025-03-06-at-12.41.36-300x225.jpeg 300w, https:\/\/agora.xtec.cat\/ceipflix\/wp-content\/uploads\/usu61\/2025\/03\/WhatsApp-Image-2025-03-06-at-12.41.36-1024x768.jpeg 1024w, https:\/\/agora.xtec.cat\/ceipflix\/wp-content\/uploads\/usu61\/2025\/03\/WhatsApp-Image-2025-03-06-at-12.41.36-768x576.jpeg 768w, https:\/\/agora.xtec.cat\/ceipflix\/wp-content\/uploads\/usu61\/2025\/03\/WhatsApp-Image-2025-03-06-at-12.41.36-1536x1152.jpeg 1536w, https:\/\/agora.xtec.cat\/ceipflix\/wp-content\/uploads\/usu61\/2025\/03\/WhatsApp-Image-2025-03-06-at-12.41.36-200x150.jpeg 200w, https:\/\/agora.xtec.cat\/ceipflix\/wp-content\/uploads\/usu61\/2025\/03\/WhatsApp-Image-2025-03-06-at-12.41.36.jpeg 2048w\" sizes=\"auto, (max-width: 300px) 100vw, 300px\" \/><\/a>\n\t\t\t<\/div><\/figure>\n\t\t<\/div>\n\n","protected":false},"excerpt":{"rendered":"<p>Els delegats i delegades del segon trimestre ja han celebrat dues trobades des que vam comen\u00e7ar l&#8217;any. Han pres decisions molt importants! Ells i elles han estat reflexionant sobre temes que ens afecten com a escola i com a comunitat, i durant l&#8217;\u00faltima reuni\u00f3 es va posar damunt de la taula un tema molt important: [&hellip;]<\/p>\n","protected":false},"author":45,"featured_media":11694,"comment_status":"open","ping_status":"closed","sticky":false,"template":"","format":"standard","meta":{"_bbp_topic_count":0,"_bbp_reply_count":0,"_bbp_total_topic_count":0,"_bbp_total_reply_count":0,"_bbp_voice_count":0,"_bbp_anonymous_reply_count":0,"_bbp_topic_count_hidden":0,"_bbp_reply_count_hidden":0,"_bbp_forum_subforum_count":0,"site-sidebar-layout":"default","site-content-layout":"","ast-site-content-layout":"","site-content-style":"default","site-sidebar-style":"default","ast-global-header-display":"","ast-banner-title-visibility":"","ast-main-header-display":"","ast-hfb-above-header-display":"","ast-hfb-below-header-display":"","ast-hfb-mobile-header-display":"","site-post-title":"","ast-breadcrumbs-content":"","ast-featured-img":"","footer-sml-layout":"","theme-transparent-header-meta":"","adv-header-id-meta":"","stick-header-meta":"","header-above-stick-meta":"","header-main-stick-meta":"","header-below-stick-meta":"","astra-migrate-meta-layouts":"default","ast-page-background-enabled":"default","ast-page-background-meta":{"desktop":{"background-color":"var(--ast-global-color-4)","background-image":"","background-repeat":"repeat","background-position":"center center","background-size":"auto","background-attachment":"scroll","background-type":"","background-media":"","overlay-type":"","overlay-color":"","overlay-opacity":"","overlay-gradient":""},"tablet":{"background-color":"","background-image":"","background-repeat":"repeat","background-position":"center center","background-size":"auto","background-attachment":"scroll","background-type":"","background-media":"","overlay-type":"","overlay-color":"","overlay-opacity":"","overlay-gradient":""},"mobile":{"background-color":"","background-image":"","background-repeat":"repeat","background-position":"center center","background-size":"auto","background-attachment":"scroll","background-type":"","background-media":"","overlay-type":"","overlay-color":"","overlay-opacity":"","overlay-gradient":""}},"ast-content-background-meta":{"desktop":{"background-color":"var(--ast-global-color-5)","background-image":"","background-repeat":"repeat","background-position":"center center","background-size":"auto","background-attachment":"scroll","background-type":"","background-media":"","overlay-type":"","overlay-color":"","overlay-opacity":"","overlay-gradient":""},"tablet":{"background-color":"var(--ast-global-color-5)","background-image":"","background-repeat":"repeat","background-position":"center center","background-size":"auto","background-attachment":"scroll","background-type":"","background-media":"","overlay-type":"","overlay-color":"","overlay-opacity":"","overlay-gradient":""},"mobile":{"background-color":"var(--ast-global-color-5)","background-image":"","background-repeat":"repeat","background-position":"center center","background-size":"auto","background-attachment":"scroll","background-type":"","background-media":"","overlay-type":"","overlay-color":"","overlay-opacity":"","overlay-gradient":""}},"footnotes":""},"categories":[1085,1096,1,2,4,5],"tags":[1097,1098,1133,970],"class_list":["post-11693","post","type-post","status-publish","format-standard","has-post-thumbnail","hentry","category-curs-24-25","category-delegats-i-delegades","category-general","category-infantil","category-portada","category-primaria","tag-curs-24-25","tag-delegatsidelegades","tag-patiescolar","tag-cocobe"],"post_mailing_queue_ids":[],"_links":{"self":[{"href":"https:\/\/agora.xtec.cat\/ceipflix\/wp-json\/wp\/v2\/posts\/11693","targetHints":{"allow":["GET"]}}],"collection":[{"href":"https:\/\/agora.xtec.cat\/ceipflix\/wp-json\/wp\/v2\/posts"}],"about":[{"href":"https:\/\/agora.xtec.cat\/ceipflix\/wp-json\/wp\/v2\/types\/post"}],"author":[{"embeddable":true,"href":"https:\/\/agora.xtec.cat\/ceipflix\/wp-json\/wp\/v2\/users\/45"}],"replies":[{"embeddable":true,"href":"https:\/\/agora.xtec.cat\/ceipflix\/wp-json\/wp\/v2\/comments?post=11693"}],"version-history":[{"count":1,"href":"https:\/\/agora.xtec.cat\/ceipflix\/wp-json\/wp\/v2\/posts\/11693\/revisions"}],"predecessor-version":[{"id":11696,"href":"https:\/\/agora.xtec.cat\/ceipflix\/wp-json\/wp\/v2\/posts\/11693\/revisions\/11696"}],"wp:featuredmedia":[{"embeddable":true,"href":"https:\/\/agora.xtec.cat\/ceipflix\/wp-json\/wp\/v2\/media\/11694"}],"wp:attachment":[{"href":"https:\/\/agora.xtec.cat\/ceipflix\/wp-json\/wp\/v2\/media?parent=11693"}],"wp:term":[{"taxonomy":"category","embeddable":true,"href":"https:\/\/agora.xtec.cat\/ceipflix\/wp-json\/wp\/v2\/categories?post=11693"},{"taxonomy":"post_tag","embeddable":true,"href":"https:\/\/agora.xtec.cat\/ceipflix\/wp-json\/wp\/v2\/tags?post=11693"}],"curies":[{"name":"wp","href":"https:\/\/api.w.org\/{rel}","templated":true}]}}