{"id":9031,"date":"2019-09-20T11:38:44","date_gmt":"2019-09-20T09:38:44","guid":{"rendered":"http:\/\/agora.xtec.cat\/ceipflama\/?p=9031"},"modified":"2019-09-20T11:38:44","modified_gmt":"2019-09-20T09:38:44","slug":"la-fiona-ens-ha-portat-un-conte","status":"publish","type":"post","link":"https:\/\/agora.xtec.cat\/ceipflama\/promocio-2015\/la-fiona-ens-ha-portat-un-conte\/","title":{"rendered":"LA FIONA ENS HA PORTAT UN CONTE!"},"content":{"rendered":"<p>Hola fam\u00edlies,<\/p>\n<p>Els nens i les nenes de P-4 ja hem tornat a comen\u00e7ar l&#8217;escola. Aquesta setmana ja hem tingut una sorpresa que ens ha fet molta il.lusi\u00f3. Sabeu qui ha vingut a visistar-nos? LA DRAGONA FIONA. Ens ha portat un conte que\u00a0 es diu &#8220;El monstre de colors va a l&#8217;escola&#8221;. Aquest conte ens explica que el Monstre de Colors est\u00e0 una mica nervi\u00f3s. Avui comen\u00e7a l&#8217;escola i no t\u00e9 ni idea de qu\u00e8 \u00e9s. No pateixis, Monstre! Una nova aventura i molts amics t&#8217;hi esperen!<\/p>\n<p>A partir del conte hem parlat entre tots\/es de com ens sentim aquests primers dies de tornar a l&#8217;escola, alguns estan molt alegres, altres se senten una mica tristos, uns molt contents, uns altres molt enfadats&#8230; Hem explicat que aix\u00f2 ens passa a tots\/es i tamb\u00e9 hem vist que el Monstre de Colors tamb\u00e9 li passa! Avui que ja portem uns dies ja estem tots m\u00e9s contents! Ens ho passarem molt b\u00e9 tots junts!<\/p>\n<p><img decoding=\"async\" class=\"aligncenter\" src=\"http:\/\/static.culturamataro.cat\/actes\/imatges\/eb0a470f057052ac66eeefdb7c84a3ba.jpg\" alt=\"Resultat d'imatges de el monstre de colors va a l'escola\" \/><\/p>\n<p>&nbsp;<\/p>\n<p>&nbsp;<\/p>\n<p>&nbsp;<\/p>\n","protected":false},"excerpt":{"rendered":"<p>Hola fam\u00edlies, Els nens i les nenes de P-4 ja hem tornat a comen\u00e7ar l&#8217;escola. Aquesta setmana ja hem tingut una sorpresa que ens ha fet molta il.lusi\u00f3. Sabeu qui ha vingut a visistar-nos? LA DRAGONA FIONA. Ens ha portat un conte que\u00a0 es diu &#8220;El monstre de colors va a l&#8217;escola&#8221;. Aquest conte ens [&hellip;]<\/p>\n","protected":false},"author":18,"featured_media":0,"comment_status":"open","ping_status":"closed","sticky":false,"template":"","format":"standard","meta":{"_bbp_topic_count":0,"_bbp_reply_count":0,"_bbp_total_topic_count":0,"_bbp_total_reply_count":0,"_bbp_voice_count":0,"_bbp_anonymous_reply_count":0,"_bbp_topic_count_hidden":0,"_bbp_reply_count_hidden":0,"_bbp_forum_subforum_count":0,"site-sidebar-layout":"default","site-content-layout":"","ast-site-content-layout":"","site-content-style":"default","site-sidebar-style":"default","ast-global-header-display":"","ast-banner-title-visibility":"","ast-main-header-display":"","ast-hfb-above-header-display":"","ast-hfb-below-header-display":"","ast-hfb-mobile-header-display":"","site-post-title":"","ast-breadcrumbs-content":"","ast-featured-img":"","footer-sml-layout":"","theme-transparent-header-meta":"","adv-header-id-meta":"","stick-header-meta":"","header-above-stick-meta":"","header-main-stick-meta":"","header-below-stick-meta":"","astra-migrate-meta-layouts":"default","ast-page-background-enabled":"default","ast-page-background-meta":{"desktop":{"background-color":"var(--ast-global-color-4)","background-image":"","background-repeat":"repeat","background-position":"center center","background-size":"auto","background-attachment":"scroll","background-type":"","background-media":"","overlay-type":"","overlay-color":"","overlay-opacity":"","overlay-gradient":""},"tablet":{"background-color":"","background-image":"","background-repeat":"repeat","background-position":"center center","background-size":"auto","background-attachment":"scroll","background-type":"","background-media":"","overlay-type":"","overlay-color":"","overlay-opacity":"","overlay-gradient":""},"mobile":{"background-color":"","background-image":"","background-repeat":"repeat","background-position":"center center","background-size":"auto","background-attachment":"scroll","background-type":"","background-media":"","overlay-type":"","overlay-color":"","overlay-opacity":"","overlay-gradient":""}},"ast-content-background-meta":{"desktop":{"background-color":"var(--ast-global-color-5)","background-image":"","background-repeat":"repeat","background-position":"center center","background-size":"auto","background-attachment":"scroll","background-type":"","background-media":"","overlay-type":"","overlay-color":"","overlay-opacity":"","overlay-gradient":""},"tablet":{"background-color":"var(--ast-global-color-5)","background-image":"","background-repeat":"repeat","background-position":"center center","background-size":"auto","background-attachment":"scroll","background-type":"","background-media":"","overlay-type":"","overlay-color":"","overlay-opacity":"","overlay-gradient":""},"mobile":{"background-color":"var(--ast-global-color-5)","background-image":"","background-repeat":"repeat","background-position":"center center","background-size":"auto","background-attachment":"scroll","background-type":"","background-media":"","overlay-type":"","overlay-color":"","overlay-opacity":"","overlay-gradient":""}},"footnotes":""},"categories":[82],"tags":[],"class_list":["post-9031","post","type-post","status-publish","format-standard","hentry","category-promocio-2015"],"post_mailing_queue_ids":[],"_links":{"self":[{"href":"https:\/\/agora.xtec.cat\/ceipflama\/wp-json\/wp\/v2\/posts\/9031","targetHints":{"allow":["GET"]}}],"collection":[{"href":"https:\/\/agora.xtec.cat\/ceipflama\/wp-json\/wp\/v2\/posts"}],"about":[{"href":"https:\/\/agora.xtec.cat\/ceipflama\/wp-json\/wp\/v2\/types\/post"}],"author":[{"embeddable":true,"href":"https:\/\/agora.xtec.cat\/ceipflama\/wp-json\/wp\/v2\/users\/18"}],"replies":[{"embeddable":true,"href":"https:\/\/agora.xtec.cat\/ceipflama\/wp-json\/wp\/v2\/comments?post=9031"}],"version-history":[{"count":1,"href":"https:\/\/agora.xtec.cat\/ceipflama\/wp-json\/wp\/v2\/posts\/9031\/revisions"}],"predecessor-version":[{"id":9032,"href":"https:\/\/agora.xtec.cat\/ceipflama\/wp-json\/wp\/v2\/posts\/9031\/revisions\/9032"}],"wp:attachment":[{"href":"https:\/\/agora.xtec.cat\/ceipflama\/wp-json\/wp\/v2\/media?parent=9031"}],"wp:term":[{"taxonomy":"category","embeddable":true,"href":"https:\/\/agora.xtec.cat\/ceipflama\/wp-json\/wp\/v2\/categories?post=9031"},{"taxonomy":"post_tag","embeddable":true,"href":"https:\/\/agora.xtec.cat\/ceipflama\/wp-json\/wp\/v2\/tags?post=9031"}],"curies":[{"name":"wp","href":"https:\/\/api.w.org\/{rel}","templated":true}]}}