{"id":8788,"date":"2019-05-21T22:14:21","date_gmt":"2019-05-21T20:14:21","guid":{"rendered":"http:\/\/agora.xtec.cat\/ceipflama\/?p=8788"},"modified":"2019-05-21T22:17:38","modified_gmt":"2019-05-21T20:17:38","slug":"sortida-als-aiguamolls-de-la-bobila-de-santpedor","status":"publish","type":"post","link":"https:\/\/agora.xtec.cat\/ceipflama\/promocio-2012-6e\/sortida-als-aiguamolls-de-la-bobila-de-santpedor\/","title":{"rendered":"SORTIDA ALS AIGUAMOLLS DE LA B\u00d2BILA DE SANTPEDOR"},"content":{"rendered":"<p>Hola fam\u00edlies,<\/p>\n<p>Avui, els Patinadors, els Faquirs, Els For\u00e7uts i els Acr\u00f2bates hem anat tot caminant als Aiguamolls de la B\u00f2bila de Santpedor.<\/p>\n<p>Tant el temps, com les activitats i els monitors han estat genials. Hem pogut fer observacions de diferents animals, ens han explicat la hist\u00f2ria dels aiguamolls, hem vist diferents tipus de nius i el proc\u00e9s d&#8217;anellament dels ocells.<\/p>\n<p>Totes les activitats han estat s\u00faper interessants!<\/p>\n<p>Al migdia hem anat al Parc de l&#8217;Agulla amb l&#8217;autob\u00fas. All\u00e0 hem fet una rotllana molt gran, hem dinat i hem jugat molt. El dia ha estat fant\u00e0stic!<\/p>\n<p>Si voleu, podeu clicar sobre la imatge i veureu un recull de fotografies.<\/p>\n<figure id=\"attachment_8789\" aria-describedby=\"caption-attachment-8789\" style=\"width: 800px\" class=\"wp-caption alignnone\"><a href=\"https:\/\/photos.app.goo.gl\/eGeG5YPqcmDj9Sj68\"><img loading=\"lazy\" decoding=\"async\" class=\"size-full wp-image-8789\" src=\"https:\/\/agora.xtec.cat\/ceipflama\/wp-content\/uploads\/usu1313\/2019\/05\/aig_amolls_b_bila3.jpg\" alt=\"\" width=\"800\" height=\"598\" srcset=\"https:\/\/agora.xtec.cat\/ceipflama\/wp-content\/uploads\/usu1313\/2019\/05\/aig_amolls_b_bila3.jpg 800w, https:\/\/agora.xtec.cat\/ceipflama\/wp-content\/uploads\/usu1313\/2019\/05\/aig_amolls_b_bila3-300x224.jpg 300w, https:\/\/agora.xtec.cat\/ceipflama\/wp-content\/uploads\/usu1313\/2019\/05\/aig_amolls_b_bila3-768x574.jpg 768w, https:\/\/agora.xtec.cat\/ceipflama\/wp-content\/uploads\/usu1313\/2019\/05\/aig_amolls_b_bila3-200x150.jpg 200w\" sizes=\"auto, (max-width: 800px) 100vw, 800px\" \/><\/a><figcaption id=\"caption-attachment-8789\" class=\"wp-caption-text\">EPSON DSC picture<\/figcaption><\/figure>\n","protected":false},"excerpt":{"rendered":"<p>Hola fam\u00edlies, Avui, els Patinadors, els Faquirs, Els For\u00e7uts i els Acr\u00f2bates hem anat tot caminant als Aiguamolls de la B\u00f2bila de Santpedor. Tant el temps, com les activitats i els monitors han estat genials. Hem pogut fer observacions de diferents animals, ens han explicat la hist\u00f2ria dels aiguamolls, hem vist diferents tipus de nius [&hellip;]<\/p>\n","protected":false},"author":5,"featured_media":0,"comment_status":"open","ping_status":"closed","sticky":false,"template":"","format":"standard","meta":{"_bbp_topic_count":0,"_bbp_reply_count":0,"_bbp_total_topic_count":0,"_bbp_total_reply_count":0,"_bbp_voice_count":0,"_bbp_anonymous_reply_count":0,"_bbp_topic_count_hidden":0,"_bbp_reply_count_hidden":0,"_bbp_forum_subforum_count":0,"site-sidebar-layout":"default","site-content-layout":"","ast-site-content-layout":"","site-content-style":"default","site-sidebar-style":"default","ast-global-header-display":"","ast-banner-title-visibility":"","ast-main-header-display":"","ast-hfb-above-header-display":"","ast-hfb-below-header-display":"","ast-hfb-mobile-header-display":"","site-post-title":"","ast-breadcrumbs-content":"","ast-featured-img":"","footer-sml-layout":"","theme-transparent-header-meta":"","adv-header-id-meta":"","stick-header-meta":"","header-above-stick-meta":"","header-main-stick-meta":"","header-below-stick-meta":"","astra-migrate-meta-layouts":"default","ast-page-background-enabled":"default","ast-page-background-meta":{"desktop":{"background-color":"var(--ast-global-color-4)","background-image":"","background-repeat":"repeat","background-position":"center center","background-size":"auto","background-attachment":"scroll","background-type":"","background-media":"","overlay-type":"","overlay-color":"","overlay-opacity":"","overlay-gradient":""},"tablet":{"background-color":"","background-image":"","background-repeat":"repeat","background-position":"center center","background-size":"auto","background-attachment":"scroll","background-type":"","background-media":"","overlay-type":"","overlay-color":"","overlay-opacity":"","overlay-gradient":""},"mobile":{"background-color":"","background-image":"","background-repeat":"repeat","background-position":"center center","background-size":"auto","background-attachment":"scroll","background-type":"","background-media":"","overlay-type":"","overlay-color":"","overlay-opacity":"","overlay-gradient":""}},"ast-content-background-meta":{"desktop":{"background-color":"var(--ast-global-color-5)","background-image":"","background-repeat":"repeat","background-position":"center center","background-size":"auto","background-attachment":"scroll","background-type":"","background-media":"","overlay-type":"","overlay-color":"","overlay-opacity":"","overlay-gradient":""},"tablet":{"background-color":"var(--ast-global-color-5)","background-image":"","background-repeat":"repeat","background-position":"center center","background-size":"auto","background-attachment":"scroll","background-type":"","background-media":"","overlay-type":"","overlay-color":"","overlay-opacity":"","overlay-gradient":""},"mobile":{"background-color":"var(--ast-global-color-5)","background-image":"","background-repeat":"repeat","background-position":"center center","background-size":"auto","background-attachment":"scroll","background-type":"","background-media":"","overlay-type":"","overlay-color":"","overlay-opacity":"","overlay-gradient":""}},"footnotes":""},"categories":[9,8],"tags":[],"class_list":["post-8788","post","type-post","status-publish","format-standard","hentry","category-promocio-2011-6e","category-promocio-2012-6e"],"post_mailing_queue_ids":[],"_links":{"self":[{"href":"https:\/\/agora.xtec.cat\/ceipflama\/wp-json\/wp\/v2\/posts\/8788","targetHints":{"allow":["GET"]}}],"collection":[{"href":"https:\/\/agora.xtec.cat\/ceipflama\/wp-json\/wp\/v2\/posts"}],"about":[{"href":"https:\/\/agora.xtec.cat\/ceipflama\/wp-json\/wp\/v2\/types\/post"}],"author":[{"embeddable":true,"href":"https:\/\/agora.xtec.cat\/ceipflama\/wp-json\/wp\/v2\/users\/5"}],"replies":[{"embeddable":true,"href":"https:\/\/agora.xtec.cat\/ceipflama\/wp-json\/wp\/v2\/comments?post=8788"}],"version-history":[{"count":2,"href":"https:\/\/agora.xtec.cat\/ceipflama\/wp-json\/wp\/v2\/posts\/8788\/revisions"}],"predecessor-version":[{"id":8791,"href":"https:\/\/agora.xtec.cat\/ceipflama\/wp-json\/wp\/v2\/posts\/8788\/revisions\/8791"}],"wp:attachment":[{"href":"https:\/\/agora.xtec.cat\/ceipflama\/wp-json\/wp\/v2\/media?parent=8788"}],"wp:term":[{"taxonomy":"category","embeddable":true,"href":"https:\/\/agora.xtec.cat\/ceipflama\/wp-json\/wp\/v2\/categories?post=8788"},{"taxonomy":"post_tag","embeddable":true,"href":"https:\/\/agora.xtec.cat\/ceipflama\/wp-json\/wp\/v2\/tags?post=8788"}],"curies":[{"name":"wp","href":"https:\/\/api.w.org\/{rel}","templated":true}]}}