{"id":8223,"date":"2019-04-05T18:09:46","date_gmt":"2019-04-05T16:09:46","guid":{"rendered":"http:\/\/agora.xtec.cat\/ceipflama\/?p=8223"},"modified":"2019-04-06T16:04:42","modified_gmt":"2019-04-06T14:04:42","slug":"rumba-a-laula","status":"publish","type":"post","link":"https:\/\/agora.xtec.cat\/ceipflama\/3r\/rumba-a-laula\/","title":{"rendered":"RUMBA A L&#8217;AULA"},"content":{"rendered":"<p><span style=\"font-weight: 400;\">Sorpresa avui divendres 5 d\u2019abril a l\u2019aula de m\u00fasica!!! <\/span><\/p>\n<p><span style=\"font-weight: 400;\">Hem anat a l\u2019aula com cada setmana per\u00f2 aquesta vegada la sessi\u00f3 ha estat molt especial perqu\u00e8 ens hi hem trobat l\u2019Antonio el Remendao (veu, guitarra, caj\u00f3n i palmas) i en Gabi Codina (congas, percussi\u00f3 menor veu i palmas). <\/span><\/p>\n<p><span style=\"font-weight: 400;\">Ens han fet una audici\u00f3 de m\u00fasica a ritme de Rumba amb les explicacions de cada instrument, una mica d\u2019hist\u00f2ria&#8230; i hem acabat cantant, ballant i fent les palmas pr\u00f2pies d\u2019aquest estil musical.<\/span><\/p>\n<p><span style=\"font-weight: 400;\">Gr\u00e0cies Antonio i Gabi per presentar-nos la rumba de tan aprop.<\/span><\/p>\n<p><span style=\"font-weight: 400;\">Rumba, rumbeta bona!!!<\/span><\/p>\n<p><img loading=\"lazy\" decoding=\"async\" class=\"aligncenter\" src=\"https:\/\/lh3.googleusercontent.com\/IdDOYmMh3fPWp9nGZNjiWt3tut4zYhyWMG7m-IS3R4fo5r1vwLP4j84iN4nOMFQrPDgUGKOXrGVFd_wyxANYrPYtm02ILII3Koep42CK1Bl_Wkhs2TDXDTZHc_I8yDqYLEm8coARUx5eHEhZjy4gMvG5KR_sP2mE-uxg2ZUMA4PUasVTGTwnbSW1_3EUYYd72qVUNLBWx3tWS4AgqNNno0qfvFo0VK5AhvZqu-XsiSqLcE5lYz5tw-3YNIQ1od83dJEVOd_n8bdsIDxlZdFVCJug6Uhglv4Adcj7ZrgQ33B51UsTMotPBpw5IHO8eXrqSEoNtpFf6jAZkbIeM2A2fihcdvnMJZLB_FxU-1PfV0P5w93QutVmZ-9d82Fm2gRUQ-PquBgQ219oJIhFoytDbVuw1W4pUWYFq_Rs58QMysT5bN_UVkrGkFsZ1JTfvDtEKMi65sBBb_U6KyTzNkgkAcMueFcfDew_FpdO2S1obNS6a4v_Ff94_BcO5HVE4KfaaVPCqNKRBPnGxkKQyygcmzrokafiVVY2OyGKsPIMeA7odWHlczSHBcrh3De7UZCSfNSEh9jrM__gdy4T0DIs90_CqPjy7c_tQ5HrVJbBG9l2RBKr-rUvjgCf1UxDKmthlX6n0_5kAYB_IKUEorr6YylMtVosJmrdv0o1a6opF1PZbnGA7jV2MSqCnlmqfx_ewNUbwj1fruKI7HhIx9GBrWTaeQ=w834-h625-no\" width=\"403\" height=\"302\" \/><\/p>\n<p><a href=\"https:\/\/photos.app.goo.gl\/BQYNkLdQQ2cgxqAc7\">https:\/\/photos.app.goo.gl\/BQYNkLdQQ2cgxqAc7<\/a><\/p>\n<p>&nbsp;<\/p>\n","protected":false},"excerpt":{"rendered":"<p>Sorpresa avui divendres 5 d\u2019abril a l\u2019aula de m\u00fasica!!! Hem anat a l\u2019aula com cada setmana per\u00f2 aquesta vegada la sessi\u00f3 ha estat molt especial perqu\u00e8 ens hi hem trobat l\u2019Antonio el Remendao (veu, guitarra, caj\u00f3n i palmas) i en Gabi Codina (congas, percussi\u00f3 menor veu i palmas). Ens han fet una audici\u00f3 de m\u00fasica [&hellip;]<\/p>\n","protected":false},"author":17,"featured_media":0,"comment_status":"open","ping_status":"closed","sticky":false,"template":"","format":"standard","meta":{"_bbp_topic_count":0,"_bbp_reply_count":0,"_bbp_total_topic_count":0,"_bbp_total_reply_count":0,"_bbp_voice_count":0,"_bbp_anonymous_reply_count":0,"_bbp_topic_count_hidden":0,"_bbp_reply_count_hidden":0,"_bbp_forum_subforum_count":0,"site-sidebar-layout":"default","site-content-layout":"","ast-site-content-layout":"","site-content-style":"default","site-sidebar-style":"default","ast-global-header-display":"","ast-banner-title-visibility":"","ast-main-header-display":"","ast-hfb-above-header-display":"","ast-hfb-below-header-display":"","ast-hfb-mobile-header-display":"","site-post-title":"","ast-breadcrumbs-content":"","ast-featured-img":"","footer-sml-layout":"","theme-transparent-header-meta":"","adv-header-id-meta":"","stick-header-meta":"","header-above-stick-meta":"","header-main-stick-meta":"","header-below-stick-meta":"","astra-migrate-meta-layouts":"default","ast-page-background-enabled":"default","ast-page-background-meta":{"desktop":{"background-color":"var(--ast-global-color-4)","background-image":"","background-repeat":"repeat","background-position":"center center","background-size":"auto","background-attachment":"scroll","background-type":"","background-media":"","overlay-type":"","overlay-color":"","overlay-opacity":"","overlay-gradient":""},"tablet":{"background-color":"","background-image":"","background-repeat":"repeat","background-position":"center center","background-size":"auto","background-attachment":"scroll","background-type":"","background-media":"","overlay-type":"","overlay-color":"","overlay-opacity":"","overlay-gradient":""},"mobile":{"background-color":"","background-image":"","background-repeat":"repeat","background-position":"center center","background-size":"auto","background-attachment":"scroll","background-type":"","background-media":"","overlay-type":"","overlay-color":"","overlay-opacity":"","overlay-gradient":""}},"ast-content-background-meta":{"desktop":{"background-color":"var(--ast-global-color-5)","background-image":"","background-repeat":"repeat","background-position":"center center","background-size":"auto","background-attachment":"scroll","background-type":"","background-media":"","overlay-type":"","overlay-color":"","overlay-opacity":"","overlay-gradient":""},"tablet":{"background-color":"var(--ast-global-color-5)","background-image":"","background-repeat":"repeat","background-position":"center center","background-size":"auto","background-attachment":"scroll","background-type":"","background-media":"","overlay-type":"","overlay-color":"","overlay-opacity":"","overlay-gradient":""},"mobile":{"background-color":"var(--ast-global-color-5)","background-image":"","background-repeat":"repeat","background-position":"center center","background-size":"auto","background-attachment":"scroll","background-type":"","background-media":"","overlay-type":"","overlay-color":"","overlay-opacity":"","overlay-gradient":""}},"footnotes":""},"categories":[12],"tags":[],"class_list":["post-8223","post","type-post","status-publish","format-standard","hentry","category-3r"],"post_mailing_queue_ids":[],"_links":{"self":[{"href":"https:\/\/agora.xtec.cat\/ceipflama\/wp-json\/wp\/v2\/posts\/8223","targetHints":{"allow":["GET"]}}],"collection":[{"href":"https:\/\/agora.xtec.cat\/ceipflama\/wp-json\/wp\/v2\/posts"}],"about":[{"href":"https:\/\/agora.xtec.cat\/ceipflama\/wp-json\/wp\/v2\/types\/post"}],"author":[{"embeddable":true,"href":"https:\/\/agora.xtec.cat\/ceipflama\/wp-json\/wp\/v2\/users\/17"}],"replies":[{"embeddable":true,"href":"https:\/\/agora.xtec.cat\/ceipflama\/wp-json\/wp\/v2\/comments?post=8223"}],"version-history":[{"count":2,"href":"https:\/\/agora.xtec.cat\/ceipflama\/wp-json\/wp\/v2\/posts\/8223\/revisions"}],"predecessor-version":[{"id":8225,"href":"https:\/\/agora.xtec.cat\/ceipflama\/wp-json\/wp\/v2\/posts\/8223\/revisions\/8225"}],"wp:attachment":[{"href":"https:\/\/agora.xtec.cat\/ceipflama\/wp-json\/wp\/v2\/media?parent=8223"}],"wp:term":[{"taxonomy":"category","embeddable":true,"href":"https:\/\/agora.xtec.cat\/ceipflama\/wp-json\/wp\/v2\/categories?post=8223"},{"taxonomy":"post_tag","embeddable":true,"href":"https:\/\/agora.xtec.cat\/ceipflama\/wp-json\/wp\/v2\/tags?post=8223"}],"curies":[{"name":"wp","href":"https:\/\/api.w.org\/{rel}","templated":true}]}}