{"id":8064,"date":"2019-03-15T11:51:00","date_gmt":"2019-03-15T10:51:00","guid":{"rendered":"http:\/\/agora.xtec.cat\/ceipflama\/?p=8064"},"modified":"2019-03-15T11:51:00","modified_gmt":"2019-03-15T10:51:00","slug":"titelles-laneguet-lleig","status":"publish","type":"post","link":"https:\/\/agora.xtec.cat\/ceipflama\/promocio-2012-6e\/titelles-laneguet-lleig\/","title":{"rendered":"TITELLES L&#8217;ANEGUET LLEIG"},"content":{"rendered":"<p>Avui els alumnes de cicle inicial hem anat al gimn\u00e0s a veure un teatre de titelles. Ens han explicat el conte de &#8220;L&#8217;Aneguet Lleig&#8221; per\u00f2 en format de titelles.<\/p>\n<p>Us hist\u00f2ria molt xula! Aqu\u00ed en teniu el resum:<\/p>\n<p>Ha de marxar de la granja on no t\u00e9 amics, els altres \u00e0necs li diuen\u00a0que \u00e9s lleig, molt gran i\u00a0m\u00e9s fosc, i\u00a0ell vol jugar per\u00f2 no el deixen.\u00a0L\u2019aneguet cercar\u00e0 per tot arreu amics de deb\u00f2\u00a0que no se\u2019n riguin\u00a0del\u00a0seu\u00a0color i de la seva mida, Tot i que anir\u00e0 a parar a casa d\u2019una\u00a0bruixa,\u00a0amb l\u2019ajuda de la fada\u00a0espavilada i el follet Trapella arribar\u00e0\u00a0al cam\u00ed que porta al riu. En\u00a0mirar-se a l\u2019aigua quedar\u00e0\u00a0\u00a0bocabadat\u00a0de veure com en fer-se gran s\u2019ha convertit en un\u00a0cigne.\u00a0Els altres\u00a0cignes l\u2019acolliran amb entusiasme.<\/p>\n<p><a href=\"https:\/\/photos.app.goo.gl\/HJM4QQnaw8GCwRbq7\"><img loading=\"lazy\" decoding=\"async\" class=\"alignnone size-large\" src=\"https:\/\/3.bp.blogspot.com\/-HIFFuFuBZLo\/WvP2jHX0pLI\/AAAAAAAABJc\/OC6XxmRkvd4TAqHav6a2YNPoTFWIYQbvACEwYBhgL\/s400\/l%2527Aneguet%2Blleig%2B2.jpg\" width=\"338\" height=\"400\" \/><\/a><\/p>\n<p>&nbsp;<\/p>\n","protected":false},"excerpt":{"rendered":"<p>Avui els alumnes de cicle inicial hem anat al gimn\u00e0s a veure un teatre de titelles. Ens han explicat el conte de &#8220;L&#8217;Aneguet Lleig&#8221; per\u00f2 en format de titelles. Us hist\u00f2ria molt xula! Aqu\u00ed en teniu el resum: Ha de marxar de la granja on no t\u00e9 amics, els altres \u00e0necs li diuen\u00a0que \u00e9s lleig, [&hellip;]<\/p>\n","protected":false},"author":2,"featured_media":8065,"comment_status":"open","ping_status":"closed","sticky":false,"template":"","format":"standard","meta":{"_bbp_topic_count":0,"_bbp_reply_count":0,"_bbp_total_topic_count":0,"_bbp_total_reply_count":0,"_bbp_voice_count":0,"_bbp_anonymous_reply_count":0,"_bbp_topic_count_hidden":0,"_bbp_reply_count_hidden":0,"_bbp_forum_subforum_count":0,"site-sidebar-layout":"default","site-content-layout":"","ast-site-content-layout":"","site-content-style":"default","site-sidebar-style":"default","ast-global-header-display":"","ast-banner-title-visibility":"","ast-main-header-display":"","ast-hfb-above-header-display":"","ast-hfb-below-header-display":"","ast-hfb-mobile-header-display":"","site-post-title":"","ast-breadcrumbs-content":"","ast-featured-img":"","footer-sml-layout":"","theme-transparent-header-meta":"","adv-header-id-meta":"","stick-header-meta":"","header-above-stick-meta":"","header-main-stick-meta":"","header-below-stick-meta":"","astra-migrate-meta-layouts":"default","ast-page-background-enabled":"default","ast-page-background-meta":{"desktop":{"background-color":"var(--ast-global-color-4)","background-image":"","background-repeat":"repeat","background-position":"center center","background-size":"auto","background-attachment":"scroll","background-type":"","background-media":"","overlay-type":"","overlay-color":"","overlay-opacity":"","overlay-gradient":""},"tablet":{"background-color":"","background-image":"","background-repeat":"repeat","background-position":"center center","background-size":"auto","background-attachment":"scroll","background-type":"","background-media":"","overlay-type":"","overlay-color":"","overlay-opacity":"","overlay-gradient":""},"mobile":{"background-color":"","background-image":"","background-repeat":"repeat","background-position":"center center","background-size":"auto","background-attachment":"scroll","background-type":"","background-media":"","overlay-type":"","overlay-color":"","overlay-opacity":"","overlay-gradient":""}},"ast-content-background-meta":{"desktop":{"background-color":"var(--ast-global-color-5)","background-image":"","background-repeat":"repeat","background-position":"center center","background-size":"auto","background-attachment":"scroll","background-type":"","background-media":"","overlay-type":"","overlay-color":"","overlay-opacity":"","overlay-gradient":""},"tablet":{"background-color":"var(--ast-global-color-5)","background-image":"","background-repeat":"repeat","background-position":"center center","background-size":"auto","background-attachment":"scroll","background-type":"","background-media":"","overlay-type":"","overlay-color":"","overlay-opacity":"","overlay-gradient":""},"mobile":{"background-color":"var(--ast-global-color-5)","background-image":"","background-repeat":"repeat","background-position":"center center","background-size":"auto","background-attachment":"scroll","background-type":"","background-media":"","overlay-type":"","overlay-color":"","overlay-opacity":"","overlay-gradient":""}},"footnotes":""},"categories":[9,8],"tags":[],"class_list":["post-8064","post","type-post","status-publish","format-standard","has-post-thumbnail","hentry","category-promocio-2011-6e","category-promocio-2012-6e"],"post_mailing_queue_ids":[],"_links":{"self":[{"href":"https:\/\/agora.xtec.cat\/ceipflama\/wp-json\/wp\/v2\/posts\/8064","targetHints":{"allow":["GET"]}}],"collection":[{"href":"https:\/\/agora.xtec.cat\/ceipflama\/wp-json\/wp\/v2\/posts"}],"about":[{"href":"https:\/\/agora.xtec.cat\/ceipflama\/wp-json\/wp\/v2\/types\/post"}],"author":[{"embeddable":true,"href":"https:\/\/agora.xtec.cat\/ceipflama\/wp-json\/wp\/v2\/users\/2"}],"replies":[{"embeddable":true,"href":"https:\/\/agora.xtec.cat\/ceipflama\/wp-json\/wp\/v2\/comments?post=8064"}],"version-history":[{"count":1,"href":"https:\/\/agora.xtec.cat\/ceipflama\/wp-json\/wp\/v2\/posts\/8064\/revisions"}],"predecessor-version":[{"id":8066,"href":"https:\/\/agora.xtec.cat\/ceipflama\/wp-json\/wp\/v2\/posts\/8064\/revisions\/8066"}],"wp:featuredmedia":[{"embeddable":true,"href":"https:\/\/agora.xtec.cat\/ceipflama\/wp-json\/wp\/v2\/media\/8065"}],"wp:attachment":[{"href":"https:\/\/agora.xtec.cat\/ceipflama\/wp-json\/wp\/v2\/media?parent=8064"}],"wp:term":[{"taxonomy":"category","embeddable":true,"href":"https:\/\/agora.xtec.cat\/ceipflama\/wp-json\/wp\/v2\/categories?post=8064"},{"taxonomy":"post_tag","embeddable":true,"href":"https:\/\/agora.xtec.cat\/ceipflama\/wp-json\/wp\/v2\/tags?post=8064"}],"curies":[{"name":"wp","href":"https:\/\/api.w.org\/{rel}","templated":true}]}}