{"id":7853,"date":"2019-02-19T13:12:43","date_gmt":"2019-02-19T12:12:43","guid":{"rendered":"http:\/\/agora.xtec.cat\/ceipflama\/?p=7853"},"modified":"2019-02-19T13:12:43","modified_gmt":"2019-02-19T12:12:43","slug":"itinerari-llegendes-visita-al-barri-antic","status":"publish","type":"post","link":"https:\/\/agora.xtec.cat\/ceipflama\/promocio-2011-6e\/itinerari-llegendes-visita-al-barri-antic\/","title":{"rendered":"ITINERARI LLEGENDES &#8211; VISITA AL BARRI ANTIC"},"content":{"rendered":"<p>Ahir vam fer una sortida a Manresa on hi vam visitar el Barri Antic. Ens vam trobar al Museu Comarcal de Manresa on vam esmorzar i des d&#8217;all\u00e0 vam fer tot un recorregut tot coneixent les llegendes de la nostra ciutat.<\/p>\n<p>Aquestes s\u00f3n les llegendes que vam aprendre:<\/p>\n<ul>\n<li>La llegenda del Timbaler del Bruc.<\/li>\n<li>Sant Ignasi i el Pou de la Gallina.<\/li>\n<li>La llegenda de la Llum<\/li>\n<li>La hist\u00f2ria dels Cossos Sants<\/li>\n<\/ul>\n<p>Tamb\u00e9 vam poder passejar pels carrers del Barri Antic i vam con\u00e8ixer el Carrer del Bal\u00e7 que formava part de la ciutat medieval. Aquest \u00e9s un carrer cobert on encara hi viu l&#8217;Ermessenda una noia nascuda l&#8217;any 1322 i que ens va fer ben ambientar-nos a l&#8217;\u00e8poca.<\/p>\n<p>Aquesta setmana se celebren a Manresa molts actes coincidint amb la Festa de la Llum i la Fira de l&#8217;Aixada. Us convidem a tots a a anar-hi i passar una bona estona tot gaudint de la nostra ciutat.<\/p>\n<p><a href=\"https:\/\/photos.app.goo.gl\/nxjfrjpN3t47TATF7\"><img loading=\"lazy\" decoding=\"async\" class=\" aligncenter\" src=\"https:\/\/lh3.googleusercontent.com\/39VDxLwbBk9cIN7RkTiG5bcS-LJNdP0XNYlRfXUqxC88f1qjMUcPkGvnuAxE1Xe_Is7hr8Bw0ao4SQP1IfZgK04B9-J6uxZCMVPS2hlAxYkw9Q0sKLrdfGTSj6mUbMns_ZbV7yH_GOfejnTTclWoLOMdYg6ycHp0xwU4bAXvjpgbHT6N7NlCCfMOqEXsFGBnnz5Df0-pM8yhev8k0lZMTq3IYlpb6cxUDcqOLRqNqfe7IworsXMto6Hr9xUKgx-egJi7Nb3PB_dLmPkT8YinhSpwPrCqVqV_Jq4lgbMXFfim7pMmk1CLesamBAgFNCJ9JtYdgHbgOR50LwvD4fi915Tmc0k6GkpJusd-fUiWyi8tq5TlrdgxLlkqOnIDrLcoZtsTsURJ0uH_7-OHeE-CWY42GSFjRiManriOC183ajsMCNox6VW0Wn5j3K8mD7tHQStmbXedVhjJ3jghojKSubRzIUXlpwE4Xdm1UB5h1HIL-6t18eujIy4Ir3IdMxiJzA4Eb2virgb7J31TKTxw5HTX9FIzCtYm5IsqF11YiKR8hxcGhmnShYn3AD--HipXMqrzVnzfkSQeFNc3cmsTVGxzXfLcE0Cv7fe8xNN4-x-bP-EY7VoPATsa_vz7srFtodm8GbZdpGCkiD0e1D1rF67fSgwEzMMZTFktwNf--7ngg6YHvSHUMlsdZRNoJILpXgXnGehOyjdVMkmDDkuWoOHt=w456-h937-no\" width=\"337\" height=\"694\" \/><\/a><\/p>\n","protected":false},"excerpt":{"rendered":"<p>Ahir vam fer una sortida a Manresa on hi vam visitar el Barri Antic. Ens vam trobar al Museu Comarcal de Manresa on vam esmorzar i des d&#8217;all\u00e0 vam fer tot un recorregut tot coneixent les llegendes de la nostra ciutat. Aquestes s\u00f3n les llegendes que vam aprendre: La llegenda del Timbaler del Bruc. Sant [&hellip;]<\/p>\n","protected":false},"author":2,"featured_media":0,"comment_status":"open","ping_status":"closed","sticky":false,"template":"","format":"standard","meta":{"_bbp_topic_count":0,"_bbp_reply_count":0,"_bbp_total_topic_count":0,"_bbp_total_reply_count":0,"_bbp_voice_count":0,"_bbp_anonymous_reply_count":0,"_bbp_topic_count_hidden":0,"_bbp_reply_count_hidden":0,"_bbp_forum_subforum_count":0,"site-sidebar-layout":"default","site-content-layout":"","ast-site-content-layout":"","site-content-style":"default","site-sidebar-style":"default","ast-global-header-display":"","ast-banner-title-visibility":"","ast-main-header-display":"","ast-hfb-above-header-display":"","ast-hfb-below-header-display":"","ast-hfb-mobile-header-display":"","site-post-title":"","ast-breadcrumbs-content":"","ast-featured-img":"","footer-sml-layout":"","theme-transparent-header-meta":"","adv-header-id-meta":"","stick-header-meta":"","header-above-stick-meta":"","header-main-stick-meta":"","header-below-stick-meta":"","astra-migrate-meta-layouts":"default","ast-page-background-enabled":"default","ast-page-background-meta":{"desktop":{"background-color":"var(--ast-global-color-4)","background-image":"","background-repeat":"repeat","background-position":"center center","background-size":"auto","background-attachment":"scroll","background-type":"","background-media":"","overlay-type":"","overlay-color":"","overlay-opacity":"","overlay-gradient":""},"tablet":{"background-color":"","background-image":"","background-repeat":"repeat","background-position":"center center","background-size":"auto","background-attachment":"scroll","background-type":"","background-media":"","overlay-type":"","overlay-color":"","overlay-opacity":"","overlay-gradient":""},"mobile":{"background-color":"","background-image":"","background-repeat":"repeat","background-position":"center center","background-size":"auto","background-attachment":"scroll","background-type":"","background-media":"","overlay-type":"","overlay-color":"","overlay-opacity":"","overlay-gradient":""}},"ast-content-background-meta":{"desktop":{"background-color":"var(--ast-global-color-5)","background-image":"","background-repeat":"repeat","background-position":"center center","background-size":"auto","background-attachment":"scroll","background-type":"","background-media":"","overlay-type":"","overlay-color":"","overlay-opacity":"","overlay-gradient":""},"tablet":{"background-color":"var(--ast-global-color-5)","background-image":"","background-repeat":"repeat","background-position":"center center","background-size":"auto","background-attachment":"scroll","background-type":"","background-media":"","overlay-type":"","overlay-color":"","overlay-opacity":"","overlay-gradient":""},"mobile":{"background-color":"var(--ast-global-color-5)","background-image":"","background-repeat":"repeat","background-position":"center center","background-size":"auto","background-attachment":"scroll","background-type":"","background-media":"","overlay-type":"","overlay-color":"","overlay-opacity":"","overlay-gradient":""}},"footnotes":""},"categories":[9],"tags":[],"class_list":["post-7853","post","type-post","status-publish","format-standard","hentry","category-promocio-2011-6e"],"post_mailing_queue_ids":[],"_links":{"self":[{"href":"https:\/\/agora.xtec.cat\/ceipflama\/wp-json\/wp\/v2\/posts\/7853","targetHints":{"allow":["GET"]}}],"collection":[{"href":"https:\/\/agora.xtec.cat\/ceipflama\/wp-json\/wp\/v2\/posts"}],"about":[{"href":"https:\/\/agora.xtec.cat\/ceipflama\/wp-json\/wp\/v2\/types\/post"}],"author":[{"embeddable":true,"href":"https:\/\/agora.xtec.cat\/ceipflama\/wp-json\/wp\/v2\/users\/2"}],"replies":[{"embeddable":true,"href":"https:\/\/agora.xtec.cat\/ceipflama\/wp-json\/wp\/v2\/comments?post=7853"}],"version-history":[{"count":1,"href":"https:\/\/agora.xtec.cat\/ceipflama\/wp-json\/wp\/v2\/posts\/7853\/revisions"}],"predecessor-version":[{"id":7855,"href":"https:\/\/agora.xtec.cat\/ceipflama\/wp-json\/wp\/v2\/posts\/7853\/revisions\/7855"}],"wp:attachment":[{"href":"https:\/\/agora.xtec.cat\/ceipflama\/wp-json\/wp\/v2\/media?parent=7853"}],"wp:term":[{"taxonomy":"category","embeddable":true,"href":"https:\/\/agora.xtec.cat\/ceipflama\/wp-json\/wp\/v2\/categories?post=7853"},{"taxonomy":"post_tag","embeddable":true,"href":"https:\/\/agora.xtec.cat\/ceipflama\/wp-json\/wp\/v2\/tags?post=7853"}],"curies":[{"name":"wp","href":"https:\/\/api.w.org\/{rel}","templated":true}]}}