{"id":7162,"date":"2018-11-30T10:21:33","date_gmt":"2018-11-30T09:21:33","guid":{"rendered":"http:\/\/agora.xtec.cat\/ceipflama\/?p=7162"},"modified":"2018-11-30T10:22:35","modified_gmt":"2018-11-30T09:22:35","slug":"eleccions-consell-comarcal","status":"publish","type":"post","link":"https:\/\/agora.xtec.cat\/ceipflama\/portada\/eleccions-consell-comarcal\/","title":{"rendered":"ELECCIONS CONSELL COMARCAL"},"content":{"rendered":"<p style=\"text-align: justify;\"><a href=\"https:\/\/agora.xtec.cat\/ceipflama\/wp-content\/uploads\/usu1313\/2018\/11\/Consell-Escolar.jpg\"><img loading=\"lazy\" decoding=\"async\" class=\"alignnone wp-image-7163\" src=\"https:\/\/agora.xtec.cat\/ceipflama\/wp-content\/uploads\/usu1313\/2018\/11\/Consell-Escolar.jpg\" alt=\"\" width=\"201\" height=\"198\" srcset=\"https:\/\/agora.xtec.cat\/ceipflama\/wp-content\/uploads\/usu1313\/2018\/11\/Consell-Escolar.jpg 402w, https:\/\/agora.xtec.cat\/ceipflama\/wp-content\/uploads\/usu1313\/2018\/11\/Consell-Escolar-300x295.jpg 300w\" sizes=\"auto, (max-width: 201px) 100vw, 201px\" \/><\/a><\/p>\n<p style=\"text-align: justify;\">Despr\u00e9s de les votacions celebrades ahir, per renovar els membres que formen part del consell escolar del sector pares, us comuniquem que els pares que entren a formar part del consell escolar 2018-2022 s\u00f3n:<\/p>\n<ul>\n<li>FERRAN SOLDEVILA GRAU<\/li>\n<li>SANDRA COMELLAS CARMEN<\/li>\n<li>RAQUEL BLANCO MONTES<\/li>\n<li>QUERALT FERN\u00c1NDEZ HERN\u00c1NDEZ<\/li>\n<\/ul>\n<p style=\"text-align: justify;\">El nostre agra\u00efment als pares i mares que heu col.laborat en aquest proc\u00e9s, tant presentant la vostra candidatura com venint a l&#8217;escola a exercir el vostre dret a vot.<\/p>\n<p style=\"text-align: justify;\">El consell escolar \u00e9s l&#8217;\u00f2rgan de participaci\u00f3 de la comunitat educativa en la gesti\u00f3 dels centres.<\/p>\n","protected":false},"excerpt":{"rendered":"<p>Despr\u00e9s de les votacions celebrades ahir, per renovar els membres que formen part del consell escolar del sector pares, us comuniquem que els pares que entren a formar part del consell escolar 2018-2022 s\u00f3n: FERRAN SOLDEVILA GRAU SANDRA COMELLAS CARMEN RAQUEL BLANCO MONTES QUERALT FERN\u00c1NDEZ HERN\u00c1NDEZ El nostre agra\u00efment als pares i mares que heu [&hellip;]<\/p>\n","protected":false},"author":1,"featured_media":0,"comment_status":"open","ping_status":"closed","sticky":false,"template":"","format":"standard","meta":{"_bbp_topic_count":0,"_bbp_reply_count":0,"_bbp_total_topic_count":0,"_bbp_total_reply_count":0,"_bbp_voice_count":0,"_bbp_anonymous_reply_count":0,"_bbp_topic_count_hidden":0,"_bbp_reply_count_hidden":0,"_bbp_forum_subforum_count":0,"site-sidebar-layout":"default","site-content-layout":"","ast-site-content-layout":"","site-content-style":"default","site-sidebar-style":"default","ast-global-header-display":"","ast-banner-title-visibility":"","ast-main-header-display":"","ast-hfb-above-header-display":"","ast-hfb-below-header-display":"","ast-hfb-mobile-header-display":"","site-post-title":"","ast-breadcrumbs-content":"","ast-featured-img":"","footer-sml-layout":"","theme-transparent-header-meta":"","adv-header-id-meta":"","stick-header-meta":"","header-above-stick-meta":"","header-main-stick-meta":"","header-below-stick-meta":"","astra-migrate-meta-layouts":"default","ast-page-background-enabled":"default","ast-page-background-meta":{"desktop":{"background-color":"var(--ast-global-color-4)","background-image":"","background-repeat":"repeat","background-position":"center center","background-size":"auto","background-attachment":"scroll","background-type":"","background-media":"","overlay-type":"","overlay-color":"","overlay-opacity":"","overlay-gradient":""},"tablet":{"background-color":"","background-image":"","background-repeat":"repeat","background-position":"center center","background-size":"auto","background-attachment":"scroll","background-type":"","background-media":"","overlay-type":"","overlay-color":"","overlay-opacity":"","overlay-gradient":""},"mobile":{"background-color":"","background-image":"","background-repeat":"repeat","background-position":"center center","background-size":"auto","background-attachment":"scroll","background-type":"","background-media":"","overlay-type":"","overlay-color":"","overlay-opacity":"","overlay-gradient":""}},"ast-content-background-meta":{"desktop":{"background-color":"var(--ast-global-color-5)","background-image":"","background-repeat":"repeat","background-position":"center center","background-size":"auto","background-attachment":"scroll","background-type":"","background-media":"","overlay-type":"","overlay-color":"","overlay-opacity":"","overlay-gradient":""},"tablet":{"background-color":"var(--ast-global-color-5)","background-image":"","background-repeat":"repeat","background-position":"center center","background-size":"auto","background-attachment":"scroll","background-type":"","background-media":"","overlay-type":"","overlay-color":"","overlay-opacity":"","overlay-gradient":""},"mobile":{"background-color":"var(--ast-global-color-5)","background-image":"","background-repeat":"repeat","background-position":"center center","background-size":"auto","background-attachment":"scroll","background-type":"","background-media":"","overlay-type":"","overlay-color":"","overlay-opacity":"","overlay-gradient":""}},"footnotes":""},"categories":[4],"tags":[],"class_list":["post-7162","post","type-post","status-publish","format-standard","hentry","category-portada"],"post_mailing_queue_ids":[],"_links":{"self":[{"href":"https:\/\/agora.xtec.cat\/ceipflama\/wp-json\/wp\/v2\/posts\/7162","targetHints":{"allow":["GET"]}}],"collection":[{"href":"https:\/\/agora.xtec.cat\/ceipflama\/wp-json\/wp\/v2\/posts"}],"about":[{"href":"https:\/\/agora.xtec.cat\/ceipflama\/wp-json\/wp\/v2\/types\/post"}],"author":[{"embeddable":true,"href":"https:\/\/agora.xtec.cat\/ceipflama\/wp-json\/wp\/v2\/users\/1"}],"replies":[{"embeddable":true,"href":"https:\/\/agora.xtec.cat\/ceipflama\/wp-json\/wp\/v2\/comments?post=7162"}],"version-history":[{"count":2,"href":"https:\/\/agora.xtec.cat\/ceipflama\/wp-json\/wp\/v2\/posts\/7162\/revisions"}],"predecessor-version":[{"id":7165,"href":"https:\/\/agora.xtec.cat\/ceipflama\/wp-json\/wp\/v2\/posts\/7162\/revisions\/7165"}],"wp:attachment":[{"href":"https:\/\/agora.xtec.cat\/ceipflama\/wp-json\/wp\/v2\/media?parent=7162"}],"wp:term":[{"taxonomy":"category","embeddable":true,"href":"https:\/\/agora.xtec.cat\/ceipflama\/wp-json\/wp\/v2\/categories?post=7162"},{"taxonomy":"post_tag","embeddable":true,"href":"https:\/\/agora.xtec.cat\/ceipflama\/wp-json\/wp\/v2\/tags?post=7162"}],"curies":[{"name":"wp","href":"https:\/\/api.w.org\/{rel}","templated":true}]}}