{"id":7027,"date":"2018-11-21T16:43:25","date_gmt":"2018-11-21T15:43:25","guid":{"rendered":"http:\/\/agora.xtec.cat\/ceipflama\/?p=7027"},"modified":"2018-11-21T16:44:03","modified_gmt":"2018-11-21T15:44:03","slug":"lectura-de-contes-als-mes-petits","status":"publish","type":"post","link":"https:\/\/agora.xtec.cat\/ceipflama\/promocio-2013\/lectura-de-contes-als-mes-petits\/","title":{"rendered":"Lectura de contes als m\u00e9s petits"},"content":{"rendered":"<p>&nbsp;<\/p>\n<p>Les aules del cicle superior, durant les darreres sessions d&#8217;expressi\u00f3 escrita, hem estat treballant la narraci\u00f3 fant\u00e0stica.<\/p>\n<p>Un cop hem acabat els textos, hem preparat un petit Power-point per acompanyar cada hist\u00f2ria.<\/p>\n<p>Dijous passat vam anar a explicar-ho als nostres companys i companyes de P5, 1r i 2n.<\/p>\n<p>Van estar molt i molt contents, i nosaltres encara m\u00e9s de veure tot l&#8217;inter\u00e8s i atenci\u00f3 que hi van posar.<\/p>\n<p>Quin goig!!!\u00a0 Aqu\u00ed us deixem un recull de fotos fam\u00edlies, aix\u00ed ens podeu veure!!!<\/p>\n<p>&nbsp;<\/p>\n<p><a href=\"https:\/\/photos.app.goo.gl\/VHaE3AoFTGKi5RscA\"><img loading=\"lazy\" decoding=\"async\" class=\"alignnone size-large\" src=\"https:\/\/lh3.googleusercontent.com\/Ck0i65ZnlzgR1uieUVtoJHSPbysViW3-1wDFoLDCIiyNItNZgW381ihf-9ygw5fbkrBQEGtoPZvlmZya7Uy342o9Qu8bi0OIKWh5LvA7fhdMTgIzXSGzuUUDE9HFyc-23PVqRCBR8BxFPLeune4e6yX_cHRfbGl3auiP8XqMA9lj_F9xsTH9nCP3yI_uvSTZdUQO9AOiOntPIVRU34ghNaz0b_5NaBo1WfRzENSalzOIueCgzAGSCB8qZOC2LK3D1HIdPY8qTST7jsqXlY1JZNq6sL5HPzTAmeusB8P1Ts_FLnU_NgnhEYTbAUhc7SgneTBElK3GgQeA5SSgBYLSr6V4X8s6N39WRb7Xo0IQFoSboHI4PSii1kEpBQ1FWpc8-rghNUzEuE6SOdLE_FeJMFrdyHGqMrYMk2MRvOrXxQ7prgb41-GhVgsDZx8DYV1dIFajezCJ7a6Qi3Ru1uCB7h29Jpmdu9r29OXuFisfi9Ekioi8mkRdT_uUDGUii4lRyLSTxn0TS5qgO8e0yACD7S2DRvJleCV884xftNlYvD4E6iSzDLAdzbzGMjPjFcf_WDVJIIhVc1rrHXXGXRBYGr2diNwSv5h7uuIcD4uQo7Qlr970LfLO5TS90SMBi7CJZZKZlpdEiaUTHseHtjTPGHQDDdSqy42v_U8-t_Uwk64l_gOHSJsAe5xUTE88GZxdrUI_lT-LPK1va80b_A=w619-h348-no\" width=\"619\" height=\"348\" \/><\/a><\/p>\n","protected":false},"excerpt":{"rendered":"<p>&nbsp; Les aules del cicle superior, durant les darreres sessions d&#8217;expressi\u00f3 escrita, hem estat treballant la narraci\u00f3 fant\u00e0stica. Un cop hem acabat els textos, hem preparat un petit Power-point per acompanyar cada hist\u00f2ria. Dijous passat vam anar a explicar-ho als nostres companys i companyes de P5, 1r i 2n. Van estar molt i molt contents, [&hellip;]<\/p>\n","protected":false},"author":1,"featured_media":0,"comment_status":"open","ping_status":"closed","sticky":false,"template":"","format":"standard","meta":{"_bbp_topic_count":0,"_bbp_reply_count":0,"_bbp_total_topic_count":0,"_bbp_total_reply_count":0,"_bbp_voice_count":0,"_bbp_anonymous_reply_count":0,"_bbp_topic_count_hidden":0,"_bbp_reply_count_hidden":0,"_bbp_forum_subforum_count":0,"site-sidebar-layout":"default","site-content-layout":"","ast-site-content-layout":"","site-content-style":"default","site-sidebar-style":"default","ast-global-header-display":"","ast-banner-title-visibility":"","ast-main-header-display":"","ast-hfb-above-header-display":"","ast-hfb-below-header-display":"","ast-hfb-mobile-header-display":"","site-post-title":"","ast-breadcrumbs-content":"","ast-featured-img":"","footer-sml-layout":"","theme-transparent-header-meta":"","adv-header-id-meta":"","stick-header-meta":"","header-above-stick-meta":"","header-main-stick-meta":"","header-below-stick-meta":"","astra-migrate-meta-layouts":"default","ast-page-background-enabled":"default","ast-page-background-meta":{"desktop":{"background-color":"var(--ast-global-color-4)","background-image":"","background-repeat":"repeat","background-position":"center center","background-size":"auto","background-attachment":"scroll","background-type":"","background-media":"","overlay-type":"","overlay-color":"","overlay-opacity":"","overlay-gradient":""},"tablet":{"background-color":"","background-image":"","background-repeat":"repeat","background-position":"center center","background-size":"auto","background-attachment":"scroll","background-type":"","background-media":"","overlay-type":"","overlay-color":"","overlay-opacity":"","overlay-gradient":""},"mobile":{"background-color":"","background-image":"","background-repeat":"repeat","background-position":"center center","background-size":"auto","background-attachment":"scroll","background-type":"","background-media":"","overlay-type":"","overlay-color":"","overlay-opacity":"","overlay-gradient":""}},"ast-content-background-meta":{"desktop":{"background-color":"var(--ast-global-color-5)","background-image":"","background-repeat":"repeat","background-position":"center center","background-size":"auto","background-attachment":"scroll","background-type":"","background-media":"","overlay-type":"","overlay-color":"","overlay-opacity":"","overlay-gradient":""},"tablet":{"background-color":"var(--ast-global-color-5)","background-image":"","background-repeat":"repeat","background-position":"center center","background-size":"auto","background-attachment":"scroll","background-type":"","background-media":"","overlay-type":"","overlay-color":"","overlay-opacity":"","overlay-gradient":""},"mobile":{"background-color":"var(--ast-global-color-5)","background-image":"","background-repeat":"repeat","background-position":"center center","background-size":"auto","background-attachment":"scroll","background-type":"","background-media":"","overlay-type":"","overlay-color":"","overlay-opacity":"","overlay-gradient":""}},"footnotes":""},"categories":[13,12,9,8,3],"tags":[],"class_list":["post-7027","post","type-post","status-publish","format-standard","hentry","category-6e","category-3r","category-promocio-2011-6e","category-promocio-2012-6e","category-promocio-2013"],"post_mailing_queue_ids":[],"_links":{"self":[{"href":"https:\/\/agora.xtec.cat\/ceipflama\/wp-json\/wp\/v2\/posts\/7027","targetHints":{"allow":["GET"]}}],"collection":[{"href":"https:\/\/agora.xtec.cat\/ceipflama\/wp-json\/wp\/v2\/posts"}],"about":[{"href":"https:\/\/agora.xtec.cat\/ceipflama\/wp-json\/wp\/v2\/types\/post"}],"author":[{"embeddable":true,"href":"https:\/\/agora.xtec.cat\/ceipflama\/wp-json\/wp\/v2\/users\/1"}],"replies":[{"embeddable":true,"href":"https:\/\/agora.xtec.cat\/ceipflama\/wp-json\/wp\/v2\/comments?post=7027"}],"version-history":[{"count":1,"href":"https:\/\/agora.xtec.cat\/ceipflama\/wp-json\/wp\/v2\/posts\/7027\/revisions"}],"predecessor-version":[{"id":7029,"href":"https:\/\/agora.xtec.cat\/ceipflama\/wp-json\/wp\/v2\/posts\/7027\/revisions\/7029"}],"wp:attachment":[{"href":"https:\/\/agora.xtec.cat\/ceipflama\/wp-json\/wp\/v2\/media?parent=7027"}],"wp:term":[{"taxonomy":"category","embeddable":true,"href":"https:\/\/agora.xtec.cat\/ceipflama\/wp-json\/wp\/v2\/categories?post=7027"},{"taxonomy":"post_tag","embeddable":true,"href":"https:\/\/agora.xtec.cat\/ceipflama\/wp-json\/wp\/v2\/tags?post=7027"}],"curies":[{"name":"wp","href":"https:\/\/api.w.org\/{rel}","templated":true}]}}