{"id":6884,"date":"2018-11-11T20:37:13","date_gmt":"2018-11-11T19:37:13","guid":{"rendered":"http:\/\/agora.xtec.cat\/ceipflama\/?p=6884"},"modified":"2018-11-11T20:40:12","modified_gmt":"2018-11-11T19:40:12","slug":"renovacio-consell-escola-presentacio-candidatures","status":"publish","type":"post","link":"https:\/\/agora.xtec.cat\/ceipflama\/portada\/renovacio-consell-escola-presentacio-candidatures\/","title":{"rendered":"RENOVACI\u00d3 CONSELL ESCOLAR. PRESENTACI\u00d3 CANDIDATURES"},"content":{"rendered":"<div style=\"text-align: justify;\"><span style=\"font-family: verdana, sans-serif;\">Durant aquesta setmana podeu presentar candidatura per formar part del consell escolar pel sector de pares i mares.Podeu trobar el document per presentar-la al MEN\u00da- RENOVACI\u00d3 CONSELL ESCOLAR.\u00a0<\/span><\/div>\n<div><span style=\"font-family: verdana, sans-serif;\">\u00a0<\/span><\/div>\n<div style=\"text-align: justify;\"><span style=\"font-family: verdana, sans-serif;\">Recordeu que aquest any ens pertoca renovar a 4 representants del sector pares i mares.\u00a0<\/span><\/div>\n<div><span style=\"font-family: verdana, sans-serif;\">\u00a0<\/span><\/div>\n<div style=\"text-align: justify;\"><span style=\"font-family: verdana, sans-serif;\">Al consell escolar li corresponen les seg\u00fcents funcions:\u00a0<\/span><\/div>\n<div><\/div>\n<div style=\"text-align: justify;\"><span style=\"color: #9900ff; font-family: verdana, sans-serif;\">1.Participar en l&#8217;aprovaci\u00f3 del projecte educatiu i les seves modificacions. El consell escolar ha de ser consultat pel director de manera preceptiva per valorar la proposta del projecte educatiu.<\/span><\/div>\n<div style=\"text-align: justify;\"><span style=\"color: #ff6600; font-family: verdana, sans-serif;\">2.Participar en l&#8217;aprovaci\u00f3 de la programaci\u00f3 general anual, de les normes de funcionament i de la gesti\u00f3 econ\u00f2mica del centre. El consell escolar ha de ser consultat de manera preceptiva per valorar cada una de les propostes.<\/span><\/div>\n<div style=\"text-align: justify;\"><span style=\"color: #9900ff; font-family: verdana, sans-serif;\">3.Avaluar l&#8217;aplicaci\u00f3 del projecte educatiu i de les seves modificacions aix\u00ed com de la resta de documents de gesti\u00f3 del centre.<\/span><\/div>\n<div style=\"text-align: justify;\"><span style=\"color: #ff6600; font-family: verdana, sans-serif;\">4.Intervenir en el procediment d&#8217;admissi\u00f3 d&#8217;alumnes.<\/span><\/div>\n<div style=\"text-align: justify;\"><span style=\"color: #9900ff; font-family: verdana, sans-serif;\">5.Participar en el procediment de selecci\u00f3 i en la proposta de cessament del director o directora.<\/span><\/div>\n<div style=\"text-align: justify;\"><span style=\"color: #ff6600; font-family: verdana, sans-serif;\">6.Intervenir en la resoluci\u00f3 dels conflictes i, si escau, revisar les sancions als alumnes.<\/span><\/div>\n<div style=\"text-align: justify;\"><span style=\"color: #9900ff; font-family: verdana, sans-serif;\">7.Aprovar les directrius per a la programaci\u00f3 d&#8217;activitats escolars complement\u00e0ries i d&#8217;activitats extraescolars, i avaluar-ne el desenvolupament.<\/span><\/div>\n<div style=\"text-align: justify;\"><span style=\"color: #ff6600; font-family: verdana, sans-serif;\">8.Participar en les an\u00e0lisis i les avaluacions del funcionament general del centre i con\u00e8ixer l&#8217;evoluci\u00f3 del rendiment escolar.<\/span><\/div>\n<div style=\"text-align: justify;\"><span style=\"color: #9900ff; font-family: verdana, sans-serif;\">9.Aprovar els criteris de col\u00b7laboraci\u00f3 amb altres centres i amb l&#8217;entorn.<\/span><\/div>\n<div style=\"text-align: justify;\"><span style=\"color: #ff6600;\"><span style=\"font-family: verdana, sans-serif;\">10.Qualsevol altre que li sigui atribu\u00efda per les normes legals o<\/span><span style=\"font-family: OpenSansRegular, Helvetica, Arial, sans-serif;\">\u00a0reglament\u00e0ries.<\/span><\/span><\/div>\n<div><\/div>\n<div><\/div>\n<div style=\"text-align: justify;\"><b>Els educadors dels centres i les fam\u00edlies compartim un objectiu: l&#8217;\u00e8xit social i personal dels nens\/es. Les decisions que es prenen al consell escolar s\u00f3n claus per al funcionament i la millora del centre i, per tant, tamb\u00e9 per a l&#8217;\u00e8xit educatiu de tots els alumnes.\u00a0<\/b><\/div>\n<div style=\"text-align: justify;\"><b>\u00c9s per aquest motiu que la participaci\u00f3 i implicaci\u00f3 dels pares en les eleccions i formant part del consell escolar \u00e9s tan important.<\/b><\/div>\n<div><b>\u00a0<\/b><\/div>\n<div><\/div>\n<div style=\"text-align: justify;\">Us animem a que presenteu la vostra candidatura i a que participeu el dia de les eleccions.<\/div>\n<div><\/div>\n","protected":false},"excerpt":{"rendered":"<p>Durant aquesta setmana podeu presentar candidatura per formar part del consell escolar pel sector de pares i mares.Podeu trobar el document per presentar-la al MEN\u00da- RENOVACI\u00d3 CONSELL ESCOLAR.\u00a0 \u00a0 Recordeu que aquest any ens pertoca renovar a 4 representants del sector pares i mares.\u00a0 \u00a0 Al consell escolar li corresponen les seg\u00fcents funcions:\u00a0 1.Participar en [&hellip;]<\/p>\n","protected":false},"author":1,"featured_media":0,"comment_status":"open","ping_status":"closed","sticky":false,"template":"","format":"standard","meta":{"_bbp_topic_count":0,"_bbp_reply_count":0,"_bbp_total_topic_count":0,"_bbp_total_reply_count":0,"_bbp_voice_count":0,"_bbp_anonymous_reply_count":0,"_bbp_topic_count_hidden":0,"_bbp_reply_count_hidden":0,"_bbp_forum_subforum_count":0,"site-sidebar-layout":"default","site-content-layout":"","ast-site-content-layout":"","site-content-style":"default","site-sidebar-style":"default","ast-global-header-display":"","ast-banner-title-visibility":"","ast-main-header-display":"","ast-hfb-above-header-display":"","ast-hfb-below-header-display":"","ast-hfb-mobile-header-display":"","site-post-title":"","ast-breadcrumbs-content":"","ast-featured-img":"","footer-sml-layout":"","theme-transparent-header-meta":"","adv-header-id-meta":"","stick-header-meta":"","header-above-stick-meta":"","header-main-stick-meta":"","header-below-stick-meta":"","astra-migrate-meta-layouts":"default","ast-page-background-enabled":"default","ast-page-background-meta":{"desktop":{"background-color":"var(--ast-global-color-4)","background-image":"","background-repeat":"repeat","background-position":"center center","background-size":"auto","background-attachment":"scroll","background-type":"","background-media":"","overlay-type":"","overlay-color":"","overlay-opacity":"","overlay-gradient":""},"tablet":{"background-color":"","background-image":"","background-repeat":"repeat","background-position":"center center","background-size":"auto","background-attachment":"scroll","background-type":"","background-media":"","overlay-type":"","overlay-color":"","overlay-opacity":"","overlay-gradient":""},"mobile":{"background-color":"","background-image":"","background-repeat":"repeat","background-position":"center center","background-size":"auto","background-attachment":"scroll","background-type":"","background-media":"","overlay-type":"","overlay-color":"","overlay-opacity":"","overlay-gradient":""}},"ast-content-background-meta":{"desktop":{"background-color":"var(--ast-global-color-5)","background-image":"","background-repeat":"repeat","background-position":"center center","background-size":"auto","background-attachment":"scroll","background-type":"","background-media":"","overlay-type":"","overlay-color":"","overlay-opacity":"","overlay-gradient":""},"tablet":{"background-color":"var(--ast-global-color-5)","background-image":"","background-repeat":"repeat","background-position":"center center","background-size":"auto","background-attachment":"scroll","background-type":"","background-media":"","overlay-type":"","overlay-color":"","overlay-opacity":"","overlay-gradient":""},"mobile":{"background-color":"var(--ast-global-color-5)","background-image":"","background-repeat":"repeat","background-position":"center center","background-size":"auto","background-attachment":"scroll","background-type":"","background-media":"","overlay-type":"","overlay-color":"","overlay-opacity":"","overlay-gradient":""}},"footnotes":""},"categories":[4],"tags":[],"class_list":["post-6884","post","type-post","status-publish","format-standard","hentry","category-portada"],"post_mailing_queue_ids":[],"_links":{"self":[{"href":"https:\/\/agora.xtec.cat\/ceipflama\/wp-json\/wp\/v2\/posts\/6884","targetHints":{"allow":["GET"]}}],"collection":[{"href":"https:\/\/agora.xtec.cat\/ceipflama\/wp-json\/wp\/v2\/posts"}],"about":[{"href":"https:\/\/agora.xtec.cat\/ceipflama\/wp-json\/wp\/v2\/types\/post"}],"author":[{"embeddable":true,"href":"https:\/\/agora.xtec.cat\/ceipflama\/wp-json\/wp\/v2\/users\/1"}],"replies":[{"embeddable":true,"href":"https:\/\/agora.xtec.cat\/ceipflama\/wp-json\/wp\/v2\/comments?post=6884"}],"version-history":[{"count":3,"href":"https:\/\/agora.xtec.cat\/ceipflama\/wp-json\/wp\/v2\/posts\/6884\/revisions"}],"predecessor-version":[{"id":6888,"href":"https:\/\/agora.xtec.cat\/ceipflama\/wp-json\/wp\/v2\/posts\/6884\/revisions\/6888"}],"wp:attachment":[{"href":"https:\/\/agora.xtec.cat\/ceipflama\/wp-json\/wp\/v2\/media?parent=6884"}],"wp:term":[{"taxonomy":"category","embeddable":true,"href":"https:\/\/agora.xtec.cat\/ceipflama\/wp-json\/wp\/v2\/categories?post=6884"},{"taxonomy":"post_tag","embeddable":true,"href":"https:\/\/agora.xtec.cat\/ceipflama\/wp-json\/wp\/v2\/tags?post=6884"}],"curies":[{"name":"wp","href":"https:\/\/api.w.org\/{rel}","templated":true}]}}