{"id":6835,"date":"2018-11-09T13:17:47","date_gmt":"2018-11-09T12:17:47","guid":{"rendered":"http:\/\/agora.xtec.cat\/ceipflama\/?p=6835"},"modified":"2018-11-11T20:42:30","modified_gmt":"2018-11-11T19:42:30","slug":"visita-de-lartista-anna-crespo","status":"publish","type":"post","link":"https:\/\/agora.xtec.cat\/ceipflama\/promocio-2013\/visita-de-lartista-anna-crespo\/","title":{"rendered":"VISITA DE L&#8217;ARTISTA ANNA CRESPO"},"content":{"rendered":"<p>Hola, fam\u00edlies!<\/p>\n<p>Sabeu qui ens ha vingut a visitar? L&#8217;artista Anna Crespo!<\/p>\n<p>Hem estat s\u00faper contents\/es! Fins i tot, per iniciativa dels nens\/es, li hem cantat una can\u00e7\u00f3 del circ.<\/p>\n<p>Li hem estat fent preguntes, com tamb\u00e9 li hem explicat coses que vol\u00edem compartir. Ens ha presentat una obra que ella va pintar, anomenada &#8220;Trapezi buit&#8221;. Com podeu veure, est\u00e0 relacionada amb el monogr\u00e0fic que estem treballant, i aix\u00f2 ens ha anat rod\u00f3 per aportar suggeriments sobre la decoraci\u00f3 de les portes de totes dues classes.<\/p>\n<p>Per tenir la feina una mica embastada, al mat\u00ed hem fet el fons de les portes, amb pintura i esponges. Tamb\u00e9 ens hem fet una fotografia de cada un\/a de nosaltres per poder-nos convertir en aut\u00e8ntics mags i trapezistes!<\/p>\n<p>De la conversa compartida amb l&#8217;Anna, hem decidit\u00a0dibuixar-nos el cos i la cara ha anat representada amb la fotografia que ens hav\u00edem fet al mat\u00ed.\u00a0Un cop hem pintat el cos, l&#8217;hem retallat i l&#8217;hem anat posant all\u00e0 on m\u00e9s ens ha agradat\u00a0 de la porta. O b\u00e9 dalt del trapezi, dintre d&#8217;un barret de mag,&#8230; Un munt de m\u00e0gia!<\/p>\n<p>Ja veureu que xulo que ens ha quedat i que b\u00e9 que ens ho hem passat. Gaudiu-ne tamb\u00e9 vosaltres!!<\/p>\n<p>Agrair a l&#8217;Anna haver compartit amb nosaltres una tarda tan especial, per la seva dedicaci\u00f3 i posar-nos-ho tan f\u00e0cil. Si voleu veure la rebuda i les fotos de la sessi\u00f3 nom\u00e9s cal que cliqueu les imatges!<\/p>\n<p>&nbsp;<\/p>\n<p><a href=\"https:\/\/photos.app.goo.gl\/eXgzLzToU3f756JK8\"><img loading=\"lazy\" decoding=\"async\" class=\" wp-image-6844\" src=\"https:\/\/agora.xtec.cat\/ceipflama\/wp-content\/uploads\/usu1313\/2018\/11\/IMG_20181108_151124-1024x768.jpg\" alt=\"\" width=\"374\" height=\"280\" srcset=\"https:\/\/agora.xtec.cat\/ceipflama\/wp-content\/uploads\/usu1313\/2018\/11\/IMG_20181108_151124-1024x768.jpg 1024w, https:\/\/agora.xtec.cat\/ceipflama\/wp-content\/uploads\/usu1313\/2018\/11\/IMG_20181108_151124-300x225.jpg 300w, https:\/\/agora.xtec.cat\/ceipflama\/wp-content\/uploads\/usu1313\/2018\/11\/IMG_20181108_151124-768x576.jpg 768w, https:\/\/agora.xtec.cat\/ceipflama\/wp-content\/uploads\/usu1313\/2018\/11\/IMG_20181108_151124-200x150.jpg 200w\" sizes=\"auto, (max-width: 374px) 100vw, 374px\" \/><\/a><\/p>\n<p><a href=\"https:\/\/photos.app.goo.gl\/VPTegMhb7sXB5ABP9\"><img loading=\"lazy\" decoding=\"async\" class=\"wp-image-6837 alignleft\" src=\"https:\/\/agora.xtec.cat\/ceipflama\/wp-content\/uploads\/usu1313\/2018\/11\/IMG-20181109-WA0004-1024x768.jpg\" alt=\"\" width=\"378\" height=\"284\" srcset=\"https:\/\/agora.xtec.cat\/ceipflama\/wp-content\/uploads\/usu1313\/2018\/11\/IMG-20181109-WA0004.jpg 1024w, https:\/\/agora.xtec.cat\/ceipflama\/wp-content\/uploads\/usu1313\/2018\/11\/IMG-20181109-WA0004-300x225.jpg 300w, https:\/\/agora.xtec.cat\/ceipflama\/wp-content\/uploads\/usu1313\/2018\/11\/IMG-20181109-WA0004-768x576.jpg 768w, https:\/\/agora.xtec.cat\/ceipflama\/wp-content\/uploads\/usu1313\/2018\/11\/IMG-20181109-WA0004-200x150.jpg 200w\" sizes=\"auto, (max-width: 378px) 100vw, 378px\" \/><\/a><\/p>\n","protected":false},"excerpt":{"rendered":"<p>Hola, fam\u00edlies! Sabeu qui ens ha vingut a visitar? L&#8217;artista Anna Crespo! Hem estat s\u00faper contents\/es! Fins i tot, per iniciativa dels nens\/es, li hem cantat una can\u00e7\u00f3 del circ. Li hem estat fent preguntes, com tamb\u00e9 li hem explicat coses que vol\u00edem compartir. Ens ha presentat una obra que ella va pintar, anomenada &#8220;Trapezi [&hellip;]<\/p>\n","protected":false},"author":1,"featured_media":0,"comment_status":"open","ping_status":"closed","sticky":false,"template":"","format":"standard","meta":{"_bbp_topic_count":0,"_bbp_reply_count":0,"_bbp_total_topic_count":0,"_bbp_total_reply_count":0,"_bbp_voice_count":0,"_bbp_anonymous_reply_count":0,"_bbp_topic_count_hidden":0,"_bbp_reply_count_hidden":0,"_bbp_forum_subforum_count":0,"site-sidebar-layout":"default","site-content-layout":"","ast-site-content-layout":"","site-content-style":"default","site-sidebar-style":"default","ast-global-header-display":"","ast-banner-title-visibility":"","ast-main-header-display":"","ast-hfb-above-header-display":"","ast-hfb-below-header-display":"","ast-hfb-mobile-header-display":"","site-post-title":"","ast-breadcrumbs-content":"","ast-featured-img":"","footer-sml-layout":"","theme-transparent-header-meta":"","adv-header-id-meta":"","stick-header-meta":"","header-above-stick-meta":"","header-main-stick-meta":"","header-below-stick-meta":"","astra-migrate-meta-layouts":"default","ast-page-background-enabled":"default","ast-page-background-meta":{"desktop":{"background-color":"var(--ast-global-color-4)","background-image":"","background-repeat":"repeat","background-position":"center center","background-size":"auto","background-attachment":"scroll","background-type":"","background-media":"","overlay-type":"","overlay-color":"","overlay-opacity":"","overlay-gradient":""},"tablet":{"background-color":"","background-image":"","background-repeat":"repeat","background-position":"center center","background-size":"auto","background-attachment":"scroll","background-type":"","background-media":"","overlay-type":"","overlay-color":"","overlay-opacity":"","overlay-gradient":""},"mobile":{"background-color":"","background-image":"","background-repeat":"repeat","background-position":"center center","background-size":"auto","background-attachment":"scroll","background-type":"","background-media":"","overlay-type":"","overlay-color":"","overlay-opacity":"","overlay-gradient":""}},"ast-content-background-meta":{"desktop":{"background-color":"var(--ast-global-color-5)","background-image":"","background-repeat":"repeat","background-position":"center center","background-size":"auto","background-attachment":"scroll","background-type":"","background-media":"","overlay-type":"","overlay-color":"","overlay-opacity":"","overlay-gradient":""},"tablet":{"background-color":"var(--ast-global-color-5)","background-image":"","background-repeat":"repeat","background-position":"center center","background-size":"auto","background-attachment":"scroll","background-type":"","background-media":"","overlay-type":"","overlay-color":"","overlay-opacity":"","overlay-gradient":""},"mobile":{"background-color":"var(--ast-global-color-5)","background-image":"","background-repeat":"repeat","background-position":"center center","background-size":"auto","background-attachment":"scroll","background-type":"","background-media":"","overlay-type":"","overlay-color":"","overlay-opacity":"","overlay-gradient":""}},"footnotes":""},"categories":[3],"tags":[],"class_list":["post-6835","post","type-post","status-publish","format-standard","hentry","category-promocio-2013"],"post_mailing_queue_ids":[],"_links":{"self":[{"href":"https:\/\/agora.xtec.cat\/ceipflama\/wp-json\/wp\/v2\/posts\/6835","targetHints":{"allow":["GET"]}}],"collection":[{"href":"https:\/\/agora.xtec.cat\/ceipflama\/wp-json\/wp\/v2\/posts"}],"about":[{"href":"https:\/\/agora.xtec.cat\/ceipflama\/wp-json\/wp\/v2\/types\/post"}],"author":[{"embeddable":true,"href":"https:\/\/agora.xtec.cat\/ceipflama\/wp-json\/wp\/v2\/users\/1"}],"replies":[{"embeddable":true,"href":"https:\/\/agora.xtec.cat\/ceipflama\/wp-json\/wp\/v2\/comments?post=6835"}],"version-history":[{"count":3,"href":"https:\/\/agora.xtec.cat\/ceipflama\/wp-json\/wp\/v2\/posts\/6835\/revisions"}],"predecessor-version":[{"id":6845,"href":"https:\/\/agora.xtec.cat\/ceipflama\/wp-json\/wp\/v2\/posts\/6835\/revisions\/6845"}],"wp:attachment":[{"href":"https:\/\/agora.xtec.cat\/ceipflama\/wp-json\/wp\/v2\/media?parent=6835"}],"wp:term":[{"taxonomy":"category","embeddable":true,"href":"https:\/\/agora.xtec.cat\/ceipflama\/wp-json\/wp\/v2\/categories?post=6835"},{"taxonomy":"post_tag","embeddable":true,"href":"https:\/\/agora.xtec.cat\/ceipflama\/wp-json\/wp\/v2\/tags?post=6835"}],"curies":[{"name":"wp","href":"https:\/\/api.w.org\/{rel}","templated":true}]}}