{"id":6324,"date":"2018-10-09T22:51:54","date_gmt":"2018-10-09T20:51:54","guid":{"rendered":"http:\/\/agora.xtec.cat\/ceipflama\/?p=6324"},"modified":"2018-10-10T08:53:34","modified_gmt":"2018-10-10T06:53:34","slug":"raco-descriptura","status":"publish","type":"post","link":"https:\/\/agora.xtec.cat\/ceipflama\/promocio-2013\/raco-descriptura\/","title":{"rendered":"ESPAI D&#8217;ESCRIPTURA"},"content":{"rendered":"<p>Benvolgudes fam\u00edlies,<\/p>\n<p>Ben aviat, ja far\u00e0 un mes que vam comen\u00e7ar l&#8217;escola! Mica en mica, anem vestint la classe i ens l&#8217;anem fent nostra. Aquesta setmana, a partir d&#8217;un conte de tardor, anomenat: &#8220;<strong>La fulla que volia volar<\/strong>&#8220;, hem creat l&#8217;espai d&#8217;escriptura. Un espai, on a partir d&#8217;activitats conegudes i properes per a nosaltres, ens iniciarem, de manera lliure, al fet d&#8217;escriure. Ser\u00e0 un raconet m\u00e9s de la classe, on sempre que ens vingui de gust, podrem accedir-hi i practicar l&#8217;escriptura.<\/p>\n<p>Aquesta setmana, la proposta que ens hem trobat en aquest espai ha vingut donada per aquest conte que us d\u00e8iem anteriorment: &#8220;<strong>La fulla que volia volar<\/strong>&#8220;. Vam dedicar una sessi\u00f3 a con\u00e8ixer el conte i a comprendre, entre tots\/es, quins personatges hi sortien i qu\u00e8 els hi passava. Despr\u00e9s, les mestres ens van donar unes l\u00e0mines desordenades del conte i, tots junts\/es, les vam ordenar. Aquestes l\u00e0mines han estat les que, despr\u00e8s, hem posat a l&#8217;espai d&#8217;escriptura, i els nens que hem volgut, hem pogut escriure coses sobre el conte: paraules, frases&#8230; i fer dibuixos sobre el mateix. Les mestres ja ens han avisat que aquest espai seria molt din\u00e0mic i que les activitats anirien canviant sovint!!! Quina ser\u00e0 la propera???<\/p>\n<p>Si cliqueu la foto de les fulles, podreu veure imatges d&#8217;aquest rac\u00f3 i tot el que vam escriure sobre el conte!!!<span style=\"font-family: inherit; font-size: 1em;\">\u00a0\u00a0<\/span><\/p>\n<p><a href=\"https:\/\/photos.app.goo.gl\/QcyPc1pq1RsG24ZM8\"><img loading=\"lazy\" decoding=\"async\" class=\"wp-image-6326 alignleft\" src=\"https:\/\/agora.xtec.cat\/ceipflama\/wp-content\/uploads\/usu1313\/2018\/10\/images.jpg\" alt=\"\" width=\"379\" height=\"252\" \/><\/a><\/p>\n<p>&nbsp;<\/p>\n<p>&nbsp;<\/p>\n<p>&nbsp;<\/p>\n<p>&nbsp;<\/p>\n<p>&nbsp;<\/p>\n<p>&nbsp;<\/p>\n<p>Aqu\u00ed, us deixem un enlla\u00e7 del conte per si, a casa, el voleu mirar amb nosaltres.<\/p>\n<div class=\"ast-oembed-container \" style=\"height: 100%;\"><iframe loading=\"lazy\" title=\"La fulla que volia volar\" src=\"https:\/\/www.slideshare.net\/slideshow\/embed_code\/key\/7rZuwhHWyOWHkw\" width=\"427\" height=\"356\" frameborder=\"0\" marginwidth=\"0\" marginheight=\"0\" scrolling=\"no\" style=\"border:1px solid #CCC; border-width:1px; margin-bottom:5px; max-width: 100%;\" allowfullscreen> <\/iframe><\/div>\n<p>&nbsp;<\/p>\n","protected":false},"excerpt":{"rendered":"<p>Benvolgudes fam\u00edlies, Ben aviat, ja far\u00e0 un mes que vam comen\u00e7ar l&#8217;escola! Mica en mica, anem vestint la classe i ens l&#8217;anem fent nostra. Aquesta setmana, a partir d&#8217;un conte de tardor, anomenat: &#8220;La fulla que volia volar&#8220;, hem creat l&#8217;espai d&#8217;escriptura. Un espai, on a partir d&#8217;activitats conegudes i properes per a nosaltres, ens [&hellip;]<\/p>\n","protected":false},"author":1,"featured_media":0,"comment_status":"open","ping_status":"closed","sticky":false,"template":"","format":"standard","meta":{"_bbp_topic_count":0,"_bbp_reply_count":0,"_bbp_total_topic_count":0,"_bbp_total_reply_count":0,"_bbp_voice_count":0,"_bbp_anonymous_reply_count":0,"_bbp_topic_count_hidden":0,"_bbp_reply_count_hidden":0,"_bbp_forum_subforum_count":0,"site-sidebar-layout":"default","site-content-layout":"","ast-site-content-layout":"","site-content-style":"default","site-sidebar-style":"default","ast-global-header-display":"","ast-banner-title-visibility":"","ast-main-header-display":"","ast-hfb-above-header-display":"","ast-hfb-below-header-display":"","ast-hfb-mobile-header-display":"","site-post-title":"","ast-breadcrumbs-content":"","ast-featured-img":"","footer-sml-layout":"","theme-transparent-header-meta":"","adv-header-id-meta":"","stick-header-meta":"","header-above-stick-meta":"","header-main-stick-meta":"","header-below-stick-meta":"","astra-migrate-meta-layouts":"default","ast-page-background-enabled":"default","ast-page-background-meta":{"desktop":{"background-color":"var(--ast-global-color-4)","background-image":"","background-repeat":"repeat","background-position":"center center","background-size":"auto","background-attachment":"scroll","background-type":"","background-media":"","overlay-type":"","overlay-color":"","overlay-opacity":"","overlay-gradient":""},"tablet":{"background-color":"","background-image":"","background-repeat":"repeat","background-position":"center center","background-size":"auto","background-attachment":"scroll","background-type":"","background-media":"","overlay-type":"","overlay-color":"","overlay-opacity":"","overlay-gradient":""},"mobile":{"background-color":"","background-image":"","background-repeat":"repeat","background-position":"center center","background-size":"auto","background-attachment":"scroll","background-type":"","background-media":"","overlay-type":"","overlay-color":"","overlay-opacity":"","overlay-gradient":""}},"ast-content-background-meta":{"desktop":{"background-color":"var(--ast-global-color-5)","background-image":"","background-repeat":"repeat","background-position":"center center","background-size":"auto","background-attachment":"scroll","background-type":"","background-media":"","overlay-type":"","overlay-color":"","overlay-opacity":"","overlay-gradient":""},"tablet":{"background-color":"var(--ast-global-color-5)","background-image":"","background-repeat":"repeat","background-position":"center center","background-size":"auto","background-attachment":"scroll","background-type":"","background-media":"","overlay-type":"","overlay-color":"","overlay-opacity":"","overlay-gradient":""},"mobile":{"background-color":"var(--ast-global-color-5)","background-image":"","background-repeat":"repeat","background-position":"center center","background-size":"auto","background-attachment":"scroll","background-type":"","background-media":"","overlay-type":"","overlay-color":"","overlay-opacity":"","overlay-gradient":""}},"footnotes":""},"categories":[3],"tags":[],"class_list":["post-6324","post","type-post","status-publish","format-standard","hentry","category-promocio-2013"],"post_mailing_queue_ids":[],"_links":{"self":[{"href":"https:\/\/agora.xtec.cat\/ceipflama\/wp-json\/wp\/v2\/posts\/6324","targetHints":{"allow":["GET"]}}],"collection":[{"href":"https:\/\/agora.xtec.cat\/ceipflama\/wp-json\/wp\/v2\/posts"}],"about":[{"href":"https:\/\/agora.xtec.cat\/ceipflama\/wp-json\/wp\/v2\/types\/post"}],"author":[{"embeddable":true,"href":"https:\/\/agora.xtec.cat\/ceipflama\/wp-json\/wp\/v2\/users\/1"}],"replies":[{"embeddable":true,"href":"https:\/\/agora.xtec.cat\/ceipflama\/wp-json\/wp\/v2\/comments?post=6324"}],"version-history":[{"count":3,"href":"https:\/\/agora.xtec.cat\/ceipflama\/wp-json\/wp\/v2\/posts\/6324\/revisions"}],"predecessor-version":[{"id":6334,"href":"https:\/\/agora.xtec.cat\/ceipflama\/wp-json\/wp\/v2\/posts\/6324\/revisions\/6334"}],"wp:attachment":[{"href":"https:\/\/agora.xtec.cat\/ceipflama\/wp-json\/wp\/v2\/media?parent=6324"}],"wp:term":[{"taxonomy":"category","embeddable":true,"href":"https:\/\/agora.xtec.cat\/ceipflama\/wp-json\/wp\/v2\/categories?post=6324"},{"taxonomy":"post_tag","embeddable":true,"href":"https:\/\/agora.xtec.cat\/ceipflama\/wp-json\/wp\/v2\/tags?post=6324"}],"curies":[{"name":"wp","href":"https:\/\/api.w.org\/{rel}","templated":true}]}}