{"id":5610,"date":"2018-04-18T18:48:57","date_gmt":"2018-04-18T16:48:57","guid":{"rendered":"http:\/\/agora.xtec.cat\/ceipflama\/?p=5610"},"modified":"2018-04-18T18:48:57","modified_gmt":"2018-04-18T16:48:57","slug":"poesia-2","status":"publish","type":"post","link":"https:\/\/agora.xtec.cat\/ceipflama\/promocio-2013\/poesia-2\/","title":{"rendered":"POESIA"},"content":{"rendered":"<p>Hola fam\u00edlies!<\/p>\n<p>Avui, mentre esmorz\u00e0vem, hem tingut una visita molt especial. Les nenes i nens de cicle mitj\u00e0 ens han ofert un petit recital de poesia. Ens han llegit poemes que havien elaborat ells mateixos! Ens han agradat molt! La seva mestra ens ha dit que quan siguem grans, segurament, nosaltres tamb\u00e9 explicarem o ensenyarem el qu\u00e8 sabem fer als m\u00e9s petits!<\/p>\n<p>Moltes gr\u00e0cies per haver vingut a visitar-nos!!!<\/p>\n<p><a href=\"http:\/\/agora.xtec.cat\/ceipflama\/wp-content\/uploads\/usu1313\/2018\/04\/DSC_2425-1.jpg\"><img loading=\"lazy\" decoding=\"async\" class=\"alignnone size-large wp-image-5611\" src=\"http:\/\/agora.xtec.cat\/ceipflama\/wp-content\/uploads\/usu1313\/2018\/04\/DSC_2425-1-1024x578.jpg\" alt=\"\" width=\"1024\" height=\"578\" srcset=\"https:\/\/agora.xtec.cat\/ceipflama\/wp-content\/uploads\/usu1313\/2018\/04\/DSC_2425-1-1024x578.jpg 1024w, https:\/\/agora.xtec.cat\/ceipflama\/wp-content\/uploads\/usu1313\/2018\/04\/DSC_2425-1-300x169.jpg 300w, https:\/\/agora.xtec.cat\/ceipflama\/wp-content\/uploads\/usu1313\/2018\/04\/DSC_2425-1-768x433.jpg 768w, https:\/\/agora.xtec.cat\/ceipflama\/wp-content\/uploads\/usu1313\/2018\/04\/DSC_2425-1.jpg 1600w\" sizes=\"auto, (max-width: 1024px) 100vw, 1024px\" \/><\/a> <a href=\"http:\/\/agora.xtec.cat\/ceipflama\/wp-content\/uploads\/usu1313\/2018\/04\/DSC_2426.jpg\"><img loading=\"lazy\" decoding=\"async\" class=\"alignnone size-large wp-image-5612\" src=\"http:\/\/agora.xtec.cat\/ceipflama\/wp-content\/uploads\/usu1313\/2018\/04\/DSC_2426-1024x578.jpg\" alt=\"\" width=\"1024\" height=\"578\" srcset=\"https:\/\/agora.xtec.cat\/ceipflama\/wp-content\/uploads\/usu1313\/2018\/04\/DSC_2426-1024x578.jpg 1024w, https:\/\/agora.xtec.cat\/ceipflama\/wp-content\/uploads\/usu1313\/2018\/04\/DSC_2426-300x169.jpg 300w, https:\/\/agora.xtec.cat\/ceipflama\/wp-content\/uploads\/usu1313\/2018\/04\/DSC_2426-768x433.jpg 768w, https:\/\/agora.xtec.cat\/ceipflama\/wp-content\/uploads\/usu1313\/2018\/04\/DSC_2426.jpg 1600w\" sizes=\"auto, (max-width: 1024px) 100vw, 1024px\" \/><\/a><\/p>\n","protected":false},"excerpt":{"rendered":"<p>Hola fam\u00edlies! Avui, mentre esmorz\u00e0vem, hem tingut una visita molt especial. Les nenes i nens de cicle mitj\u00e0 ens han ofert un petit recital de poesia. Ens han llegit poemes que havien elaborat ells mateixos! Ens han agradat molt! La seva mestra ens ha dit que quan siguem grans, segurament, nosaltres tamb\u00e9 explicarem o ensenyarem [&hellip;]<\/p>\n","protected":false},"author":1,"featured_media":0,"comment_status":"open","ping_status":"closed","sticky":false,"template":"","format":"standard","meta":{"_bbp_topic_count":0,"_bbp_reply_count":0,"_bbp_total_topic_count":0,"_bbp_total_reply_count":0,"_bbp_voice_count":0,"_bbp_anonymous_reply_count":0,"_bbp_topic_count_hidden":0,"_bbp_reply_count_hidden":0,"_bbp_forum_subforum_count":0,"site-sidebar-layout":"default","site-content-layout":"","ast-site-content-layout":"","site-content-style":"default","site-sidebar-style":"default","ast-global-header-display":"","ast-banner-title-visibility":"","ast-main-header-display":"","ast-hfb-above-header-display":"","ast-hfb-below-header-display":"","ast-hfb-mobile-header-display":"","site-post-title":"","ast-breadcrumbs-content":"","ast-featured-img":"","footer-sml-layout":"","theme-transparent-header-meta":"","adv-header-id-meta":"","stick-header-meta":"","header-above-stick-meta":"","header-main-stick-meta":"","header-below-stick-meta":"","astra-migrate-meta-layouts":"default","ast-page-background-enabled":"default","ast-page-background-meta":{"desktop":{"background-color":"var(--ast-global-color-4)","background-image":"","background-repeat":"repeat","background-position":"center center","background-size":"auto","background-attachment":"scroll","background-type":"","background-media":"","overlay-type":"","overlay-color":"","overlay-opacity":"","overlay-gradient":""},"tablet":{"background-color":"","background-image":"","background-repeat":"repeat","background-position":"center center","background-size":"auto","background-attachment":"scroll","background-type":"","background-media":"","overlay-type":"","overlay-color":"","overlay-opacity":"","overlay-gradient":""},"mobile":{"background-color":"","background-image":"","background-repeat":"repeat","background-position":"center center","background-size":"auto","background-attachment":"scroll","background-type":"","background-media":"","overlay-type":"","overlay-color":"","overlay-opacity":"","overlay-gradient":""}},"ast-content-background-meta":{"desktop":{"background-color":"var(--ast-global-color-5)","background-image":"","background-repeat":"repeat","background-position":"center center","background-size":"auto","background-attachment":"scroll","background-type":"","background-media":"","overlay-type":"","overlay-color":"","overlay-opacity":"","overlay-gradient":""},"tablet":{"background-color":"var(--ast-global-color-5)","background-image":"","background-repeat":"repeat","background-position":"center center","background-size":"auto","background-attachment":"scroll","background-type":"","background-media":"","overlay-type":"","overlay-color":"","overlay-opacity":"","overlay-gradient":""},"mobile":{"background-color":"var(--ast-global-color-5)","background-image":"","background-repeat":"repeat","background-position":"center center","background-size":"auto","background-attachment":"scroll","background-type":"","background-media":"","overlay-type":"","overlay-color":"","overlay-opacity":"","overlay-gradient":""}},"footnotes":""},"categories":[3],"tags":[],"class_list":["post-5610","post","type-post","status-publish","format-standard","hentry","category-promocio-2013"],"post_mailing_queue_ids":[],"_links":{"self":[{"href":"https:\/\/agora.xtec.cat\/ceipflama\/wp-json\/wp\/v2\/posts\/5610","targetHints":{"allow":["GET"]}}],"collection":[{"href":"https:\/\/agora.xtec.cat\/ceipflama\/wp-json\/wp\/v2\/posts"}],"about":[{"href":"https:\/\/agora.xtec.cat\/ceipflama\/wp-json\/wp\/v2\/types\/post"}],"author":[{"embeddable":true,"href":"https:\/\/agora.xtec.cat\/ceipflama\/wp-json\/wp\/v2\/users\/1"}],"replies":[{"embeddable":true,"href":"https:\/\/agora.xtec.cat\/ceipflama\/wp-json\/wp\/v2\/comments?post=5610"}],"version-history":[{"count":1,"href":"https:\/\/agora.xtec.cat\/ceipflama\/wp-json\/wp\/v2\/posts\/5610\/revisions"}],"predecessor-version":[{"id":5613,"href":"https:\/\/agora.xtec.cat\/ceipflama\/wp-json\/wp\/v2\/posts\/5610\/revisions\/5613"}],"wp:attachment":[{"href":"https:\/\/agora.xtec.cat\/ceipflama\/wp-json\/wp\/v2\/media?parent=5610"}],"wp:term":[{"taxonomy":"category","embeddable":true,"href":"https:\/\/agora.xtec.cat\/ceipflama\/wp-json\/wp\/v2\/categories?post=5610"},{"taxonomy":"post_tag","embeddable":true,"href":"https:\/\/agora.xtec.cat\/ceipflama\/wp-json\/wp\/v2\/tags?post=5610"}],"curies":[{"name":"wp","href":"https:\/\/api.w.org\/{rel}","templated":true}]}}