{"id":5503,"date":"2018-04-09T21:05:11","date_gmt":"2018-04-09T19:05:11","guid":{"rendered":"http:\/\/agora.xtec.cat\/ceipflama\/?p=5503"},"modified":"2018-04-09T21:05:11","modified_gmt":"2018-04-09T19:05:11","slug":"us-obrim-la-porta-del-nostre-cor","status":"publish","type":"post","link":"https:\/\/agora.xtec.cat\/ceipflama\/general\/us-obrim-la-porta-del-nostre-cor\/","title":{"rendered":"US OBRIM LA PORTA DEL NOSTRE COR&#8230;"},"content":{"rendered":"<p style=\"text-align: justify;\">Aquesta tarda la Fiona ens ha portat un conte molt especial : &#8220;Aix\u00ed \u00e9s el meu cor&#8221;. &#8220;El meu cor \u00e9s com una caseta. A dins hi passen moltes coses&#8230;i estan totes barrejades! Hi ha rialles sorolloses i dies de pluja, disgustos grans i ganes de saltar a peu coix. Avui obrir\u00e9 la porta del meu cor i et convidar\u00e9 a passar&#8221;. Despr\u00e9s d&#8217;explicar el conte, &#8220;hem obert&#8221; el nostre cor i hem parlat de les coses que ens fan sentir b\u00e9 i les que no ens fan sentir tant b\u00e9, ens hem imaginat els colors que pot tenir el nostre cor quan est\u00e0 nervi\u00f3s, quan est\u00e0 relaxat, quan est\u00e0 content, quan t\u00e9 por, quan est\u00e0 trist, &#8230; i, hem pintat el nostre cor! Esteu preparats per veure&#8217;ls?<\/p>\n<p style=\"text-align: justify;\">Cliqueu sobre els contes per veure els nostres cors&#8230;<\/p>\n<p style=\"text-align: justify;\">\u00a0<a href=\"https:\/\/photos.google.com\/u\/1\/album\/AF1QipPXgpQVYvhAnlVAbeu6XJczt9rjVXdm29pofqWa\"><img loading=\"lazy\" decoding=\"async\" class=\"\" src=\"https:\/\/images-na.ssl-images-amazon.com\/images\/I\/81%2B7SMbnS9L.jpg\" alt=\"Resultado de imagen de aixi \u00c3\u00a9s el meu cor\" width=\"168\" height=\"175\" \/><\/a>\u00a0 \u00a0 \u00a0 \u00a0 \u00a0 \u00a0 \u00a0 \u00a0\u00a0\u00a0<a href=\"https:\/\/photos.google.com\/u\/1\/share\/AF1QipP3FJDwWtBcMaBFDdIAXcbMDxqW3Y9-kOJPxlZSSQw-Flz-s9Vnq_PEOq_Qm-TtwA?key=VWFEU0tjZVZ3ODgwOFlaSjJabWVvLUxJa0xKcll3\"><img loading=\"lazy\" decoding=\"async\" class=\"\" src=\"https:\/\/images-na.ssl-images-amazon.com\/images\/I\/81%2B7SMbnS9L.jpg\" alt=\"Resultado de imagen de aixi \u00c3\u00a9s el meu cor\" width=\"164\" height=\"171\" \/><\/a><\/p>\n","protected":false},"excerpt":{"rendered":"<p>Aquesta tarda la Fiona ens ha portat un conte molt especial : &#8220;Aix\u00ed \u00e9s el meu cor&#8221;. &#8220;El meu cor \u00e9s com una caseta. A dins hi passen moltes coses&#8230;i estan totes barrejades! Hi ha rialles sorolloses i dies de pluja, disgustos grans i ganes de saltar a peu coix. Avui obrir\u00e9 la porta del [&hellip;]<\/p>\n","protected":false},"author":19,"featured_media":0,"comment_status":"open","ping_status":"closed","sticky":false,"template":"","format":"standard","meta":{"_bbp_topic_count":0,"_bbp_reply_count":0,"_bbp_total_topic_count":0,"_bbp_total_reply_count":0,"_bbp_voice_count":0,"_bbp_anonymous_reply_count":0,"_bbp_topic_count_hidden":0,"_bbp_reply_count_hidden":0,"_bbp_forum_subforum_count":0,"site-sidebar-layout":"default","site-content-layout":"","ast-site-content-layout":"","site-content-style":"default","site-sidebar-style":"default","ast-global-header-display":"","ast-banner-title-visibility":"","ast-main-header-display":"","ast-hfb-above-header-display":"","ast-hfb-below-header-display":"","ast-hfb-mobile-header-display":"","site-post-title":"","ast-breadcrumbs-content":"","ast-featured-img":"","footer-sml-layout":"","theme-transparent-header-meta":"","adv-header-id-meta":"","stick-header-meta":"","header-above-stick-meta":"","header-main-stick-meta":"","header-below-stick-meta":"","astra-migrate-meta-layouts":"default","ast-page-background-enabled":"default","ast-page-background-meta":{"desktop":{"background-color":"var(--ast-global-color-4)","background-image":"","background-repeat":"repeat","background-position":"center center","background-size":"auto","background-attachment":"scroll","background-type":"","background-media":"","overlay-type":"","overlay-color":"","overlay-opacity":"","overlay-gradient":""},"tablet":{"background-color":"","background-image":"","background-repeat":"repeat","background-position":"center center","background-size":"auto","background-attachment":"scroll","background-type":"","background-media":"","overlay-type":"","overlay-color":"","overlay-opacity":"","overlay-gradient":""},"mobile":{"background-color":"","background-image":"","background-repeat":"repeat","background-position":"center center","background-size":"auto","background-attachment":"scroll","background-type":"","background-media":"","overlay-type":"","overlay-color":"","overlay-opacity":"","overlay-gradient":""}},"ast-content-background-meta":{"desktop":{"background-color":"var(--ast-global-color-5)","background-image":"","background-repeat":"repeat","background-position":"center center","background-size":"auto","background-attachment":"scroll","background-type":"","background-media":"","overlay-type":"","overlay-color":"","overlay-opacity":"","overlay-gradient":""},"tablet":{"background-color":"var(--ast-global-color-5)","background-image":"","background-repeat":"repeat","background-position":"center center","background-size":"auto","background-attachment":"scroll","background-type":"","background-media":"","overlay-type":"","overlay-color":"","overlay-opacity":"","overlay-gradient":""},"mobile":{"background-color":"var(--ast-global-color-5)","background-image":"","background-repeat":"repeat","background-position":"center center","background-size":"auto","background-attachment":"scroll","background-type":"","background-media":"","overlay-type":"","overlay-color":"","overlay-opacity":"","overlay-gradient":""}},"footnotes":""},"categories":[1,3],"tags":[],"class_list":["post-5503","post","type-post","status-publish","format-standard","hentry","category-general","category-promocio-2013"],"post_mailing_queue_ids":[],"_links":{"self":[{"href":"https:\/\/agora.xtec.cat\/ceipflama\/wp-json\/wp\/v2\/posts\/5503","targetHints":{"allow":["GET"]}}],"collection":[{"href":"https:\/\/agora.xtec.cat\/ceipflama\/wp-json\/wp\/v2\/posts"}],"about":[{"href":"https:\/\/agora.xtec.cat\/ceipflama\/wp-json\/wp\/v2\/types\/post"}],"author":[{"embeddable":true,"href":"https:\/\/agora.xtec.cat\/ceipflama\/wp-json\/wp\/v2\/users\/19"}],"replies":[{"embeddable":true,"href":"https:\/\/agora.xtec.cat\/ceipflama\/wp-json\/wp\/v2\/comments?post=5503"}],"version-history":[{"count":1,"href":"https:\/\/agora.xtec.cat\/ceipflama\/wp-json\/wp\/v2\/posts\/5503\/revisions"}],"predecessor-version":[{"id":5504,"href":"https:\/\/agora.xtec.cat\/ceipflama\/wp-json\/wp\/v2\/posts\/5503\/revisions\/5504"}],"wp:attachment":[{"href":"https:\/\/agora.xtec.cat\/ceipflama\/wp-json\/wp\/v2\/media?parent=5503"}],"wp:term":[{"taxonomy":"category","embeddable":true,"href":"https:\/\/agora.xtec.cat\/ceipflama\/wp-json\/wp\/v2\/categories?post=5503"},{"taxonomy":"post_tag","embeddable":true,"href":"https:\/\/agora.xtec.cat\/ceipflama\/wp-json\/wp\/v2\/tags?post=5503"}],"curies":[{"name":"wp","href":"https:\/\/api.w.org\/{rel}","templated":true}]}}