{"id":4713,"date":"2018-02-19T18:53:18","date_gmt":"2018-02-19T17:53:18","guid":{"rendered":"http:\/\/agora.xtec.cat\/ceipflama\/?p=4713"},"modified":"2018-02-25T10:46:04","modified_gmt":"2018-02-25T09:46:04","slug":"representants-de-lescola-en-el-concurs-de-lectura-en-veu-alta","status":"publish","type":"post","link":"https:\/\/agora.xtec.cat\/ceipflama\/portada\/representants-de-lescola-en-el-concurs-de-lectura-en-veu-alta\/","title":{"rendered":"REPRESENTANTS DE L&#8217;ESCOLA EN EL CONCURS DE LECTURA EN VEU ALTA"},"content":{"rendered":"<p style=\"text-align: justify;\">Avui ha tingut lloc l&#8217;acte de comunicaci\u00f3 dels representants de l&#8217;escola en el Concurs de lectura en veu alta que tindr\u00e0 lloc el proper dimarts, 13 de mar\u00e7, a l&#8217;Auditori del Conservatori Municipal de M\u00fasica de Manresa.<\/p>\n<p style=\"text-align: justify;\">S&#8217;ha llegit un comunicat del jurat agraint la participaci\u00f3 a tots els alumnes i convidant a participar-hi en properes edicions. Despr\u00e9s de les deliberacions oportunes, el jurat ha decidit que els representants de l&#8217;escola \u00a0del nivell de 4t siguin\u00a0<em><strong>l&#8217;Aina Sanz Garc\u00eda<\/strong><\/em>\u00a0i la\u00a0<em><strong>N\u00faria Serracanta Ventura\u00a0<\/strong><\/em>\u00a0i del Cicle Superior el<em><strong>\u00a0Max Dabo L\u00f3pez<\/strong><\/em>\u00a0i la\u00a0<em><strong>Maria S\u00e1nchez Vallesp\u00ed.\u00a0<\/strong><\/em>Moltes felicitats!!!<\/p>\n<p><a href=\"http:\/\/agora.xtec.cat\/ceipflama\/wp-content\/uploads\/usu1313\/2018\/02\/veu-alta-2.jpg\"><img loading=\"lazy\" decoding=\"async\" class=\"alignnone wp-image-4712\" src=\"http:\/\/agora.xtec.cat\/ceipflama\/wp-content\/uploads\/usu1313\/2018\/02\/veu-alta-2.jpg\" alt=\"\" width=\"471\" height=\"628\" srcset=\"https:\/\/agora.xtec.cat\/ceipflama\/wp-content\/uploads\/usu1313\/2018\/02\/veu-alta-2.jpg 712w, https:\/\/agora.xtec.cat\/ceipflama\/wp-content\/uploads\/usu1313\/2018\/02\/veu-alta-2-225x300.jpg 225w\" sizes=\"auto, (max-width: 471px) 100vw, 471px\" \/><\/a><\/p>\n","protected":false},"excerpt":{"rendered":"<p>Avui ha tingut lloc l&#8217;acte de comunicaci\u00f3 dels representants de l&#8217;escola en el Concurs de lectura en veu alta que tindr\u00e0 lloc el proper dimarts, 13 de mar\u00e7, a l&#8217;Auditori del Conservatori Municipal de M\u00fasica de Manresa. S&#8217;ha llegit un comunicat del jurat agraint la participaci\u00f3 a tots els alumnes i convidant a participar-hi en [&hellip;]<\/p>\n","protected":false},"author":1,"featured_media":0,"comment_status":"open","ping_status":"closed","sticky":false,"template":"","format":"standard","meta":{"_bbp_topic_count":0,"_bbp_reply_count":0,"_bbp_total_topic_count":0,"_bbp_total_reply_count":0,"_bbp_voice_count":0,"_bbp_anonymous_reply_count":0,"_bbp_topic_count_hidden":0,"_bbp_reply_count_hidden":0,"_bbp_forum_subforum_count":0,"site-sidebar-layout":"default","site-content-layout":"","ast-site-content-layout":"","site-content-style":"default","site-sidebar-style":"default","ast-global-header-display":"","ast-banner-title-visibility":"","ast-main-header-display":"","ast-hfb-above-header-display":"","ast-hfb-below-header-display":"","ast-hfb-mobile-header-display":"","site-post-title":"","ast-breadcrumbs-content":"","ast-featured-img":"","footer-sml-layout":"","theme-transparent-header-meta":"","adv-header-id-meta":"","stick-header-meta":"","header-above-stick-meta":"","header-main-stick-meta":"","header-below-stick-meta":"","astra-migrate-meta-layouts":"default","ast-page-background-enabled":"default","ast-page-background-meta":{"desktop":{"background-color":"var(--ast-global-color-4)","background-image":"","background-repeat":"repeat","background-position":"center center","background-size":"auto","background-attachment":"scroll","background-type":"","background-media":"","overlay-type":"","overlay-color":"","overlay-opacity":"","overlay-gradient":""},"tablet":{"background-color":"","background-image":"","background-repeat":"repeat","background-position":"center center","background-size":"auto","background-attachment":"scroll","background-type":"","background-media":"","overlay-type":"","overlay-color":"","overlay-opacity":"","overlay-gradient":""},"mobile":{"background-color":"","background-image":"","background-repeat":"repeat","background-position":"center center","background-size":"auto","background-attachment":"scroll","background-type":"","background-media":"","overlay-type":"","overlay-color":"","overlay-opacity":"","overlay-gradient":""}},"ast-content-background-meta":{"desktop":{"background-color":"var(--ast-global-color-5)","background-image":"","background-repeat":"repeat","background-position":"center center","background-size":"auto","background-attachment":"scroll","background-type":"","background-media":"","overlay-type":"","overlay-color":"","overlay-opacity":"","overlay-gradient":""},"tablet":{"background-color":"var(--ast-global-color-5)","background-image":"","background-repeat":"repeat","background-position":"center center","background-size":"auto","background-attachment":"scroll","background-type":"","background-media":"","overlay-type":"","overlay-color":"","overlay-opacity":"","overlay-gradient":""},"mobile":{"background-color":"var(--ast-global-color-5)","background-image":"","background-repeat":"repeat","background-position":"center center","background-size":"auto","background-attachment":"scroll","background-type":"","background-media":"","overlay-type":"","overlay-color":"","overlay-opacity":"","overlay-gradient":""}},"footnotes":""},"categories":[4],"tags":[],"class_list":["post-4713","post","type-post","status-publish","format-standard","hentry","category-portada"],"post_mailing_queue_ids":[],"_links":{"self":[{"href":"https:\/\/agora.xtec.cat\/ceipflama\/wp-json\/wp\/v2\/posts\/4713","targetHints":{"allow":["GET"]}}],"collection":[{"href":"https:\/\/agora.xtec.cat\/ceipflama\/wp-json\/wp\/v2\/posts"}],"about":[{"href":"https:\/\/agora.xtec.cat\/ceipflama\/wp-json\/wp\/v2\/types\/post"}],"author":[{"embeddable":true,"href":"https:\/\/agora.xtec.cat\/ceipflama\/wp-json\/wp\/v2\/users\/1"}],"replies":[{"embeddable":true,"href":"https:\/\/agora.xtec.cat\/ceipflama\/wp-json\/wp\/v2\/comments?post=4713"}],"version-history":[{"count":2,"href":"https:\/\/agora.xtec.cat\/ceipflama\/wp-json\/wp\/v2\/posts\/4713\/revisions"}],"predecessor-version":[{"id":4745,"href":"https:\/\/agora.xtec.cat\/ceipflama\/wp-json\/wp\/v2\/posts\/4713\/revisions\/4745"}],"wp:attachment":[{"href":"https:\/\/agora.xtec.cat\/ceipflama\/wp-json\/wp\/v2\/media?parent=4713"}],"wp:term":[{"taxonomy":"category","embeddable":true,"href":"https:\/\/agora.xtec.cat\/ceipflama\/wp-json\/wp\/v2\/categories?post=4713"},{"taxonomy":"post_tag","embeddable":true,"href":"https:\/\/agora.xtec.cat\/ceipflama\/wp-json\/wp\/v2\/tags?post=4713"}],"curies":[{"name":"wp","href":"https:\/\/api.w.org\/{rel}","templated":true}]}}