{"id":4038,"date":"2017-11-17T07:28:06","date_gmt":"2017-11-17T06:28:06","guid":{"rendered":"http:\/\/agora.xtec.cat\/ceipflama\/?p=4038"},"modified":"2017-11-17T07:28:06","modified_gmt":"2017-11-17T06:28:06","slug":"hem-anat-al-palau","status":"publish","type":"post","link":"https:\/\/agora.xtec.cat\/ceipflama\/promocio-2009-6e-curs-2020-21\/hem-anat-al-palau\/","title":{"rendered":"Hem anat al Palau!!!"},"content":{"rendered":"<p>Aquest dimecres 17 de novembre hem anat al <strong>Palau de la M\u00fasica Catalana<\/strong> a gaudir al so de la cobla Sant Jordi ciutat de Barcelona en un concert espectacle molt especial. Ens han presentat la<strong> Cobla 2.0<\/strong>.<\/p>\n<p>Hem pogut veure i escoltar de ben a prop tots i cada un dels instruments de la cobla (ens els han presentat) i gaudir d&#8217; un repertori on no hi ha faltat: la m\u00fasica tradicional d&#8217; un concert de cobla (sardana, valset, pasdoble&#8230;) la m\u00fasica contempor\u00e0nia, m\u00fasica fusi\u00f3, jazz, minimalista, hip-hop i pop-rock.<\/p>\n<p>Ens ha agradat tant que els m\u00fasics han hagut de fer un &#8220;bis&#8221; de tant que hem aplaudit \ud83d\ude09<\/p>\n<p><img loading=\"lazy\" decoding=\"async\" class=\"\" src=\"https:\/\/lh3.googleusercontent.com\/kj0fP58cgBV1VAOYFjoFPIrHEbKApTty70HHOuP_nDBxudr5uaAmIqGJNDVlPbcb8Vw3RKiWNfrvg6h667qT5ljiH8VtSc7oSTv_fH8Umae0mxnpt23BqotEqvrAsRcFa4nuKjpkY9yujxgB__RwKX3gExa8PEgUrz_od9Ig7dq-uwzvxYrtVa2zPH0n1mnxeVYJF0MLuMCIvkWOCKhiAzPF_2Aj4xxhIfvtj_2DIDdG9SglBk8Qz9mGI0zd72HYB8YXPQnrHpAPopjTLuZORTYdn7UgsrXo8UjdLmQbT8YG43PN7M1SHb-8AAPiSZ4KtK_leR4PeP04YsnbwFd8dTRrYXHk1ZNRURjz0ZozE93gsNlRR3_P2pN_DVERXGq5fu4clOYLhv6aJgKQlxxEaGQTUJoGiDTBrvPjSaQurV6gxXRV4KqNzHDzPVpg2NmQW3W94FsL0sqT3_gpeh5PEl17tN577sZPUMpXh63_auL9kn-fS7iVG3fIg17facJv8o_JOlPMn1CKPNsv49ZJvx4RBygfQuAI7VDWa0nZEUfdqIcZe9m7uSscutt7_KDzf6NtH7Blvic9t89Vc9tPx7qeDpShr51Dy9Aj7m_9xg8=w860-h637-no\" width=\"278\" height=\"206\" \/><\/p>\n<p>&nbsp;<\/p>\n<p><a href=\"https:\/\/photos.app.goo.gl\/2YJQiKxowCawoXVu2\">https:\/\/photos.app.goo.gl\/2YJQiKxowCawoXVu2<\/a><\/p>\n<p>&nbsp;<\/p>\n<p>&nbsp;<\/p>\n<p>&nbsp;<\/p>\n","protected":false},"excerpt":{"rendered":"<p>Aquest dimecres 17 de novembre hem anat al Palau de la M\u00fasica Catalana a gaudir al so de la cobla Sant Jordi ciutat de Barcelona en un concert espectacle molt especial. Ens han presentat la Cobla 2.0. Hem pogut veure i escoltar de ben a prop tots i cada un dels instruments de la cobla [&hellip;]<\/p>\n","protected":false},"author":17,"featured_media":0,"comment_status":"open","ping_status":"closed","sticky":false,"template":"","format":"standard","meta":{"_bbp_topic_count":0,"_bbp_reply_count":0,"_bbp_total_topic_count":0,"_bbp_total_reply_count":0,"_bbp_voice_count":0,"_bbp_anonymous_reply_count":0,"_bbp_topic_count_hidden":0,"_bbp_reply_count_hidden":0,"_bbp_forum_subforum_count":0,"site-sidebar-layout":"default","site-content-layout":"","ast-site-content-layout":"","site-content-style":"default","site-sidebar-style":"default","ast-global-header-display":"","ast-banner-title-visibility":"","ast-main-header-display":"","ast-hfb-above-header-display":"","ast-hfb-below-header-display":"","ast-hfb-mobile-header-display":"","site-post-title":"","ast-breadcrumbs-content":"","ast-featured-img":"","footer-sml-layout":"","theme-transparent-header-meta":"","adv-header-id-meta":"","stick-header-meta":"","header-above-stick-meta":"","header-main-stick-meta":"","header-below-stick-meta":"","astra-migrate-meta-layouts":"default","ast-page-background-enabled":"default","ast-page-background-meta":{"desktop":{"background-color":"var(--ast-global-color-4)","background-image":"","background-repeat":"repeat","background-position":"center center","background-size":"auto","background-attachment":"scroll","background-type":"","background-media":"","overlay-type":"","overlay-color":"","overlay-opacity":"","overlay-gradient":""},"tablet":{"background-color":"","background-image":"","background-repeat":"repeat","background-position":"center center","background-size":"auto","background-attachment":"scroll","background-type":"","background-media":"","overlay-type":"","overlay-color":"","overlay-opacity":"","overlay-gradient":""},"mobile":{"background-color":"","background-image":"","background-repeat":"repeat","background-position":"center center","background-size":"auto","background-attachment":"scroll","background-type":"","background-media":"","overlay-type":"","overlay-color":"","overlay-opacity":"","overlay-gradient":""}},"ast-content-background-meta":{"desktop":{"background-color":"var(--ast-global-color-5)","background-image":"","background-repeat":"repeat","background-position":"center center","background-size":"auto","background-attachment":"scroll","background-type":"","background-media":"","overlay-type":"","overlay-color":"","overlay-opacity":"","overlay-gradient":""},"tablet":{"background-color":"var(--ast-global-color-5)","background-image":"","background-repeat":"repeat","background-position":"center center","background-size":"auto","background-attachment":"scroll","background-type":"","background-media":"","overlay-type":"","overlay-color":"","overlay-opacity":"","overlay-gradient":""},"mobile":{"background-color":"var(--ast-global-color-5)","background-image":"","background-repeat":"repeat","background-position":"center center","background-size":"auto","background-attachment":"scroll","background-type":"","background-media":"","overlay-type":"","overlay-color":"","overlay-opacity":"","overlay-gradient":""}},"footnotes":""},"categories":[11],"tags":[],"class_list":["post-4038","post","type-post","status-publish","format-standard","hentry","category-promocio-2009-6e-curs-2020-21"],"post_mailing_queue_ids":[],"_links":{"self":[{"href":"https:\/\/agora.xtec.cat\/ceipflama\/wp-json\/wp\/v2\/posts\/4038","targetHints":{"allow":["GET"]}}],"collection":[{"href":"https:\/\/agora.xtec.cat\/ceipflama\/wp-json\/wp\/v2\/posts"}],"about":[{"href":"https:\/\/agora.xtec.cat\/ceipflama\/wp-json\/wp\/v2\/types\/post"}],"author":[{"embeddable":true,"href":"https:\/\/agora.xtec.cat\/ceipflama\/wp-json\/wp\/v2\/users\/17"}],"replies":[{"embeddable":true,"href":"https:\/\/agora.xtec.cat\/ceipflama\/wp-json\/wp\/v2\/comments?post=4038"}],"version-history":[{"count":1,"href":"https:\/\/agora.xtec.cat\/ceipflama\/wp-json\/wp\/v2\/posts\/4038\/revisions"}],"predecessor-version":[{"id":4039,"href":"https:\/\/agora.xtec.cat\/ceipflama\/wp-json\/wp\/v2\/posts\/4038\/revisions\/4039"}],"wp:attachment":[{"href":"https:\/\/agora.xtec.cat\/ceipflama\/wp-json\/wp\/v2\/media?parent=4038"}],"wp:term":[{"taxonomy":"category","embeddable":true,"href":"https:\/\/agora.xtec.cat\/ceipflama\/wp-json\/wp\/v2\/categories?post=4038"},{"taxonomy":"post_tag","embeddable":true,"href":"https:\/\/agora.xtec.cat\/ceipflama\/wp-json\/wp\/v2\/tags?post=4038"}],"curies":[{"name":"wp","href":"https:\/\/api.w.org\/{rel}","templated":true}]}}