{"id":3502,"date":"2017-09-14T22:55:40","date_gmt":"2017-09-14T20:55:40","guid":{"rendered":"http:\/\/agora.xtec.cat\/ceipflama\/?p=3502"},"modified":"2017-09-14T22:55:40","modified_gmt":"2017-09-14T20:55:40","slug":"ja-tenim-els-noms-de-les-classes-de-3r","status":"publish","type":"post","link":"https:\/\/agora.xtec.cat\/ceipflama\/promocio-2009-6e-curs-2020-21\/ja-tenim-els-noms-de-les-classes-de-3r\/","title":{"rendered":"Ja tenim els noms de les classes de 3r"},"content":{"rendered":"<h2><em><span style=\"color: #008000;\"><strong>Els nens i nenes de les classes de 3r ja hem escollit els noms de les \u00a0<a style=\"color: #008000;\" href=\"http:\/\/&lt;iframe width=&quot;560&quot; height=&quot;315&quot; src=&quot;https:\/\/www.youtube.com\/embed\/TX0W4sxV0cY&quot; frameborder=&quot;0&quot; allowfullscreen&gt;&lt;\/iframe&gt;\">nostres<\/a> classes.<\/strong><\/span><\/em><\/h2>\n<p><strong><em><span style=\"color: #339966;\">A 3r B ens diem: &#8220;Si tingu\u00e9s la m\u00e0gia d&#8217;un mag&#8221;<\/span><\/em><\/strong><\/p>\n<p><strong><em><span style=\"color: #339966;\">A 3r A: &#8220;Mirall de pau&#8221;<\/span><\/em><\/strong><\/p>\n<p><strong><em><span style=\"color: #339966;\">Son els t\u00edtols d&#8217;aquestes can\u00e7ons que ens parlen de la pau.<\/span><\/em><\/strong><\/p>\n<p><strong><em><span style=\"color: #339966;\">Aqui us les mostrem per anar-les aprenent.<\/span><\/em><\/strong><\/p>\n<div class=\"ast-oembed-container \" style=\"height: 100%;\"><iframe loading=\"lazy\" title=\"la festa de la pau\" width=\"500\" height=\"375\" src=\"https:\/\/www.youtube.com\/embed\/vvT0zUxR8hI?feature=oembed\" frameborder=\"0\" allow=\"accelerometer; autoplay; clipboard-write; encrypted-media; gyroscope; picture-in-picture; web-share\" referrerpolicy=\"strict-origin-when-cross-origin\" allowfullscreen><\/iframe><\/div>\n<div class=\"ast-oembed-container \" style=\"height: 100%;\"><iframe loading=\"lazy\" title=\"Mirall de Pau (Amb Lletra) V\u00eddeo Oficial | D\u00d3NA LA NOTA (PeTaCa)\" width=\"500\" height=\"281\" src=\"https:\/\/www.youtube.com\/embed\/TX0W4sxV0cY?feature=oembed\" frameborder=\"0\" allow=\"accelerometer; autoplay; clipboard-write; encrypted-media; gyroscope; picture-in-picture; web-share\" referrerpolicy=\"strict-origin-when-cross-origin\" allowfullscreen><\/iframe><\/div>\n","protected":false},"excerpt":{"rendered":"<p>Els nens i nenes de les classes de 3r ja hem escollit els noms de les \u00a0nostres classes. A 3r B ens diem: &#8220;Si tingu\u00e9s la m\u00e0gia d&#8217;un mag&#8221; A 3r A: &#8220;Mirall de pau&#8221; Son els t\u00edtols d&#8217;aquestes can\u00e7ons que ens parlen de la pau. Aqui us les mostrem per anar-les aprenent.<\/p>\n","protected":false},"author":1,"featured_media":0,"comment_status":"open","ping_status":"closed","sticky":false,"template":"","format":"standard","meta":{"_bbp_topic_count":0,"_bbp_reply_count":0,"_bbp_total_topic_count":0,"_bbp_total_reply_count":0,"_bbp_voice_count":0,"_bbp_anonymous_reply_count":0,"_bbp_topic_count_hidden":0,"_bbp_reply_count_hidden":0,"_bbp_forum_subforum_count":0,"site-sidebar-layout":"default","site-content-layout":"","ast-site-content-layout":"","site-content-style":"default","site-sidebar-style":"default","ast-global-header-display":"","ast-banner-title-visibility":"","ast-main-header-display":"","ast-hfb-above-header-display":"","ast-hfb-below-header-display":"","ast-hfb-mobile-header-display":"","site-post-title":"","ast-breadcrumbs-content":"","ast-featured-img":"","footer-sml-layout":"","theme-transparent-header-meta":"","adv-header-id-meta":"","stick-header-meta":"","header-above-stick-meta":"","header-main-stick-meta":"","header-below-stick-meta":"","astra-migrate-meta-layouts":"default","ast-page-background-enabled":"default","ast-page-background-meta":{"desktop":{"background-color":"var(--ast-global-color-4)","background-image":"","background-repeat":"repeat","background-position":"center center","background-size":"auto","background-attachment":"scroll","background-type":"","background-media":"","overlay-type":"","overlay-color":"","overlay-opacity":"","overlay-gradient":""},"tablet":{"background-color":"","background-image":"","background-repeat":"repeat","background-position":"center center","background-size":"auto","background-attachment":"scroll","background-type":"","background-media":"","overlay-type":"","overlay-color":"","overlay-opacity":"","overlay-gradient":""},"mobile":{"background-color":"","background-image":"","background-repeat":"repeat","background-position":"center center","background-size":"auto","background-attachment":"scroll","background-type":"","background-media":"","overlay-type":"","overlay-color":"","overlay-opacity":"","overlay-gradient":""}},"ast-content-background-meta":{"desktop":{"background-color":"var(--ast-global-color-5)","background-image":"","background-repeat":"repeat","background-position":"center center","background-size":"auto","background-attachment":"scroll","background-type":"","background-media":"","overlay-type":"","overlay-color":"","overlay-opacity":"","overlay-gradient":""},"tablet":{"background-color":"var(--ast-global-color-5)","background-image":"","background-repeat":"repeat","background-position":"center center","background-size":"auto","background-attachment":"scroll","background-type":"","background-media":"","overlay-type":"","overlay-color":"","overlay-opacity":"","overlay-gradient":""},"mobile":{"background-color":"var(--ast-global-color-5)","background-image":"","background-repeat":"repeat","background-position":"center center","background-size":"auto","background-attachment":"scroll","background-type":"","background-media":"","overlay-type":"","overlay-color":"","overlay-opacity":"","overlay-gradient":""}},"footnotes":""},"categories":[11],"tags":[],"class_list":["post-3502","post","type-post","status-publish","format-standard","hentry","category-promocio-2009-6e-curs-2020-21"],"post_mailing_queue_ids":[],"_links":{"self":[{"href":"https:\/\/agora.xtec.cat\/ceipflama\/wp-json\/wp\/v2\/posts\/3502","targetHints":{"allow":["GET"]}}],"collection":[{"href":"https:\/\/agora.xtec.cat\/ceipflama\/wp-json\/wp\/v2\/posts"}],"about":[{"href":"https:\/\/agora.xtec.cat\/ceipflama\/wp-json\/wp\/v2\/types\/post"}],"author":[{"embeddable":true,"href":"https:\/\/agora.xtec.cat\/ceipflama\/wp-json\/wp\/v2\/users\/1"}],"replies":[{"embeddable":true,"href":"https:\/\/agora.xtec.cat\/ceipflama\/wp-json\/wp\/v2\/comments?post=3502"}],"version-history":[{"count":2,"href":"https:\/\/agora.xtec.cat\/ceipflama\/wp-json\/wp\/v2\/posts\/3502\/revisions"}],"predecessor-version":[{"id":3504,"href":"https:\/\/agora.xtec.cat\/ceipflama\/wp-json\/wp\/v2\/posts\/3502\/revisions\/3504"}],"wp:attachment":[{"href":"https:\/\/agora.xtec.cat\/ceipflama\/wp-json\/wp\/v2\/media?parent=3502"}],"wp:term":[{"taxonomy":"category","embeddable":true,"href":"https:\/\/agora.xtec.cat\/ceipflama\/wp-json\/wp\/v2\/categories?post=3502"},{"taxonomy":"post_tag","embeddable":true,"href":"https:\/\/agora.xtec.cat\/ceipflama\/wp-json\/wp\/v2\/tags?post=3502"}],"curies":[{"name":"wp","href":"https:\/\/api.w.org\/{rel}","templated":true}]}}