{"id":3480,"date":"2017-08-31T18:46:49","date_gmt":"2017-08-31T16:46:49","guid":{"rendered":"http:\/\/agora.xtec.cat\/ceipflama\/?p=3480"},"modified":"2017-09-28T19:03:40","modified_gmt":"2017-09-28T17:03:40","slug":"comenca-el-curs-1718","status":"publish","type":"post","link":"https:\/\/agora.xtec.cat\/ceipflama\/portada\/comenca-el-curs-1718\/","title":{"rendered":"COMEN\u00c7A EL CURS 17\/18"},"content":{"rendered":"<p><a href=\"http:\/\/agora.xtec.cat\/ceipflama\/wp-content\/uploads\/usu1313\/2017\/08\/IMG_0612-2-c\u00f2pia.jpg\"><img loading=\"lazy\" decoding=\"async\" class=\"alignnone wp-image-3481\" src=\"http:\/\/agora.xtec.cat\/ceipflama\/wp-content\/uploads\/usu1313\/2017\/08\/IMG_0612-2-c\u00f2pia.jpg\" alt=\"\" width=\"556\" height=\"393\" srcset=\"https:\/\/agora.xtec.cat\/ceipflama\/wp-content\/uploads\/usu1313\/2017\/08\/IMG_0612-2-c\u00f2pia.jpg 640w, https:\/\/agora.xtec.cat\/ceipflama\/wp-content\/uploads\/usu1313\/2017\/08\/IMG_0612-2-c\u00f2pia-300x212.jpg 300w\" sizes=\"auto, (max-width: 556px) 100vw, 556px\" \/><\/a><\/p>\n<p style=\"text-align: justify;\">Compartim aquesta imatge de Joan Turu per donar inici al nou curs escolar, el curs 2017\/18. Aquest any, m\u00e9s que mai, hem de continuar treballant tots junts (escola i fam\u00edlies) per la solidaritat, el companyerisme, el respecte, la no viol\u00e8ncia i la bona entesa entre tots.<\/p>\n<p style=\"text-align: justify;\">Durant la setmana vinent trobareu informaci\u00f3 a la p\u00e0gina web de l&#8217;escola sobre els nous projectes que iniciarem aquest curs. Podreu fer-ne una lectura al Men\u00fa ( apartat Informaci\u00f3).<\/p>\n<p style=\"text-align: justify;\">Tamb\u00e9 sobre les beques del Departament d&#8217;Ensenyament pels alumnes amb Necessitats Educatives Especials. I sobre el quadre pedag\u00f2gic d&#8217;aquest curs.<\/p>\n<p style=\"text-align: justify;\">A partir de dem\u00e0, divendres dia 1, ens podeu trobar a l&#8217;escola.<\/p>\n<p style=\"text-align: justify;\">Aprofitem per recordar-vos que entra en funcionament el nou telefon de l&#8217;AMPA: <span style=\"color: #ff0000;\">93.878.40.25<\/span> a partir de dem\u00e0.<\/p>\n<h5 style=\"text-align: justify;\">Us donem la BENVINGUDA al nou curs escolar!<\/h5>\n","protected":false},"excerpt":{"rendered":"<p>Compartim aquesta imatge de Joan Turu per donar inici al nou curs escolar, el curs 2017\/18. Aquest any, m\u00e9s que mai, hem de continuar treballant tots junts (escola i fam\u00edlies) per la solidaritat, el companyerisme, el respecte, la no viol\u00e8ncia i la bona entesa entre tots. Durant la setmana vinent trobareu informaci\u00f3 a la p\u00e0gina [&hellip;]<\/p>\n","protected":false},"author":1,"featured_media":0,"comment_status":"open","ping_status":"closed","sticky":false,"template":"","format":"standard","meta":{"_bbp_topic_count":0,"_bbp_reply_count":0,"_bbp_total_topic_count":0,"_bbp_total_reply_count":0,"_bbp_voice_count":0,"_bbp_anonymous_reply_count":0,"_bbp_topic_count_hidden":0,"_bbp_reply_count_hidden":0,"_bbp_forum_subforum_count":0,"site-sidebar-layout":"default","site-content-layout":"","ast-site-content-layout":"","site-content-style":"default","site-sidebar-style":"default","ast-global-header-display":"","ast-banner-title-visibility":"","ast-main-header-display":"","ast-hfb-above-header-display":"","ast-hfb-below-header-display":"","ast-hfb-mobile-header-display":"","site-post-title":"","ast-breadcrumbs-content":"","ast-featured-img":"","footer-sml-layout":"","theme-transparent-header-meta":"","adv-header-id-meta":"","stick-header-meta":"","header-above-stick-meta":"","header-main-stick-meta":"","header-below-stick-meta":"","astra-migrate-meta-layouts":"default","ast-page-background-enabled":"default","ast-page-background-meta":{"desktop":{"background-color":"var(--ast-global-color-4)","background-image":"","background-repeat":"repeat","background-position":"center center","background-size":"auto","background-attachment":"scroll","background-type":"","background-media":"","overlay-type":"","overlay-color":"","overlay-opacity":"","overlay-gradient":""},"tablet":{"background-color":"","background-image":"","background-repeat":"repeat","background-position":"center center","background-size":"auto","background-attachment":"scroll","background-type":"","background-media":"","overlay-type":"","overlay-color":"","overlay-opacity":"","overlay-gradient":""},"mobile":{"background-color":"","background-image":"","background-repeat":"repeat","background-position":"center center","background-size":"auto","background-attachment":"scroll","background-type":"","background-media":"","overlay-type":"","overlay-color":"","overlay-opacity":"","overlay-gradient":""}},"ast-content-background-meta":{"desktop":{"background-color":"var(--ast-global-color-5)","background-image":"","background-repeat":"repeat","background-position":"center center","background-size":"auto","background-attachment":"scroll","background-type":"","background-media":"","overlay-type":"","overlay-color":"","overlay-opacity":"","overlay-gradient":""},"tablet":{"background-color":"var(--ast-global-color-5)","background-image":"","background-repeat":"repeat","background-position":"center center","background-size":"auto","background-attachment":"scroll","background-type":"","background-media":"","overlay-type":"","overlay-color":"","overlay-opacity":"","overlay-gradient":""},"mobile":{"background-color":"var(--ast-global-color-5)","background-image":"","background-repeat":"repeat","background-position":"center center","background-size":"auto","background-attachment":"scroll","background-type":"","background-media":"","overlay-type":"","overlay-color":"","overlay-opacity":"","overlay-gradient":""}},"footnotes":""},"categories":[4],"tags":[],"class_list":["post-3480","post","type-post","status-publish","format-standard","hentry","category-portada"],"post_mailing_queue_ids":[],"_links":{"self":[{"href":"https:\/\/agora.xtec.cat\/ceipflama\/wp-json\/wp\/v2\/posts\/3480","targetHints":{"allow":["GET"]}}],"collection":[{"href":"https:\/\/agora.xtec.cat\/ceipflama\/wp-json\/wp\/v2\/posts"}],"about":[{"href":"https:\/\/agora.xtec.cat\/ceipflama\/wp-json\/wp\/v2\/types\/post"}],"author":[{"embeddable":true,"href":"https:\/\/agora.xtec.cat\/ceipflama\/wp-json\/wp\/v2\/users\/1"}],"replies":[{"embeddable":true,"href":"https:\/\/agora.xtec.cat\/ceipflama\/wp-json\/wp\/v2\/comments?post=3480"}],"version-history":[{"count":3,"href":"https:\/\/agora.xtec.cat\/ceipflama\/wp-json\/wp\/v2\/posts\/3480\/revisions"}],"predecessor-version":[{"id":3485,"href":"https:\/\/agora.xtec.cat\/ceipflama\/wp-json\/wp\/v2\/posts\/3480\/revisions\/3485"}],"wp:attachment":[{"href":"https:\/\/agora.xtec.cat\/ceipflama\/wp-json\/wp\/v2\/media?parent=3480"}],"wp:term":[{"taxonomy":"category","embeddable":true,"href":"https:\/\/agora.xtec.cat\/ceipflama\/wp-json\/wp\/v2\/categories?post=3480"},{"taxonomy":"post_tag","embeddable":true,"href":"https:\/\/agora.xtec.cat\/ceipflama\/wp-json\/wp\/v2\/tags?post=3480"}],"curies":[{"name":"wp","href":"https:\/\/api.w.org\/{rel}","templated":true}]}}