{"id":3126,"date":"2017-05-02T17:38:15","date_gmt":"2017-05-02T15:38:15","guid":{"rendered":"http:\/\/agora.xtec.cat\/ceipflama\/?p=3126"},"modified":"2017-05-02T17:39:32","modified_gmt":"2017-05-02T15:39:32","slug":"celebracio-de-sant-jordi","status":"publish","type":"post","link":"https:\/\/agora.xtec.cat\/ceipflama\/promocio-2009-6e-curs-2020-21\/celebracio-de-sant-jordi\/","title":{"rendered":"Celebraci\u00f3 de Sant Jordi"},"content":{"rendered":"<p style=\"text-align: justify;\">El dilluns 24 vam celebrar Sant Jordi. Vam fer v\u00e0ries activitats per gaudir del dia del llibre i la rosa: Intercanvi de llibres, gimcana al bosquet amb els companys de cicle inicial, presentaci\u00f3 de llibres nous comprats per l&#8217;escola, revisi\u00f3 dels llibres de Sant Jordi fets pels companys&#8230; Si cliqueu <a href=\"https:\/\/goo.gl\/photos\/kXKHbmv4pJ6Yi2i59\">aqu\u00ed<\/a>\u00a0podreu veure&#8217;n les fotos. Ja veureu que ho vam gaudir de valent!<\/p>\n<p><img loading=\"lazy\" decoding=\"async\" class=\"alignnone\" src=\"https:\/\/lh3.googleusercontent.com\/2naymqc_3O1-2nJ0bYTM17sOI_6viTai8fky0SoHaDwwUNag73VOKrdXniBN5shOlECXfm3se6_Y2HYrZL6EVLuqS5hJgkT2ftb9OWdS1B7XAE670CEoA07Zm-JHZVRxdq9IjH51qsR5q1KuG-wtn64g-b99m-0YZZ6u_DIa9ebv2si_YnTmiUsRnWmWL66g0-ghnpu4usL-OEYsTcjvKdqBMt5f-9yQuJ4jt-vLMoWSNR3wiQyMoSjnU2m0PJbPqfF08gIsmIOuFOK07nNIlvBCqyH85IN1t6m3tyUy-pOYXnlB953A5wtJXzi05LxSNYZGT5joq_6kwia12aA9rdcB_vaARRCPwo_241tYlDgEz7sFyMJShHjJ0LJZUZgUyG7wQe2SlegvmWB1USaXycbUiXQdt8StOzVbXg86A-lv0vUWF1ukdyN0DyZkZAc_5kHPUz70aJey6RCZHXxnJXqvaBeEcZ7fPOOHvhdhYi6uH7jBnxxsU4nKTK_QjIccA1ZwX3KvLSKjqSRml0AeAtSLuBd2UxuPxEaWwqeeBndfKopclzUzgSw1T_Meb5EQsHCe09HvQuED9wp_3IBRgewo5uWJ23zn0cN-pySZMOva8NIt=w1181-h662-no\" width=\"1181\" height=\"662\" \/><\/p>\n<p>&nbsp;<\/p>\n<p>&nbsp;<\/p>\n","protected":false},"excerpt":{"rendered":"<p>El dilluns 24 vam celebrar Sant Jordi. Vam fer v\u00e0ries activitats per gaudir del dia del llibre i la rosa: Intercanvi de llibres, gimcana al bosquet amb els companys de cicle inicial, presentaci\u00f3 de llibres nous comprats per l&#8217;escola, revisi\u00f3 dels llibres de Sant Jordi fets pels companys&#8230; Si cliqueu aqu\u00ed\u00a0podreu veure&#8217;n les fotos. Ja [&hellip;]<\/p>\n","protected":false},"author":1,"featured_media":0,"comment_status":"open","ping_status":"open","sticky":false,"template":"","format":"standard","meta":{"_bbp_topic_count":0,"_bbp_reply_count":0,"_bbp_total_topic_count":0,"_bbp_total_reply_count":0,"_bbp_voice_count":0,"_bbp_anonymous_reply_count":0,"_bbp_topic_count_hidden":0,"_bbp_reply_count_hidden":0,"_bbp_forum_subforum_count":0,"site-sidebar-layout":"default","site-content-layout":"","ast-site-content-layout":"","site-content-style":"default","site-sidebar-style":"default","ast-global-header-display":"","ast-banner-title-visibility":"","ast-main-header-display":"","ast-hfb-above-header-display":"","ast-hfb-below-header-display":"","ast-hfb-mobile-header-display":"","site-post-title":"","ast-breadcrumbs-content":"","ast-featured-img":"","footer-sml-layout":"","theme-transparent-header-meta":"","adv-header-id-meta":"","stick-header-meta":"","header-above-stick-meta":"","header-main-stick-meta":"","header-below-stick-meta":"","astra-migrate-meta-layouts":"default","ast-page-background-enabled":"default","ast-page-background-meta":{"desktop":{"background-color":"var(--ast-global-color-4)","background-image":"","background-repeat":"repeat","background-position":"center center","background-size":"auto","background-attachment":"scroll","background-type":"","background-media":"","overlay-type":"","overlay-color":"","overlay-opacity":"","overlay-gradient":""},"tablet":{"background-color":"","background-image":"","background-repeat":"repeat","background-position":"center center","background-size":"auto","background-attachment":"scroll","background-type":"","background-media":"","overlay-type":"","overlay-color":"","overlay-opacity":"","overlay-gradient":""},"mobile":{"background-color":"","background-image":"","background-repeat":"repeat","background-position":"center center","background-size":"auto","background-attachment":"scroll","background-type":"","background-media":"","overlay-type":"","overlay-color":"","overlay-opacity":"","overlay-gradient":""}},"ast-content-background-meta":{"desktop":{"background-color":"var(--ast-global-color-5)","background-image":"","background-repeat":"repeat","background-position":"center center","background-size":"auto","background-attachment":"scroll","background-type":"","background-media":"","overlay-type":"","overlay-color":"","overlay-opacity":"","overlay-gradient":""},"tablet":{"background-color":"var(--ast-global-color-5)","background-image":"","background-repeat":"repeat","background-position":"center center","background-size":"auto","background-attachment":"scroll","background-type":"","background-media":"","overlay-type":"","overlay-color":"","overlay-opacity":"","overlay-gradient":""},"mobile":{"background-color":"var(--ast-global-color-5)","background-image":"","background-repeat":"repeat","background-position":"center center","background-size":"auto","background-attachment":"scroll","background-type":"","background-media":"","overlay-type":"","overlay-color":"","overlay-opacity":"","overlay-gradient":""}},"footnotes":""},"categories":[11],"tags":[],"class_list":["post-3126","post","type-post","status-publish","format-standard","hentry","category-promocio-2009-6e-curs-2020-21"],"post_mailing_queue_ids":[],"_links":{"self":[{"href":"https:\/\/agora.xtec.cat\/ceipflama\/wp-json\/wp\/v2\/posts\/3126","targetHints":{"allow":["GET"]}}],"collection":[{"href":"https:\/\/agora.xtec.cat\/ceipflama\/wp-json\/wp\/v2\/posts"}],"about":[{"href":"https:\/\/agora.xtec.cat\/ceipflama\/wp-json\/wp\/v2\/types\/post"}],"author":[{"embeddable":true,"href":"https:\/\/agora.xtec.cat\/ceipflama\/wp-json\/wp\/v2\/users\/1"}],"replies":[{"embeddable":true,"href":"https:\/\/agora.xtec.cat\/ceipflama\/wp-json\/wp\/v2\/comments?post=3126"}],"version-history":[{"count":2,"href":"https:\/\/agora.xtec.cat\/ceipflama\/wp-json\/wp\/v2\/posts\/3126\/revisions"}],"predecessor-version":[{"id":3128,"href":"https:\/\/agora.xtec.cat\/ceipflama\/wp-json\/wp\/v2\/posts\/3126\/revisions\/3128"}],"wp:attachment":[{"href":"https:\/\/agora.xtec.cat\/ceipflama\/wp-json\/wp\/v2\/media?parent=3126"}],"wp:term":[{"taxonomy":"category","embeddable":true,"href":"https:\/\/agora.xtec.cat\/ceipflama\/wp-json\/wp\/v2\/categories?post=3126"},{"taxonomy":"post_tag","embeddable":true,"href":"https:\/\/agora.xtec.cat\/ceipflama\/wp-json\/wp\/v2\/tags?post=3126"}],"curies":[{"name":"wp","href":"https:\/\/api.w.org\/{rel}","templated":true}]}}