{"id":22686,"date":"2026-04-23T08:50:31","date_gmt":"2026-04-23T06:50:31","guid":{"rendered":"https:\/\/agora.xtec.cat\/ceipflama\/?p=22686"},"modified":"2026-04-23T07:23:40","modified_gmt":"2026-04-23T05:23:40","slug":"%f0%9f%8c%b9%f0%9f%93%96-els-nostres-microrelats-de-sant-jordi","status":"publish","type":"post","link":"https:\/\/agora.xtec.cat\/ceipflama\/promocio-2015\/%f0%9f%8c%b9%f0%9f%93%96-els-nostres-microrelats-de-sant-jordi\/","title":{"rendered":"\ud83c\udf39\ud83d\udcd6 ELS NOSTRES MICRORELATS DE SANT JORDI"},"content":{"rendered":"<p data-start=\"132\" data-end=\"347\">Com cada any, els alumnes de <strong data-start=\"161\" data-end=\"179\">P5 de l\u2019escola<\/strong> som els encarregats d\u2019elaborar els <strong data-start=\"215\" data-end=\"244\">microrelats de Sant Jordi<\/strong>. Aquestes hist\u00f2ries les presentem al <strong data-start=\"282\" data-end=\"303\">certamen literari<\/strong> que celebrem el mateix dia de Sant Jordi.<\/p>\n<p data-start=\"349\" data-end=\"468\">Hem estat treballant molt per imaginar, escriure i millorar els nostres relats, i estem molt contents del resultat! \u2728<\/p>\n<p data-start=\"470\" data-end=\"595\">Perqu\u00e8 les fam\u00edlies els pugueu llegir, us deixem aqu\u00ed <strong data-start=\"524\" data-end=\"567\">el recull de microrelats de cada classe<\/strong> en format llibre digital.<\/p>\n<p data-start=\"597\" data-end=\"632\">Esperem que us agradin molt! \ud83c\udf39\ud83d\udcda<\/p>\n<p><iframe loading=\"lazy\" src=\"https:\/\/flipbook.so\/embed\/btsN0rzf2pgvlqDijRPe\" width=\"100%\" height=\"600\" frameborder=\"0\" allowfullscreen=\"allowfullscreen\"><\/iframe><iframe loading=\"lazy\" src=\"https:\/\/flipbook.so\/embed\/czbTOxiyLfK3YB7UES8M\" width=\"100%\" height=\"600\" frameborder=\"0\" allowfullscreen=\"allowfullscreen\"><\/iframe><\/p>\n","protected":false},"excerpt":{"rendered":"<p>Com cada any, els alumnes de P5 de l\u2019escola som els encarregats d\u2019elaborar els microrelats de Sant Jordi. Aquestes hist\u00f2ries les presentem al certamen literari que celebrem el mateix dia de Sant Jordi. Hem estat treballant molt per imaginar, escriure i millorar els nostres relats, i estem molt contents del resultat! \u2728 Perqu\u00e8 les fam\u00edlies [&hellip;]<\/p>\n","protected":false},"author":123,"featured_media":22688,"comment_status":"closed","ping_status":"open","sticky":false,"template":"","format":"standard","meta":{"_bbp_topic_count":0,"_bbp_reply_count":0,"_bbp_total_topic_count":0,"_bbp_total_reply_count":0,"_bbp_voice_count":0,"_bbp_anonymous_reply_count":0,"_bbp_topic_count_hidden":0,"_bbp_reply_count_hidden":0,"_bbp_forum_subforum_count":0,"site-sidebar-layout":"default","site-content-layout":"","ast-site-content-layout":"default","site-content-style":"default","site-sidebar-style":"default","ast-global-header-display":"","ast-banner-title-visibility":"","ast-main-header-display":"","ast-hfb-above-header-display":"","ast-hfb-below-header-display":"","ast-hfb-mobile-header-display":"","site-post-title":"","ast-breadcrumbs-content":"","ast-featured-img":"","footer-sml-layout":"","theme-transparent-header-meta":"default","adv-header-id-meta":"","stick-header-meta":"","header-above-stick-meta":"","header-main-stick-meta":"","header-below-stick-meta":"","astra-migrate-meta-layouts":"set","ast-page-background-enabled":"default","ast-page-background-meta":{"desktop":{"background-color":"var(--ast-global-color-4)","background-image":"","background-repeat":"repeat","background-position":"center center","background-size":"auto","background-attachment":"scroll","background-type":"","background-media":"","overlay-type":"","overlay-color":"","overlay-opacity":"","overlay-gradient":""},"tablet":{"background-color":"","background-image":"","background-repeat":"repeat","background-position":"center center","background-size":"auto","background-attachment":"scroll","background-type":"","background-media":"","overlay-type":"","overlay-color":"","overlay-opacity":"","overlay-gradient":""},"mobile":{"background-color":"","background-image":"","background-repeat":"repeat","background-position":"center center","background-size":"auto","background-attachment":"scroll","background-type":"","background-media":"","overlay-type":"","overlay-color":"","overlay-opacity":"","overlay-gradient":""}},"ast-content-background-meta":{"desktop":{"background-color":"var(--ast-global-color-5)","background-image":"","background-repeat":"repeat","background-position":"center center","background-size":"auto","background-attachment":"scroll","background-type":"","background-media":"","overlay-type":"","overlay-color":"","overlay-opacity":"","overlay-gradient":""},"tablet":{"background-color":"var(--ast-global-color-5)","background-image":"","background-repeat":"repeat","background-position":"center center","background-size":"auto","background-attachment":"scroll","background-type":"","background-media":"","overlay-type":"","overlay-color":"","overlay-opacity":"","overlay-gradient":""},"mobile":{"background-color":"var(--ast-global-color-5)","background-image":"","background-repeat":"repeat","background-position":"center center","background-size":"auto","background-attachment":"scroll","background-type":"","background-media":"","overlay-type":"","overlay-color":"","overlay-opacity":"","overlay-gradient":""}},"footnotes":""},"categories":[82],"tags":[],"class_list":["post-22686","post","type-post","status-publish","format-standard","has-post-thumbnail","hentry","category-promocio-2015"],"post_mailing_queue_ids":[],"_links":{"self":[{"href":"https:\/\/agora.xtec.cat\/ceipflama\/wp-json\/wp\/v2\/posts\/22686","targetHints":{"allow":["GET"]}}],"collection":[{"href":"https:\/\/agora.xtec.cat\/ceipflama\/wp-json\/wp\/v2\/posts"}],"about":[{"href":"https:\/\/agora.xtec.cat\/ceipflama\/wp-json\/wp\/v2\/types\/post"}],"author":[{"embeddable":true,"href":"https:\/\/agora.xtec.cat\/ceipflama\/wp-json\/wp\/v2\/users\/123"}],"replies":[{"embeddable":true,"href":"https:\/\/agora.xtec.cat\/ceipflama\/wp-json\/wp\/v2\/comments?post=22686"}],"version-history":[{"count":3,"href":"https:\/\/agora.xtec.cat\/ceipflama\/wp-json\/wp\/v2\/posts\/22686\/revisions"}],"predecessor-version":[{"id":22691,"href":"https:\/\/agora.xtec.cat\/ceipflama\/wp-json\/wp\/v2\/posts\/22686\/revisions\/22691"}],"wp:featuredmedia":[{"embeddable":true,"href":"https:\/\/agora.xtec.cat\/ceipflama\/wp-json\/wp\/v2\/media\/22688"}],"wp:attachment":[{"href":"https:\/\/agora.xtec.cat\/ceipflama\/wp-json\/wp\/v2\/media?parent=22686"}],"wp:term":[{"taxonomy":"category","embeddable":true,"href":"https:\/\/agora.xtec.cat\/ceipflama\/wp-json\/wp\/v2\/categories?post=22686"},{"taxonomy":"post_tag","embeddable":true,"href":"https:\/\/agora.xtec.cat\/ceipflama\/wp-json\/wp\/v2\/tags?post=22686"}],"curies":[{"name":"wp","href":"https:\/\/api.w.org\/{rel}","templated":true}]}}