{"id":22250,"date":"2025-12-12T13:42:29","date_gmt":"2025-12-12T12:42:29","guid":{"rendered":"https:\/\/agora.xtec.cat\/ceipflama\/?p=22250"},"modified":"2025-12-12T13:42:29","modified_gmt":"2025-12-12T12:42:29","slug":"iniciem-la-radio-a-lescola-flama","status":"publish","type":"post","link":"https:\/\/agora.xtec.cat\/ceipflama\/portada\/iniciem-la-radio-a-lescola-flama\/","title":{"rendered":"INICIEM LA R\u00c0DIO A L&#8217;ESCOLA FLAMA"},"content":{"rendered":"<p>A l\u2019Escola Flama estem molt il\u00b7lusionats d\u2019anunciar que l\u2019alumnat de P4 posa en marxa un nou projecte comunicatiu: la r\u00e0dio!<\/p>\n<p>Un espai creat pels infants, on podran desenvolupar la seva expressi\u00f3 oral, descobrir el m\u00f3n de la comunicaci\u00f3 i compartir hist\u00f2ries, entrevistes i viv\u00e8ncies amb tota la comunitat educativa.<\/p>\n<p>Per inaugurar aquest projecte, comencem amb un primer episodi molt especial:<\/p>\n<p>\ud83c\udfa7 Una entrevista a l\u2019\u00darsula, mestra i escriptora de l\u2019escola, que ens explicar\u00e0 el seu proc\u00e9s creatiu, qu\u00e8 la inspira i com viu l\u2019experi\u00e8ncia d\u2019escriure i educar.<\/p>\n<p>Ha estat una conversa plena de curiositats, aprenentatges i preguntes fant\u00e0stiques formulades per l\u2019alumnat.<\/p>\n<p>Us convidem a escoltar-lo i a seguir de prop aquesta nova aventura sonora que tot just comencem.<\/p>\n<p>Benvinguts i benvingudes al \u201cPodcast de l\u2019alumnat de 4t de Prim\u00e0ria de l\u2019Escola Flama\u201d! \ud83d\udd0a\u2728<\/p>\n<p><a href=\"https:\/\/drive.google.com\/file\/d\/1DhW-FbHt95cwVHjhI76Ehu7zBbUOk4Sp\/view?usp=drive_link\"><img loading=\"lazy\" decoding=\"async\" class=\"wp-image-22251 aligncenter\" src=\"https:\/\/agora.xtec.cat\/ceipflama\/wp-content\/uploads\/usu1313\/2025\/12\/Diseno-sin-titulo-1.jpg\" alt=\"\" width=\"392\" height=\"392\" srcset=\"https:\/\/agora.xtec.cat\/ceipflama\/wp-content\/uploads\/usu1313\/2025\/12\/Diseno-sin-titulo-1.jpg 1024w, https:\/\/agora.xtec.cat\/ceipflama\/wp-content\/uploads\/usu1313\/2025\/12\/Diseno-sin-titulo-1-300x300.jpg 300w, https:\/\/agora.xtec.cat\/ceipflama\/wp-content\/uploads\/usu1313\/2025\/12\/Diseno-sin-titulo-1-150x150.jpg 150w, https:\/\/agora.xtec.cat\/ceipflama\/wp-content\/uploads\/usu1313\/2025\/12\/Diseno-sin-titulo-1-768x768.jpg 768w\" sizes=\"auto, (max-width: 392px) 100vw, 392px\" \/><\/a><\/p>\n","protected":false},"excerpt":{"rendered":"<p>A l\u2019Escola Flama estem molt il\u00b7lusionats d\u2019anunciar que l\u2019alumnat de P4 posa en marxa un nou projecte comunicatiu: la r\u00e0dio! Un espai creat pels infants, on podran desenvolupar la seva expressi\u00f3 oral, descobrir el m\u00f3n de la comunicaci\u00f3 i compartir hist\u00f2ries, entrevistes i viv\u00e8ncies amb tota la comunitat educativa. Per inaugurar aquest projecte, comencem amb [&hellip;]<\/p>\n","protected":false},"author":114,"featured_media":22251,"comment_status":"closed","ping_status":"open","sticky":false,"template":"","format":"standard","meta":{"_bbp_topic_count":0,"_bbp_reply_count":0,"_bbp_total_topic_count":0,"_bbp_total_reply_count":0,"_bbp_voice_count":0,"_bbp_anonymous_reply_count":0,"_bbp_topic_count_hidden":0,"_bbp_reply_count_hidden":0,"_bbp_forum_subforum_count":0,"site-sidebar-layout":"default","site-content-layout":"","ast-site-content-layout":"default","site-content-style":"default","site-sidebar-style":"default","ast-global-header-display":"","ast-banner-title-visibility":"","ast-main-header-display":"","ast-hfb-above-header-display":"","ast-hfb-below-header-display":"","ast-hfb-mobile-header-display":"","site-post-title":"","ast-breadcrumbs-content":"","ast-featured-img":"","footer-sml-layout":"","theme-transparent-header-meta":"default","adv-header-id-meta":"","stick-header-meta":"","header-above-stick-meta":"","header-main-stick-meta":"","header-below-stick-meta":"","astra-migrate-meta-layouts":"set","ast-page-background-enabled":"default","ast-page-background-meta":{"desktop":{"background-color":"var(--ast-global-color-4)","background-image":"","background-repeat":"repeat","background-position":"center center","background-size":"auto","background-attachment":"scroll","background-type":"","background-media":"","overlay-type":"","overlay-color":"","overlay-opacity":"","overlay-gradient":""},"tablet":{"background-color":"","background-image":"","background-repeat":"repeat","background-position":"center center","background-size":"auto","background-attachment":"scroll","background-type":"","background-media":"","overlay-type":"","overlay-color":"","overlay-opacity":"","overlay-gradient":""},"mobile":{"background-color":"","background-image":"","background-repeat":"repeat","background-position":"center center","background-size":"auto","background-attachment":"scroll","background-type":"","background-media":"","overlay-type":"","overlay-color":"","overlay-opacity":"","overlay-gradient":""}},"ast-content-background-meta":{"desktop":{"background-color":"var(--ast-global-color-5)","background-image":"","background-repeat":"repeat","background-position":"center center","background-size":"auto","background-attachment":"scroll","background-type":"","background-media":"","overlay-type":"","overlay-color":"","overlay-opacity":"","overlay-gradient":""},"tablet":{"background-color":"var(--ast-global-color-5)","background-image":"","background-repeat":"repeat","background-position":"center center","background-size":"auto","background-attachment":"scroll","background-type":"","background-media":"","overlay-type":"","overlay-color":"","overlay-opacity":"","overlay-gradient":""},"mobile":{"background-color":"var(--ast-global-color-5)","background-image":"","background-repeat":"repeat","background-position":"center center","background-size":"auto","background-attachment":"scroll","background-type":"","background-media":"","overlay-type":"","overlay-color":"","overlay-opacity":"","overlay-gradient":""}},"footnotes":""},"categories":[4],"tags":[],"class_list":["post-22250","post","type-post","status-publish","format-standard","has-post-thumbnail","hentry","category-portada"],"post_mailing_queue_ids":[],"_links":{"self":[{"href":"https:\/\/agora.xtec.cat\/ceipflama\/wp-json\/wp\/v2\/posts\/22250","targetHints":{"allow":["GET"]}}],"collection":[{"href":"https:\/\/agora.xtec.cat\/ceipflama\/wp-json\/wp\/v2\/posts"}],"about":[{"href":"https:\/\/agora.xtec.cat\/ceipflama\/wp-json\/wp\/v2\/types\/post"}],"author":[{"embeddable":true,"href":"https:\/\/agora.xtec.cat\/ceipflama\/wp-json\/wp\/v2\/users\/114"}],"replies":[{"embeddable":true,"href":"https:\/\/agora.xtec.cat\/ceipflama\/wp-json\/wp\/v2\/comments?post=22250"}],"version-history":[{"count":1,"href":"https:\/\/agora.xtec.cat\/ceipflama\/wp-json\/wp\/v2\/posts\/22250\/revisions"}],"predecessor-version":[{"id":22252,"href":"https:\/\/agora.xtec.cat\/ceipflama\/wp-json\/wp\/v2\/posts\/22250\/revisions\/22252"}],"wp:featuredmedia":[{"embeddable":true,"href":"https:\/\/agora.xtec.cat\/ceipflama\/wp-json\/wp\/v2\/media\/22251"}],"wp:attachment":[{"href":"https:\/\/agora.xtec.cat\/ceipflama\/wp-json\/wp\/v2\/media?parent=22250"}],"wp:term":[{"taxonomy":"category","embeddable":true,"href":"https:\/\/agora.xtec.cat\/ceipflama\/wp-json\/wp\/v2\/categories?post=22250"},{"taxonomy":"post_tag","embeddable":true,"href":"https:\/\/agora.xtec.cat\/ceipflama\/wp-json\/wp\/v2\/tags?post=22250"}],"curies":[{"name":"wp","href":"https:\/\/api.w.org\/{rel}","templated":true}]}}